{"id":745582,"date":"2026-09-03T14:18:18","date_gmt":"2026-09-03T14:18:18","guid":{"rendered":"https:\/\/www.europesays.com\/es\/745582\/"},"modified":"2026-09-03T14:18:18","modified_gmt":"2026-09-03T14:18:18","slug":"campeonato-de-espana-de-ajedrez-analisis-de-ajedrez-marta-garcia-tricampeona-de-espana-femenina-a-los-26-anos-partidas-de-ajedrez","status":"publish","type":"post","link":"https:\/\/www.europesays.com\/es\/745582\/","title":{"rendered":"Campeonato de Espa\u00f1a de ajedrez: An\u00e1lisis de ajedrez | Marta Garc\u00eda, tricampeona de Espa\u00f1a femenina a los 26 a\u00f1os | Partidas de Ajedrez"},"content":{"rendered":"<p>Ver biograf\u00eda<\/p>\n<p>Periodista especializado en ajedrez, en EL PA\u00cdS desde 1985. Ha dado conferencias (y formado a m\u00e1s de 30.000 maestros en ajedrez educativo) en 30 pa\u00edses. Autor de &#8216;Ajedrez y ciencia, pasiones mezcladas&#8217;. Consejero de la Federaci\u00f3n Internacional de Ajedrez (FIDE) para ajedrez educativo. Medalla al M\u00e9rito Deportivo del Gobierno de Espa\u00f1a (2011).<\/p>\n","protected":false},"excerpt":{"rendered":"Ver biograf\u00eda Periodista especializado en ajedrez, en EL PA\u00cdS desde 1985. Ha dado conferencias (y formado a m\u00e1s&hellip;\n","protected":false},"author":2,"featured_media":745583,"comment_status":"","ping_status":"","sticky":false,"template":"","format":"standard","meta":{"footnotes":""},"categories":[93],"tags":[89762,1130,168,25,24,63767,54492,54491,783,51385,54493,23,167],"class_list":["post-745582","post","type-post","status-publish","format-standard","has-post-thumbnail","category-deportes","tag-campeonato-espana","tag-deporte-femenino","tag-deportes","tag-es","tag-espana","tag-feda","tag-fide","tag-jugadores-ajedrez","tag-linares","tag-noticias-de-ajedrez","tag-ranking-fide","tag-spain","tag-sports"],"share_on_mastodon":{"url":"https:\/\/pubeurope.com\/@es\/117207545145628100","error":""},"_links":{"self":[{"href":"https:\/\/www.europesays.com\/es\/wp-json\/wp\/v2\/posts\/745582","targetHints":{"allow":["GET"]}}],"collection":[{"href":"https:\/\/www.europesays.com\/es\/wp-json\/wp\/v2\/posts"}],"about":[{"href":"https:\/\/www.europesays.com\/es\/wp-json\/wp\/v2\/types\/post"}],"author":[{"embeddable":true,"href":"https:\/\/www.europesays.com\/es\/wp-json\/wp\/v2\/users\/2"}],"replies":[{"embeddable":true,"href":"https:\/\/www.europesays.com\/es\/wp-json\/wp\/v2\/comments?post=745582"}],"version-history":[{"count":0,"href":"https:\/\/www.europesays.com\/es\/wp-json\/wp\/v2\/posts\/745582\/revisions"}],"wp:featuredmedia":[{"embeddable":true,"href":"https:\/\/www.europesays.com\/es\/wp-json\/wp\/v2\/media\/745583"}],"wp:attachment":[{"href":"https:\/\/www.europesays.com\/es\/wp-json\/wp\/v2\/media?parent=745582"}],"wp:term":[{"taxonomy":"category","embeddable":true,"href":"https:\/\/www.europesays.com\/es\/wp-json\/wp\/v2\/categories?post=745582"},{"taxonomy":"post_tag","embeddable":true,"href":"https:\/\/www.europesays.com\/es\/wp-json\/wp\/v2\/tags?post=745582"}],"curies":[{"name":"wp","href":"https:\/\/api.w.org\/{rel}","templated":true}]}}