{"id":745592,"date":"2026-09-03T14:23:18","date_gmt":"2026-09-03T14:23:18","guid":{"rendered":"https:\/\/www.europesays.com\/es\/745592\/"},"modified":"2026-09-03T14:23:18","modified_gmt":"2026-09-03T14:23:18","slug":"el-kremlin-cerrara-el-instituto-goethe-en-respuesta-a-las-medidas-de-berlin-tras-los-sabotajes-es-el-fin-de-su-presencia-cultural-en-rusia-internacional","status":"publish","type":"post","link":"https:\/\/www.europesays.com\/es\/745592\/","title":{"rendered":"El Kremlin cerrar\u00e1 el Instituto Goethe en respuesta a las medidas de Berl\u00edn tras los sabotajes: \u201cEs el fin de su presencia cultural en Rusia\u201d | Internacional"},"content":{"rendered":"<p class=\"\">El Kremlin cerrar\u00e1 las tres grandes sedes del Instituto Goethe, el equivalente al Instituto Cervantes para la lengua alemana, como respuesta a la clausura de la Casa Rusa en Berl\u00edn, decretada <a href=\"https:\/\/elpais.com\/internacional\/2026-09-01\/alemania-acusa-a-rusia-del-ataque-fallido-con-drones-bomba-en-leipzig.html\" target=\"_blank\" rel=\"noreferrer nofollow noopener\" title=\"https:\/\/elpais.com\/internacional\/2026-09-01\/alemania-acusa-a-rusia-del-ataque-fallido-con-drones-bomba-en-leipzig.html\">despu\u00e9s que Alemania se\u00f1alara a Rusia como responsable de un ataque con drones en el aeropuerto de Leipzig en agosto.<\/a> \u201cDe no hacerlo, no nos respetar\u00edamos a nosotros mismos\u201d, ha argumentado este jueves el ministro de Exteriores ruso, Sergu\u00e9i Lavrov, quien ha augurado en una entrevista que esto \u201csignifica el fin de su presencia cultural en Rusia\u201d.<\/p>\n<p class=\"\">El Gobierno ruso echar\u00e1 el candado a las sedes de esta instituci\u00f3n de ense\u00f1anza en Mosc\u00fa, San Petersburgo y Ekaterimburgo, las tres mayores ciudades del pa\u00eds. Dos d\u00edas antes, la canciller\u00eda alemana orden\u00f3 el cierre de la Casa Rusa en Berl\u00edn y del consulado de Rusia en Bonn, y anunci\u00f3 m\u00e1s controles sobre los ciudadanos rusos, m\u00e1s sanciones y una ayuda renovada a Ucrania que incluye una mayor cooperaci\u00f3n de sus servicios de inteligencia, y miles de drones y misiles antia\u00e9reos Iris-T.<\/p>\n<p class=\"\">El 1 de septiembre Alemania acus\u00f3 a Rusia de <a href=\"https:\/\/elpais.com\/internacional\/2026-09-01\/alemania-acusa-a-rusia-del-ataque-fallido-con-drones-bomba-en-leipzig.html\" target=\"_blank\" rel=\"noreferrer nofollow noopener\" title=\"https:\/\/elpais.com\/internacional\/2026-09-01\/alemania-acusa-a-rusia-del-ataque-fallido-con-drones-bomba-en-leipzig.html\">un fallido ataque con drones explosivos contra el aeropuerto de Leipzig<\/a> este verano. Dos sospechosos con pasaporte ruso fueron detenidos. Dos semanas antes tambi\u00e9n denunci\u00f3 <a href=\"https:\/\/elpais.com\/internacional\/2026-08-21\/alemania-senala-a-rusia-como-responsable-de-un-arsenal-de-armas-hallado-en-berlin.html\" target=\"_blank\" rel=\"noreferrer nofollow noopener\" title=\"https:\/\/elpais.com\/internacional\/2026-08-21\/alemania-senala-a-rusia-como-responsable-de-un-arsenal-de-armas-hallado-en-berlin.html\">el hallazgo de un arsenal de armas de los servicios secretos rusos en Berl\u00edn<\/a>. Son las \u00faltimas acciones del espionaje ruso en una campa\u00f1a de sabotajes en aumento con la que el Kremlin estar\u00eda intentando desestabilizar a Europa y debilitar su apoyo a Ucrania. <\/p>\n<p class=\"\">Adem\u00e1s, esta semana se han producido <a href=\"https:\/\/elpais.com\/internacional\/2026-09-02\/nuevos-sabotajes-contra-infraestructuras-criticas-ponen-a-alemania-en-alerta.html\" target=\"_blank\" rel=\"noreferrer nofollow noopener\" title=\"https:\/\/elpais.com\/internacional\/2026-09-02\/nuevos-sabotajes-contra-infraestructuras-criticas-ponen-a-alemania-en-alerta.html\">tres nuevos sabotajes contra infraestructuras cr\u00edticas<\/a> alemanas cuya autor\u00eda se desconoce por el momento. Todo ello en v\u00edsperas de las elecciones regionales en varios Estados del pa\u00eds, en los que se prev\u00e9 un avance de la ultraderecha.<\/p>\n<p class=\"\">Este jueves, el jefe de la diplomacia rusa tambi\u00e9n ha asegurado que el Kremlin no negociar\u00e1 con el bloque comunitario el levantamiento de sus sanciones por una cuesti\u00f3n de honor. \u201cEso no suceder\u00e1. No est\u00e1 en absoluto en la naturaleza de nuestro pueblo. Tenemos, por as\u00ed decirlo, nuestro propio orgullo. Y en el mejor sentido de la palabra. No necesitamos en absoluto la buena voluntad de nadie\u201d, ha declarado Lavrov.<\/p>\n<p class=\"\">No obstante, Mosc\u00fa no contempla ni un alto el fuego ni la existencia de una Ucrania soberana que quiera afianzar sus lazos con la Uni\u00f3n Europea. \u201cS\u00ed, nuestro pueblo quiere cierta tranquilidad, pero si dejamos que ese r\u00e9gimen [el Gobierno electo ucranio] se mantenga, si detenemos los combates, entonces estar\u00edamos dando luz verde al resurgimiento del nazismo en un sentido literal, en ese cuasi-Estado completamente dependiente de Occidente que preserva abiertamente la ideolog\u00eda nazi\u201d, ha manifestado Lavrov.<\/p>\n<p class=\"\">El Instituto Goethe se dedica a la divulgaci\u00f3n de la lengua germana por el mundo. El organismo sobrevive en Rusia desde el a\u00f1o 2023, cuando Mosc\u00fa congel\u00f3 todas sus cuentas en respuesta al mismo paso dado por Alemania contra la Casa Rusa, debido a las sospechas de que evad\u00eda las sanciones impuestas por la invasi\u00f3n de Ucrania. Adem\u00e1s, <a href=\"https:\/\/elpais.com\/internacional\/2023-05-30\/rusia-expulsa-a-centenares-de-profesores-y-empleados-de-centros-culturales-alemanes-como-represalia.html\" target=\"_blank\" rel=\"noreferrer nofollow noopener\" title=\"https:\/\/elpais.com\/internacional\/2023-05-30\/rusia-expulsa-a-centenares-de-profesores-y-empleados-de-centros-culturales-alemanes-como-represalia.html\">ambas instituciones perdieron cientos de empleados<\/a> debido a las restricciones de visados diplom\u00e1ticos impuestas mutuamente por los pa\u00edses europeos y Rusia desde el comienzo de la guerra.<\/p>\n<p class=\"\">La Casa Rusa de Berl\u00edn abri\u00f3 sus puertas en 1984, en plena Guerra Fr\u00eda. Los pa\u00edses manten\u00edan hasta ahora dos acuerdos sobre esta instituci\u00f3n. Por un lado, el uso de las instalaciones de la Friedrichstrasse, sellado en 2013 con una vigencia de 99 a\u00f1os, y otro acuerdo renovable cada cinco a\u00f1os sobre las actividades de los centros culturales y de informaci\u00f3n que expirar\u00eda en junio de 2027.<\/p>\n<p class=\"\">Y hablando justamente sobre el futuro de las lenguas, Lavrov ha reflexionado este jueves sobre qu\u00e9 idiomas prevalecer\u00e1n en las relaciones internacionales. En su opini\u00f3n, la influencia del chino crecer\u00e1 bastante, al menos en Rusia, pero el ingl\u00e9s seguir\u00e1 siendo b\u00e1sico. \u201cEl ingl\u00e9s probablemente conservar\u00e1 su influencia decisiva en las relaciones internacionales. S\u00ed, es un legado de la \u00e9poca colonial, pero tambi\u00e9n facilita la comunicaci\u00f3n\u201d, ha reconocido el diplom\u00e1tico.<\/p>\n","protected":false},"excerpt":{"rendered":"El Kremlin cerrar\u00e1 las tres grandes sedes del Instituto Goethe, el equivalente al Instituto Cervantes para la lengua&hellip;\n","protected":false},"author":2,"featured_media":745593,"comment_status":"","ping_status":"","sticky":false,"template":"","format":"standard","meta":{"footnotes":""},"categories":[42],"tags":[8738,17,18,70,71,72,700,13,14,69,7082,11,61,62,63,64,19,20,9,10,15,16,1613,1614,12,7081,21,22,1617,65,66,67],"class_list":["post-745592","post","type-post","status-publish","format-standard","has-post-thumbnail","category-internacional","tag-ataques-militares","tag-breaking-news","tag-breakingnews","tag-conflictos","tag-conflictos-armados","tag-conflictos-internacionales","tag-europa","tag-featured-news","tag-featurednews","tag-guerra","tag-guerra-de-rusia-en-ucrania","tag-headlines","tag-internacional","tag-international","tag-international-news","tag-internationalnews","tag-latest-news","tag-latestnews","tag-news","tag-noticias","tag-noticias-destacadas","tag-noticiasdestacadas","tag-otan","tag-rusia","tag-titulares","tag-ucrania","tag-ultimas-noticias","tag-ultimasnoticias","tag-union-europea","tag-world","tag-world-news","tag-worldnews"],"share_on_mastodon":{"url":"","error":"Validation failed: Text character limit of 500 exceeded"},"_links":{"self":[{"href":"https:\/\/www.europesays.com\/es\/wp-json\/wp\/v2\/posts\/745592","targetHints":{"allow":["GET"]}}],"collection":[{"href":"https:\/\/www.europesays.com\/es\/wp-json\/wp\/v2\/posts"}],"about":[{"href":"https:\/\/www.europesays.com\/es\/wp-json\/wp\/v2\/types\/post"}],"author":[{"embeddable":true,"href":"https:\/\/www.europesays.com\/es\/wp-json\/wp\/v2\/users\/2"}],"replies":[{"embeddable":true,"href":"https:\/\/www.europesays.com\/es\/wp-json\/wp\/v2\/comments?post=745592"}],"version-history":[{"count":0,"href":"https:\/\/www.europesays.com\/es\/wp-json\/wp\/v2\/posts\/745592\/revisions"}],"wp:featuredmedia":[{"embeddable":true,"href":"https:\/\/www.europesays.com\/es\/wp-json\/wp\/v2\/media\/745593"}],"wp:attachment":[{"href":"https:\/\/www.europesays.com\/es\/wp-json\/wp\/v2\/media?parent=745592"}],"wp:term":[{"taxonomy":"category","embeddable":true,"href":"https:\/\/www.europesays.com\/es\/wp-json\/wp\/v2\/categories?post=745592"},{"taxonomy":"post_tag","embeddable":true,"href":"https:\/\/www.europesays.com\/es\/wp-json\/wp\/v2\/tags?post=745592"}],"curies":[{"name":"wp","href":"https:\/\/api.w.org\/{rel}","templated":true}]}}