{"id":745632,"date":"2026-09-03T15:10:15","date_gmt":"2026-09-03T15:10:15","guid":{"rendered":"https:\/\/www.europesays.com\/es\/745632\/"},"modified":"2026-09-03T15:10:15","modified_gmt":"2026-09-03T15:10:15","slug":"precio-de-la-luz-hoy-3-de-septiembre-cuales-son-las-horas-mas-baratas-y-caras-del-dia-expansion","status":"publish","type":"post","link":"https:\/\/www.europesays.com\/es\/745632\/","title":{"rendered":"Precio de la luz hoy, 3 de septiembre: cu\u00e1les son las horas m\u00e1s baratas y caras del d\u00eda &#8211; Expansi\u00f3n"},"content":{"rendered":"<ol>\n<li><a href=\"https:\/\/news.google.com\/rss\/articles\/CBMiiwFBVV95cUxQWGY5b1VHZE1yUmFBbjZrSUNCbHQzS1Z3bUJrdzJsbGdVdXl5c0MtZTF5MXVPaXdEVXlHTmtEYVlUYWI0d01IdENaYmNJRDRXZVdnQU9KVTdoZ0w5SjJ4WmpZQ2tjUTg0SWZNR1h2c3lNV3JaTUlweUtCZkxYQ3RKcFJ1bWpja19KNENZ0gGLAUFVX3lxTE9YOVFqaEpIb20xdGV0WWxaQW5yWVNPU1BJT29CdklzNnQ1bDlyWG84TVk4aXRyY0gzeXE3b1NZNjZBT3hVVmxpR0pjUjUxSDRCWHJjMnNrT2ZkUV9UMURNM29vRHhkSjNNVkRLT0dwdVB1OFhqNHprNTBZWGFkaEVUOGxfTkFOaUhrZW8?oc=5\" target=\"_blank\" rel=\"nofollow noopener\">Precio de la luz hoy, 3 de septiembre: cu\u00e1les son las horas m\u00e1s baratas y caras del d\u00eda<\/a>&nbsp;&nbsp;Expansi\u00f3n<\/li>\n<li><a href=\"https:\/\/news.google.com\/rss\/articles\/CBMitgFBVV95cUxOakl3NE01Zkh4Z0pTdDFITmVJOGFJaFkzQ2t1T1FfaDcyU1FJR1Ric0lkajN6MUlBUGNlQUotalp3dmFON0lCSUdHaF95U1dIRm9tLTBVV3ZLdzZhVnJHYnBveHptb0w0M0pQWkd6YnEtVlBhSXhob2NOVUNiejZELXJvR0QxQkNPR251cnVDQnlkTzBKSnRPTDZTN1hKUXVuV1lZTkVEWmsyUmRIc1JNemNOS3JaUQ?oc=5\" target=\"_blank\" rel=\"nofollow noopener\">Precio de la luz hoy jueves 03 de septiembre de 2026: \u00bfA qu\u00e9 hora es m\u00e1s barata?<\/a>&nbsp;&nbsp;Diario Sur<\/li>\n<li><a href=\"https:\/\/news.google.com\/rss\/articles\/CBMiY0FVX3lxTE92RE14cnV2N3JyVFRZaXRDc2xGZlhMUFAybk9TVjJNNDAwRkwyNE9kb3d4VlI2akpDQWFkZXVVZlF4amdEWmU0ajdWNlBFRndRR1BjMlkzdkoxQUhfNlBzN1RzUQ?oc=5\" target=\"_blank\" rel=\"nofollow noopener\">As\u00ed queda el precio de la luz este jueves 3 de septiembre: tabla de precios hora a hora<\/a>&nbsp;&nbsp;TarifaLuzHora<\/li>\n<li><a href=\"https:\/\/news.google.com\/rss\/articles\/CBMiyAFBVV95cUxNcXdKdlA2ZTQ5aE4teGVya19EbkJWbmhLd2txNDRicHdoQ0VIeUQ1UUF0SFY0NU1BN1FkWjJZV2FZQkE2U2g5OVRuQkJwdzJlZXFBTXNWZ0FfdVVCUXBZSS1SRlVMSFRlUHczM2xDVEtlLUxUd0dqelQ4Nmo5RjgyM1VjeTdTUE5TOEtGXzlhaDh3Q2FNNlV5aGJ2c3RVM1dHbDluMXpESzktN3NZWGJVVXlnU3JiemNWOWRXR19zWVU2RWgwN1pVRw?oc=5\" target=\"_blank\" rel=\"nofollow noopener\">Precio de la luz por horas hoy, jueves 3 de septiembre: cu\u00e1ndo es m\u00e1s barata y m\u00e1s cara en el d\u00eda<\/a>&nbsp;&nbsp;MARCA<\/li>\n<li><a href=\"https:\/\/news.google.com\/rss\/articles\/CBMikAJBVV95cUxOdFRNTm5sN0Fya1JsS2NMbmtqTm5NUzlKRlludHBJVGJmV1R4cy1qdjRXZmJEM1B4bFNaYjdrdDgySmItNjJBOEhwVFNOT2twQXFDZGk3ekZfaS1XcjZDdFphcDBucXFUUzI5Y0RRMFJzM2ZOdlN4bWJvM3JicXNMbVZMbUxmYl9YUDRYSDVkWmdvN2VxMlMtZW5CWmp4ampRQ0lGcWpfZEdJcGVFeUFSUWo0S3RzX0ZTby1pTi05dGVnX0s5c3o3Z3FUMS1SWHZzZ25STGpnWWRETVM2OXU0NEwyQURQMjQweGNTVmFUVnQwNUE2cHlhUmxmSTVXdkJYRTFReUo3VlBLSUxuVUFXVdIBpAJBVV95cUxNNUFObVZwc2I0cmJ6WWtaTVA5Tko0bzRDOVlaSEZ3emU1ZGt0WVM1RHZYLTNvak1YOHNidms5TlNPU0lhRXhHYmlxQkdaRG52WllQQnhLTk5wQzAxbHZTX1o4QVdqb3JKVklNMnluaFQ1dmZkem1hekpaV3lwb0hKZnpSS3A2QnVoY3FxazZGRnFqTEtIMnpxLWlPRzlxUUw5Qnd3Uno2NGV2SHV5VUhCdDNKeHZLZVBxMHNoZUU3Y0RPYnZhNEhuTmxRSnYxRmxuU3pFTk5tZlZVNVRTM0NoZkdxajZOX1pFa2FMMTluS21BSTc5ajBGajZ6WnJYUHJkYnZhdE9UazJFTzQtZVR0SS1rX3FzT2ppVGl6T1RKS3J5Y0Z2?oc=5\" target=\"_blank\" rel=\"nofollow noopener\">Precio de la luz hoy, mi\u00e9rcoles 2 de septiembre, por horas: todo sobre una jornada en la que el MWh baja a 62 euros por la tarde y alcanza los 237 euros por la noche<\/a>&nbsp;&nbsp;La Raz\u00f3n<\/li>\n<\/ol>\n","protected":false},"excerpt":{"rendered":"Precio de la luz hoy, 3 de septiembre: cu\u00e1les son las horas m\u00e1s baratas y caras del d\u00eda&nbsp;&nbsp;Expansi\u00f3n&hellip;\n","protected":false},"author":2,"featured_media":745633,"comment_status":"","ping_status":"","sticky":false,"template":"","format":"standard","meta":{"footnotes":""},"categories":[80],"tags":[82,95,94,61012,5220,25,24,28360,4027,24594,23],"class_list":["post-745632","post","type-post","status-publish","format-standard","has-post-thumbnail","category-economia","tag-business","tag-economia","tag-economy","tag-empresas-energia","tag-energia","tag-es","tag-espana","tag-factura-luz","tag-narrativa","tag-nea","tag-spain"],"share_on_mastodon":{"url":"https:\/\/pubeurope.com\/@es\/117207749281665698","error":""},"_links":{"self":[{"href":"https:\/\/www.europesays.com\/es\/wp-json\/wp\/v2\/posts\/745632","targetHints":{"allow":["GET"]}}],"collection":[{"href":"https:\/\/www.europesays.com\/es\/wp-json\/wp\/v2\/posts"}],"about":[{"href":"https:\/\/www.europesays.com\/es\/wp-json\/wp\/v2\/types\/post"}],"author":[{"embeddable":true,"href":"https:\/\/www.europesays.com\/es\/wp-json\/wp\/v2\/users\/2"}],"replies":[{"embeddable":true,"href":"https:\/\/www.europesays.com\/es\/wp-json\/wp\/v2\/comments?post=745632"}],"version-history":[{"count":0,"href":"https:\/\/www.europesays.com\/es\/wp-json\/wp\/v2\/posts\/745632\/revisions"}],"wp:featuredmedia":[{"embeddable":true,"href":"https:\/\/www.europesays.com\/es\/wp-json\/wp\/v2\/media\/745633"}],"wp:attachment":[{"href":"https:\/\/www.europesays.com\/es\/wp-json\/wp\/v2\/media?parent=745632"}],"wp:term":[{"taxonomy":"category","embeddable":true,"href":"https:\/\/www.europesays.com\/es\/wp-json\/wp\/v2\/categories?post=745632"},{"taxonomy":"post_tag","embeddable":true,"href":"https:\/\/www.europesays.com\/es\/wp-json\/wp\/v2\/tags?post=745632"}],"curies":[{"name":"wp","href":"https:\/\/api.w.org\/{rel}","templated":true}]}}