{"id":745636,"date":"2026-09-03T15:12:13","date_gmt":"2026-09-03T15:12:13","guid":{"rendered":"https:\/\/www.europesays.com\/es\/745636\/"},"modified":"2026-09-03T15:12:13","modified_gmt":"2026-09-03T15:12:13","slug":"sindicatos-educativos-mantienen-la-huelga-del-primer-dia-de-curso-tras-la-reunion-con-niubo","status":"publish","type":"post","link":"https:\/\/www.europesays.com\/es\/745636\/","title":{"rendered":"Sindicatos educativos mantienen la huelga del primer d\u00eda de curso tras la reuni\u00f3n con Niub\u00f3"},"content":{"rendered":"<p><img decoding=\"async\" class=\"v-ath__i\" loading=\"lazy\" src=\"https:\/\/www.europesays.com\/es\/wp-content\/uploads\/2026\/09\/1788448333_931_autor-5497-foto-3.jpeg\" alt=\"Agencia Europa Press\"\/><\/p>\n<p>03\/09\/2026 a las 15:15h.<\/p>\n<p class=\"v-d-p\">Los sindicatos educativos Ustec\u00b7Stes, CGT Ensenyament, Intersindical y COS han afirmado este jueves que se mantiene la huelga docente para el 8 de septiembre,  &#8230; primer d\u00eda de curso, y han pedido a la Conselleria de Educaci\u00f3n de la Generalitat que reabra las negociaciones para mejoras del sector educativo.Por su parte, la consellera de Educaci\u00f3n y FP de la Generalitat, Esther Niub\u00f3, ha pedido este jueves \u00abun par\u00e9ntesis\u00bb a los sindicatos impulsores de la huelga del 8 de septiembre, el primer d\u00eda de curso, y desconvocar el paro para esa jornada.<\/p>\n","protected":false},"excerpt":{"rendered":"03\/09\/2026 a las 15:15h. Los sindicatos educativos Ustec\u00b7Stes, CGT Ensenyament, Intersindical y COS han afirmado este jueves que&hellip;\n","protected":false},"author":2,"featured_media":745637,"comment_status":"","ping_status":"","sticky":false,"template":"","format":"standard","meta":{"footnotes":""},"categories":[8],"tags":[17,18,3445,31056,25,24,13,14,11,13181,19,20,14620,9,132379,10,15,16,977,132378,3905,23,12,575,21,22],"class_list":["post-745636","post","type-post","status-publish","format-standard","has-post-thumbnail","category-espana","tag-breaking-news","tag-breakingnews","tag-curso","tag-educativos","tag-es","tag-espana","tag-featured-news","tag-featurednews","tag-headlines","tag-huelga","tag-latest-news","tag-latestnews","tag-mantienen","tag-news","tag-niub","tag-noticias","tag-noticias-destacadas","tag-noticiasdestacadas","tag-primer","tag-reunin","tag-sindicatos","tag-spain","tag-titulares","tag-tras","tag-ultimas-noticias","tag-ultimasnoticias"],"share_on_mastodon":{"url":"https:\/\/pubeurope.com\/@es\/117207758207363139","error":""},"_links":{"self":[{"href":"https:\/\/www.europesays.com\/es\/wp-json\/wp\/v2\/posts\/745636","targetHints":{"allow":["GET"]}}],"collection":[{"href":"https:\/\/www.europesays.com\/es\/wp-json\/wp\/v2\/posts"}],"about":[{"href":"https:\/\/www.europesays.com\/es\/wp-json\/wp\/v2\/types\/post"}],"author":[{"embeddable":true,"href":"https:\/\/www.europesays.com\/es\/wp-json\/wp\/v2\/users\/2"}],"replies":[{"embeddable":true,"href":"https:\/\/www.europesays.com\/es\/wp-json\/wp\/v2\/comments?post=745636"}],"version-history":[{"count":0,"href":"https:\/\/www.europesays.com\/es\/wp-json\/wp\/v2\/posts\/745636\/revisions"}],"wp:featuredmedia":[{"embeddable":true,"href":"https:\/\/www.europesays.com\/es\/wp-json\/wp\/v2\/media\/745637"}],"wp:attachment":[{"href":"https:\/\/www.europesays.com\/es\/wp-json\/wp\/v2\/media?parent=745636"}],"wp:term":[{"taxonomy":"category","embeddable":true,"href":"https:\/\/www.europesays.com\/es\/wp-json\/wp\/v2\/categories?post=745636"},{"taxonomy":"post_tag","embeddable":true,"href":"https:\/\/www.europesays.com\/es\/wp-json\/wp\/v2\/tags?post=745636"}],"curies":[{"name":"wp","href":"https:\/\/api.w.org\/{rel}","templated":true}]}}