{"id":745668,"date":"2026-09-03T15:52:19","date_gmt":"2026-09-03T15:52:19","guid":{"rendered":"https:\/\/www.europesays.com\/es\/745668\/"},"modified":"2026-09-03T15:52:19","modified_gmt":"2026-09-03T15:52:19","slug":"lalo-y-el-ascenso-directo-del-real-zaragoza-estamos-preparados-mas-pronto-de-lo-que-pensaba","status":"publish","type":"post","link":"https:\/\/www.europesays.com\/es\/745668\/","title":{"rendered":"Lalo y el ascenso directo del Real Zaragoza: \u00abEstamos preparados m\u00e1s pronto de lo que pensaba\u00bb"},"content":{"rendered":"<p>Lo dijo el entrenador, <strong>Ibai G\u00f3mez<\/strong>, y lo ha corroborado el director deportivo del <strong><a target=\"_blank\" data-generated=\"auto\" href=\"https:\/\/www.aragondigital.es\/real-zaragoza\/\" rel=\"nofollow noopener\">Real Zaragoza<\/a><\/strong>, <strong>Lalo Arantegui<\/strong>: hay que ser el <a href=\"https:\/\/www.aragondigital.es\/articulo\/real-zaragoza\/ibai-gomez-primera-zaragoza-campeones\/202608281427351004473.html\" rel=\"nofollow noopener\" target=\"_blank\"><strong>l\u00edder de tercera divisi\u00f3n<\/strong><\/a>, ahora llamada <strong>Primera RFEF<\/strong>. El m\u00e1ximo responsable del \u00e1rea deportiva ha comparecido este jueves, afirmando que ve bien al equipo, en forma pese a la derrota. \u201cEstamos preparados y m\u00e1s pronto de lo que pensaba\u201d, ha firmado sobre la idea de ser campeones de grupo.<\/p>\n<p>No quita para que el camino vaya a ser \u201cdur\u00edsimo\u201d. \u201cSin merecerlo, <a href=\"https:\/\/www.aragondigital.es\/articulo\/real-zaragoza\/ni-en-tercera\/202608310008301004692.html\" rel=\"nofollow noopener\" target=\"_blank\"><strong>perdimos 2-0<\/strong><\/a>. El que no viera el partido, si no se lo explicas, pensar\u00eda que has sido inferior. Pero hemos formado una plantilla preparada y dispuesta para el ascenso\u201d, ha asegurado <strong>Lalo Arantegui<\/strong> sobre el <strong>Real <a target=\"_blank\" data-generated=\"auto\" href=\"https:\/\/www.aragondigital.es\/zaragoza\/\" rel=\"nofollow noopener\">Zaragoza<\/a><\/strong>.<\/p>\n<p>\u201cEllos est\u00e1n convencidos, el cuerpo t\u00e9cnico, la estructura\u2026 el domingo, los aficionados salieron satisfechos. No por el resultado pero s\u00ed de las formas. Estamos preparados m\u00e1s pronto de lo que pensaba; la imagen del equipo fue muy buena\u201d, ha analizado sobre el <strong>N\u00e1stic 2-0 Real Zaragoza<\/strong>.<\/p>\n<p>EL \u201cPARTIDAZO\u201d EN TARRAGONA<\/p>\n<p>Para el director deportivo, el <a href=\"https:\/\/www.aragondigital.es\/real-zaragoza\/\" rel=\"nofollow noopener\" target=\"_blank\"><strong>Real Zaragoza<\/strong><\/a> jug\u00f3 un gran partido en Tarragona, cuando perdi\u00f3 2-0 frente al <strong>N\u00e1stic<\/strong>. Le sorprendi\u00f3 de forma positiva a pesar de algunas dificultades que percib\u00eda. Pod\u00eda costar desplegar el juego por la cantidad de jugadores nuevos que deb\u00edan adaptarse al entrenador, y eso pod\u00eda llevar tiempo.<\/p>\n<p>\u201cSe vio la idea. L\u00e1stima el resultado. Esperamos seguir la <strong>l\u00ednea de juego<\/strong> y obtener resultados positivos. Si analizas las ocasiones creadas y recibidas, la l\u00f3gica dice que, siguiendo esta l\u00ednea, ganaremos mucho m\u00e1s que empataremos o perderemos\u201d, ha sostenido.<\/p>\n<p>INVIERNO<\/p>\n<p>El director deportivo trabaja tambi\u00e9n en <strong>diferentes mercados<\/strong> para cuando llegue enero. Para entonces, \u201ces imposible que los 23 est\u00e9n felices\u201d. Bien sea por falta de minutos, de rendimiento o ambas. \u201cEstaremos preparados y trabajamos para dar opciones\u201d, ha respondido sobre esta opci\u00f3n. Para entonces, lo ideal ser\u00eda que el <a href=\"https:\/\/www.aragondigital.es\/real-zaragoza\/\" rel=\"nofollow noopener\" target=\"_blank\"><strong>Real Zaragoza<\/strong><\/a> encabezase la tabla de Primera RFEF.<\/p>\n","protected":false},"excerpt":{"rendered":"Lo dijo el entrenador, Ibai G\u00f3mez, y lo ha corroborado el director deportivo del Real Zaragoza, Lalo Arantegui:&hellip;\n","protected":false},"author":2,"featured_media":745669,"comment_status":"","ping_status":"","sticky":false,"template":"","format":"standard","meta":{"footnotes":""},"categories":[93],"tags":[168,32571,25,24,132384,338,799,23,167],"class_list":["post-745668","post","type-post","status-publish","format-standard","has-post-thumbnail","category-deportes","tag-deportes","tag-deportes-zaragoza","tag-es","tag-espana","tag-fichajes-zaragoza","tag-portada","tag-real-zaragoza","tag-spain","tag-sports"],"share_on_mastodon":{"url":"https:\/\/pubeurope.com\/@es\/117207914886485942","error":""},"_links":{"self":[{"href":"https:\/\/www.europesays.com\/es\/wp-json\/wp\/v2\/posts\/745668","targetHints":{"allow":["GET"]}}],"collection":[{"href":"https:\/\/www.europesays.com\/es\/wp-json\/wp\/v2\/posts"}],"about":[{"href":"https:\/\/www.europesays.com\/es\/wp-json\/wp\/v2\/types\/post"}],"author":[{"embeddable":true,"href":"https:\/\/www.europesays.com\/es\/wp-json\/wp\/v2\/users\/2"}],"replies":[{"embeddable":true,"href":"https:\/\/www.europesays.com\/es\/wp-json\/wp\/v2\/comments?post=745668"}],"version-history":[{"count":0,"href":"https:\/\/www.europesays.com\/es\/wp-json\/wp\/v2\/posts\/745668\/revisions"}],"wp:featuredmedia":[{"embeddable":true,"href":"https:\/\/www.europesays.com\/es\/wp-json\/wp\/v2\/media\/745669"}],"wp:attachment":[{"href":"https:\/\/www.europesays.com\/es\/wp-json\/wp\/v2\/media?parent=745668"}],"wp:term":[{"taxonomy":"category","embeddable":true,"href":"https:\/\/www.europesays.com\/es\/wp-json\/wp\/v2\/categories?post=745668"},{"taxonomy":"post_tag","embeddable":true,"href":"https:\/\/www.europesays.com\/es\/wp-json\/wp\/v2\/tags?post=745668"}],"curies":[{"name":"wp","href":"https:\/\/api.w.org\/{rel}","templated":true}]}}