{"id":745672,"date":"2026-09-03T15:54:24","date_gmt":"2026-09-03T15:54:24","guid":{"rendered":"https:\/\/www.europesays.com\/es\/745672\/"},"modified":"2026-09-03T15:54:24","modified_gmt":"2026-09-03T15:54:24","slug":"telecinco-recupera-el-espiritu-de-pasapalabra-con-rueda-la-letra-y-evita-el-choque-directo-con-antena-3","status":"publish","type":"post","link":"https:\/\/www.europesays.com\/es\/745672\/","title":{"rendered":"Telecinco recupera el esp\u00edritu de &#8216;Pasapalabra&#8217; con &#8216;Rueda la letra&#8217; y evita el choque directo con Antena 3"},"content":{"rendered":"<p>Las comparaciones con &#8216;Pasapalabra&#8217; van a ser inevitables: &#8216;Rueda la letra&#8217;, la nueva apuesta de Telecinco para sus tardes, recupera buena parte del esp\u00edritu y  &#8230; la mec\u00e1nica del concurso que durante a\u00f1os form\u00f3 parte de la parrilla de la misma compa\u00f1\u00eda. Dos concursantes, dos rostros conocidos que acompa\u00f1an a cada participante, un presentador con experiencia en este tipo de formatos, un gran plat\u00f3, pruebas de entretenimiento y, sobre todo, una rueda final de letras que concentra buena parte de la atenci\u00f3n. <\/p>\n<p class=\"v-d-p\">Al igual que en &#8216;Pasapalabra&#8217;, los concursantes acumulan segundos que despu\u00e9s pueden utilizar en la fase final, mientras que el programa parte de un bote de 200.000 euros al que se le suman los 1.200 euros que gana cada concursante por hacerse con la victoria cada d\u00eda. <\/p>\n<p class=\"v-d-p\">Una de las principales diferencias estar\u00e1 en el horario. El nuevo concurso se estrenar\u00e1 el lunes a las 19.00 horas, una hora antes de que comience &#8216;Pasapalabra&#8217; en Antena 3. De esta manera, la cadena evita inicialmente un enfrentamiento directo con su antiguo concurso.<\/p>\n<p class=\"v-d-p\">La gran prueba final vuelve a situar las letras en el centro del concurso. En este caso, los concursantes no tendr\u00e1n que pronunciar \u00abpasapalabra\u00bb cuando decidan no responder, sino que utilizar\u00e1n simplemente \u00abpaso\u00bb. Entre las pruebas tambi\u00e9n aparece una subasta que recuerda a una de las mec\u00e1nicas de otro concurso que fue emitido por Telecinco, &#8217;25 palabras&#8217;. <\/p>\n<p class=\"v-a-t\">\nLa nueva apuesta mantiene numerosos elementos reconocibles del concurso rival, incluido el gran juego final de palabras, aunque cambia algunas de sus reglas y pruebas\n<\/p>\n<p class=\"v-d-p\">El director de Producci\u00f3n de Contenidos de Mediaset Espa\u00f1a, Jaime Guerra, destac\u00f3 en la presentaci\u00f3n la importancia de la \u00abprueba m\u00e1s famosa de la televisi\u00f3n\u00bb. A Carlos Sobera, por su parte, incluso se le escap\u00f3 la palabra \u00abrosco\u00bb cuando fue abordado por los periodistas durante la presentaci\u00f3n del programa.<\/p>\n<p class=\"v-d-p\">La cuesti\u00f3n no es menor. La utilizaci\u00f3n de una prueba final de estas caracter\u00edsticas llega despu\u00e9s de una larga disputa judicial relacionada precisamente con la propiedad de esta mec\u00e1nica. Mediaset rompi\u00f3 en 2010 su relaci\u00f3n con la factor\u00eda ITV para la producci\u00f3n de &#8216;Pasapalabra&#8217; y ha sido condenada a pagar 73,2 millones de euros a la compa\u00f1\u00eda brit\u00e1nica por la utilizaci\u00f3n del formato sin permiso. <\/p>\n<p class=\"v-d-p\">La situaci\u00f3n cambi\u00f3 en parte despu\u00e9s de que MC&amp;F, la productora neerlandesa cercana a Mediaset, demostrara en los tribunales que la prueba final que hab\u00eda dado fama internacional al concurso no pertenec\u00eda a ITV, due\u00f1a de &#8216;Pasapalabra&#8217; a excepci\u00f3n de esta prueba. La compa\u00f1\u00eda brit\u00e1nica quiz\u00e1 acabe demandando a Mediaset si cree que las similitudes entre ambos formatos son considerables. La batalla legal entre las distintas partes todav\u00eda tiene recorrido y las reclamaciones cruzadas previsiblemente continuar\u00e1n, especialmente tras la negativa de Mediaset a tomar distancia est\u00e9tica y de contenido con &#8216;Pasapalabra&#8217;.<\/p>\n<p class=\"v-d-p\">En Bulldog TV, la productora responsable de &#8216;Rueda la letra&#8217;, Alfredo Ere\u00f1o defiende que la prueba final es un regalo para el espectador. Rafa Guardiola, director del concurso y antiguo director de &#8216;Pasapalabra&#8217;, explica que el objetivo es construir una relaci\u00f3n cercana con los participantes. Son \u00abdos formatos en uno\u00bb, reconoce. La primera parte busca diversi\u00f3n, con baile, bromas y participaci\u00f3n de los famosos. La segunda cambia completamente de tono y se convierte en un juego por dinero en el que la tensi\u00f3n aumenta progresivamente. Para ello, Guardiola asegura que ha buscado inspiraci\u00f3n en los juegos tradicionales, en las aplicaciones y en los juegos musicales. <\/p>\n<p class=\"v-d-p\">Entre los concursantes aparecen dos antiguos ganadores del bote de &#8216;Pasapalabra&#8217;. Una de ellas es Lilit Manukyan, de origen armenio, que gan\u00f3 318.000 euros en 2014 y posteriormente particip\u00f3 tambi\u00e9n en &#8216;El cazador&#8217;. \u00abEl reto es competir con la Lilith 2014, cuando gan\u00e9 el bote y me jubil\u00e9 de estudiar. Ahora es un reto y un est\u00edmulo volver a la rueda, y nunca mejor dicho\u00bb, explic\u00f3.<\/p>\n<p><img decoding=\"async\" loading=\"lazy\" src=\"https:\/\/www.europesays.com\/es\/wp-content\/uploads\/2026\/09\/Rueda-U48014611875JsD-680x476@RC.jpg\" class=\"v-a-img\" width=\"680\" height=\"478\" alt=\"El logo del programa.\" data-voc-vtm-id=\"in-text-traffic\"\/><\/p>\n<p>El logo del programa.<\/p>\n<p>(R. C.)<\/p>\n<p class=\"v-d-p\">Tambi\u00e9n participa Fran Gonz\u00e1lez, otro de los nombres asociados a la historia reciente del concurso. El propio concursante resume el cambio de etapa con una frase: \u00abEstoy disfrut\u00f3n. El Fran de 2018 se sorprender\u00eda de ver al Fran de 2026\u00bb.<\/p>\n<p class=\"v-a-t\">\nEl espacio se emitir\u00e1 una hora antes que &#8216;Pasapalabra&#8217;, mientras la cadena reorganiza su tarde y cancela &#8216;De lunes a viernes&#8217;\n<\/p>\n<p class=\"v-d-p\">Para Carlos Sobera, el nuevo espacio supone tambi\u00e9n un reto personal. El presentador se define como \u00abdisfrut\u00f3n, cachondo, fresco, emp\u00e1tico\u00bb y asegura que se ha intercambiado mensajes con el actual conductor de &#8216;Pasapalabra&#8217;, Roberto Leal, y con el anterior, Christian G\u00e1lvez.<\/p>\n<p class=\"v-d-p\">La segunda parte del formato, por la velocidad necesaria para formular preguntas, obliga a Sobera a salir de su zona de confort. El presentador compaginar\u00e1 a diario este proyecto con &#8216;First Dates&#8217;, pero no con &#8216;El precio justo&#8217;, que ha sido reubicado al fin de semana. Este concurso cuenta con varias entregas previamente grabadas y, en caso de mantenerse en antena, en el futuro quiz\u00e1 experimente algunos cambios.<\/p>\n<p>\nSorpresa ante los cambios de Mediaset\n<\/p>\n<p class=\"v-d-p\">El estreno de &#8216;Rueda la letra&#8217; se produce en una cadena que afronta una profunda reorganizaci\u00f3n de sus tardes. Mediaset ha decidido cancelar el espacio de coraz\u00f3n &#8216;De lunes a viernes&#8217;, que es el formato que mejor le ha funcionado de todos los que ha estrenado en verano, y mantener &#8216;El verano se mueve&#8217;, pese a sus discretos datos de audiencia. La decisi\u00f3n refuerza el peso de Ana Rosa Quintana dentro de la programaci\u00f3n.<\/p>\n<p class=\"v-d-p\">La productora de Quintana, Unicorn Content, asumir\u00e1 desde el lunes alrededor de nueve horas diarias en la cadena. Lo har\u00e1 despu\u00e9s de tres a\u00f1os en los que sus espacios de tarde no han terminado de consolidarse. Primero fue el fallido &#8216;TardeAR&#8217;, despu\u00e9s &#8216;El tiempo justo&#8217;, que se trasladar\u00e1 de octubre a la franja de mediod\u00eda con Joaqu\u00edn Prat, y ahora &#8216;El verano se mueve&#8217;, con Ion Aramendi al frente.<\/p>\n<p class=\"v-d-p\">Tambi\u00e9n &#8216;Vamos a ver&#8217; ampliar\u00e1 su duraci\u00f3n a costa de &#8216;El precio justo&#8217;, que pasa al fin de semana. Por su parte, &#8216;El diario de Jorge&#8217; quedar\u00e1 reducido a una hora, entre las 18.00 y las 19.00 horas. Despu\u00e9s llegar\u00e1 &#8216;Rueda la letra&#8217; a las 19.00 y &#8216;\u00a1All\u00e1 t\u00fa!&#8217; a las 20.00.<\/p>\n<p class=\"v-d-p\">Los movimientos llegan en uno de los momentos m\u00e1s delicados para Telecinco, que atraviesa sus peores registros hist\u00f3ricos de audiencia y acumula 13 meses consecutivos con m\u00ednimos hist\u00f3ricos.<\/p>\n","protected":false},"excerpt":{"rendered":"Las comparaciones con &#8216;Pasapalabra&#8217; van a ser inevitables: &#8216;Rueda la letra&#8217;, la nueva apuesta de Telecinco para sus&hellip;\n","protected":false},"author":2,"featured_media":745673,"comment_status":"","ping_status":"","sticky":false,"template":"","format":"standard","meta":{"footnotes":""},"categories":[91],"tags":[9692,17905,2125,146,147,25,24,23643,12041,8126,4284,6833,7667,23,692],"class_list":["post-745672","post","type-post","status-publish","format-standard","has-post-thumbnail","category-entretenimiento","tag-antena","tag-choque","tag-directo","tag-entertainment","tag-entretenimiento","tag-es","tag-espana","tag-espiritu","tag-evita","tag-letra","tag-pasapalabra","tag-recupera","tag-rueda","tag-spain","tag-telecinco"],"share_on_mastodon":{"url":"https:\/\/pubeurope.com\/@es\/117207923886287113","error":""},"_links":{"self":[{"href":"https:\/\/www.europesays.com\/es\/wp-json\/wp\/v2\/posts\/745672","targetHints":{"allow":["GET"]}}],"collection":[{"href":"https:\/\/www.europesays.com\/es\/wp-json\/wp\/v2\/posts"}],"about":[{"href":"https:\/\/www.europesays.com\/es\/wp-json\/wp\/v2\/types\/post"}],"author":[{"embeddable":true,"href":"https:\/\/www.europesays.com\/es\/wp-json\/wp\/v2\/users\/2"}],"replies":[{"embeddable":true,"href":"https:\/\/www.europesays.com\/es\/wp-json\/wp\/v2\/comments?post=745672"}],"version-history":[{"count":0,"href":"https:\/\/www.europesays.com\/es\/wp-json\/wp\/v2\/posts\/745672\/revisions"}],"wp:featuredmedia":[{"embeddable":true,"href":"https:\/\/www.europesays.com\/es\/wp-json\/wp\/v2\/media\/745673"}],"wp:attachment":[{"href":"https:\/\/www.europesays.com\/es\/wp-json\/wp\/v2\/media?parent=745672"}],"wp:term":[{"taxonomy":"category","embeddable":true,"href":"https:\/\/www.europesays.com\/es\/wp-json\/wp\/v2\/categories?post=745672"},{"taxonomy":"post_tag","embeddable":true,"href":"https:\/\/www.europesays.com\/es\/wp-json\/wp\/v2\/tags?post=745672"}],"curies":[{"name":"wp","href":"https:\/\/api.w.org\/{rel}","templated":true}]}}