{"id":745680,"date":"2026-09-03T15:58:17","date_gmt":"2026-09-03T15:58:17","guid":{"rendered":"https:\/\/www.europesays.com\/es\/745680\/"},"modified":"2026-09-03T15:58:17","modified_gmt":"2026-09-03T15:58:17","slug":"batalla-campal-en-la-rambla-de-mesa-y-lopez-en-las-palmas-de-gran-canaria","status":"publish","type":"post","link":"https:\/\/www.europesays.com\/es\/745680\/","title":{"rendered":"Batalla campal en la rambla de Mesa y L\u00f3pez, en Las Palmas de Gran Canaria"},"content":{"rendered":"<p><img decoding=\"async\" class=\"v-ath__i\" loading=\"lazy\" src=\"https:\/\/www.europesays.com\/es\/wp-content\/uploads\/2026\/09\/autor-6545-foto-1.png\" alt=\"CANARIAS7\"\/><\/p>\n<p>03\/09\/2026<\/p>\n<p>Actualizado a las 15:43h.<\/p>\n<p class=\"v-d-p\">Decenas de personas, en su mayor\u00eda menores, participaron en la noche de este mi\u00e9rcoles en una trifulca en la rambla de Mesa y L\u00f3pez, en Las Palmas de Gran Canaria.<\/p>\n<p class=\"v-d-p\">Poco despu\u00e9s, en el lugar se personaron agentes de la Polic\u00eda Local, si bien los participantes en la reyerta se hab\u00edan disgregado en su mayor\u00eda.<\/p>\n<p class=\"v-d-p\">Las im\u00e1genes de v\u00eddeo de algunos vecinos captan el momento de la pelea, en la que se ve a mujeres intentando poner orden entre quienes se pelean. En un primer momento se separan los protagonistas de la trifulca pero luego vuelven a enfrentarse.<\/p>\n<p class=\"v-d-p\">Vecinos de la zona se quejan de la ausencia generalizada de agentes de la Polic\u00eda Local pese a la proliferaci\u00f3n de incidentes.<\/p>\n","protected":false},"excerpt":{"rendered":"03\/09\/2026 Actualizado a las 15:43h. Decenas de personas, en su mayor\u00eda menores, participaron en la noche de este&hellip;\n","protected":false},"author":2,"featured_media":745681,"comment_status":"","ping_status":"","sticky":false,"template":"","format":"standard","meta":{"footnotes":""},"categories":[8],"tags":[4095,17,18,44070,7221,25,24,13,14,3956,11,19,20,7355,2570,9,10,15,16,556,25320,23,12,21,22],"class_list":["post-745680","post","type-post","status-publish","format-standard","has-post-thumbnail","category-espana","tag-batalla","tag-breaking-news","tag-breakingnews","tag-campal","tag-canaria","tag-es","tag-espana","tag-featured-news","tag-featurednews","tag-gran","tag-headlines","tag-latest-news","tag-latestnews","tag-lopez","tag-mesa","tag-news","tag-noticias","tag-noticias-destacadas","tag-noticiasdestacadas","tag-palmas","tag-rambla","tag-spain","tag-titulares","tag-ultimas-noticias","tag-ultimasnoticias"],"share_on_mastodon":{"url":"https:\/\/pubeurope.com\/@es\/117207938336115722","error":""},"_links":{"self":[{"href":"https:\/\/www.europesays.com\/es\/wp-json\/wp\/v2\/posts\/745680","targetHints":{"allow":["GET"]}}],"collection":[{"href":"https:\/\/www.europesays.com\/es\/wp-json\/wp\/v2\/posts"}],"about":[{"href":"https:\/\/www.europesays.com\/es\/wp-json\/wp\/v2\/types\/post"}],"author":[{"embeddable":true,"href":"https:\/\/www.europesays.com\/es\/wp-json\/wp\/v2\/users\/2"}],"replies":[{"embeddable":true,"href":"https:\/\/www.europesays.com\/es\/wp-json\/wp\/v2\/comments?post=745680"}],"version-history":[{"count":0,"href":"https:\/\/www.europesays.com\/es\/wp-json\/wp\/v2\/posts\/745680\/revisions"}],"wp:featuredmedia":[{"embeddable":true,"href":"https:\/\/www.europesays.com\/es\/wp-json\/wp\/v2\/media\/745681"}],"wp:attachment":[{"href":"https:\/\/www.europesays.com\/es\/wp-json\/wp\/v2\/media?parent=745680"}],"wp:term":[{"taxonomy":"category","embeddable":true,"href":"https:\/\/www.europesays.com\/es\/wp-json\/wp\/v2\/categories?post=745680"},{"taxonomy":"post_tag","embeddable":true,"href":"https:\/\/www.europesays.com\/es\/wp-json\/wp\/v2\/tags?post=745680"}],"curies":[{"name":"wp","href":"https:\/\/api.w.org\/{rel}","templated":true}]}}