{"id":745686,"date":"2026-09-03T16:05:25","date_gmt":"2026-09-03T16:05:25","guid":{"rendered":"https:\/\/www.europesays.com\/es\/745686\/"},"modified":"2026-09-03T16:05:25","modified_gmt":"2026-09-03T16:05:25","slug":"brennan-se-doctora-en-la-ciudad-del-sol","status":"publish","type":"post","link":"https:\/\/www.europesays.com\/es\/745686\/","title":{"rendered":"Brennan se doctora en la Ciudad del Sol"},"content":{"rendered":"<p>Lorca tendr\u00e1 cuatro estaciones cuando llegue el AVE. Por el momento, siguen con tres. El invierno no existe. La llaman la Ciudad del Sol porque  &#8230; su denominaci\u00f3n romana era Eliocroca, que se traduce como &#8216;Ciudad o Gobierno del Sol&#8217;. Pero podr\u00eda ser tambi\u00e9n por su calor. Tan dominante en la Regi\u00f3n como Matthew Brennan en los sprints de La Vuelta. Las tres victorias son la entrada a ser ya considerado el rey de la velocidad en esta edici\u00f3n. Su inscripci\u00f3n en la categor\u00eda de j\u00f3venes que confirman lo que promet\u00edan. Pese a tener a\u00fan 21 a\u00f1os. Es el cuarto hombre m\u00e1s joven de la historia en lograr tres triunfos en una sola Gran Vuelta (tras Rene Vietto, Giuseppe Saronni y Tadej Poga\u010dar). Y el primero desde Poga\u010dar en debutar con un hat-trick. \u00abEs algo enorme\u00bb, manifest\u00f3.<\/p>\n<p class=\"v-d-p\">En Lorca consigui\u00f3 el doctorado y le demostr\u00f3 a su madre que merec\u00eda la pena saltarse un d\u00eda de clase en plena \u00e9poca de ex\u00e1menes cuando todav\u00eda estaba en Bachillerato. \u00ab&#8217;\u00a1No vas a ir!&#8217;\u00bb, le dijo tajante. A casa de la familia de los Brennan, en Darlington, hab\u00eda llegado una tentadora propuesta: unas pruebas f\u00edsicas y entrenamientos con el Visma. \u00ab\u00a1Que no!\u00bb, insist\u00eda su madre. Hasta que intervino la voz del padre. \u00c9l fue el que se llevaba los s\u00e1bados por la ma\u00f1ana al ni\u00f1o a dar paseos. Con el que aprendi\u00f3 a disfrutar de la bici. \u00ab&#8217;Venga, es el mejor equipo ciclista del mundo, d\u00e9jale el d\u00eda libre&#8217;\u00bb. <\/p>\n<p class=\"v-d-p\">La mujer cedi\u00f3. Unos d\u00edas m\u00e1s tarde de regresar de Holanda, el agente del corredor llamaba a casa. \u00abEl Visma quiere ficharle\u00bb. Tardaron poco en cerrar el fichaje. Y lo mejor. \u00abMe fue bien en los ex\u00e1menes. Mi madre estaba contenta\u00bb, recordaba el joven en 2025 en la TNT. <\/p>\n<p><img decoding=\"async\" loading=\"lazy\" src=\"https:\/\/www.europesays.com\/es\/wp-content\/uploads\/2026\/09\/HROLqe_bsAAbeqX-U02302657256doj-680x476@El Correo.jpg\" class=\"v-a-img\" width=\"680\" height=\"478\" alt=\"\" data-voc-vtm-id=\"in-text-traffic\"\/><\/p>\n<p class=\"v-d-p\">En Lorca, Brennan se emocion\u00f3 m\u00e1s que en ninguna de sus dos anteriores victorias en esta Vuelta. Record\u00f3 los sacrificios. Las noches en vela regresando los domingos de B\u00e9lgica a las 3 de la ma\u00f1ana y despert\u00e1ndose a las ocho para ir al instituto. Ese fue su despegue con el Fensham Howes-MAS Design, el equipo junior ingl\u00e9s liderado por Giles Pidcock, el padre de Tom Pidcock. Su puerta de entrada al Visma.<\/p>\n<p class=\"v-d-p\">\u00abEstoy en un equipo lleno de grandes campeones, con compa\u00f1eros que han estado en podios de Grandes Vueltas, que las han ganado o que han triunfado en grandes cl\u00e1sicas\u00bb, alab\u00f3. \u00abEl hecho de que apuesten por m\u00ed cada vez es una oportunidad incre\u00edble y estoy realmente agradecido de que vayan a todo gas por m\u00ed\u00bb, expuso tras un dominio apabullante.<\/p>\n<p class=\"v-d-p\">En la clasificaci\u00f3n aparecer\u00e1n segundo Bryan Coquard y tercero Jordi Meeus, pero no tuvieron ninguna opci\u00f3n de ganar. Si un sprint fuera una partida de petanca, ellos fueron los que m\u00e1s cerca se quedaron del objetivo, del boliche. Pero en el ciclismo eso no tiene premio ni consuelo. Y menos en las jornadas llanas con las que La Vuelta llega a Lorca, consolidada estos a\u00f1os como capital de la petanca con su Open Internacional.  <\/p>\n<p class=\"v-d-p\">El sprint, como todos los d\u00edas salvo el de la locura de Xeraco, lo lanz\u00f3 el equipo Visma. El de Lorca ten\u00eda una clave muy marcada. Una curva cerrada, de casi 180 grados, a 400 metros de la meta. Hab\u00eda que entrar primero en ese giro tan pronunciado. Primaba la posici\u00f3n. Salir en cabeza. Ahorrarse el sobreesfuerzo que supon\u00eda salir mal colocado. El conjunto neerland\u00e9s lo bord\u00f3. Tras el arco del \u00faltimo kil\u00f3metro, Laporte aceler\u00f3 la marcha. Se coloc\u00f3 al frente del pelot\u00f3n y llev\u00f3 a sus dos compa\u00f1eros a rueda. Antes de la curva, se apart\u00f3.<\/p>\n<p class=\"v-d-p\">Mientras su rivales se enzarzaban, Brennan sal\u00eda en segunda posici\u00f3n. Agachado. Bien acoplado tras Van Aert. Suyo fue el lanzamiento tras desperdiciar la oportunidad que le dio el equipo el d\u00eda anterior en Elche de la Sierra. Fue tan decisiva la colocaci\u00f3n que hasta logr\u00f3 acabar quinto. M\u00e1s puntos para asegurar el liderato de la clasificaci\u00f3n por puntos, hu\u00e9rfana sin Pogacar y Pedersen, que no tom\u00f3 la salida en Cartagena por enfermedad.<\/p>\n<p><img decoding=\"async\" loading=\"lazy\" src=\"https:\/\/www.europesays.com\/es\/wp-content\/uploads\/2026\/09\/HRONyShakAA70w3-U76281446881Biz-680x476@El Correo.jpg\" class=\"v-a-img\" width=\"680\" height=\"478\" alt=\"\" data-voc-vtm-id=\"in-text-traffic\"\/><\/p>\n<p class=\"v-d-p\">Alessandro Covi (Jayco) sonre\u00eda por la ma\u00f1ana m\u00e1s que otros d\u00edas. El Paseo Alfonso XII de Cartagena le tra\u00eda buenos recuerdos. All\u00ed logr\u00f3 su primera victoria profesional. \u00abMe hice un tatuaje de una ancla porque el final fue en el puerto\u00bb, recordaba. Motivado, se fug\u00f3 de salida con Domen Novak (UAE), y dos de los habituales: Ethan Hayter (Soudal) y Sinuh\u00e9 Fern\u00e1ndez (Burgos-Burpellet). En un terreno tan \u00e1rido y plano, los cuatro estaban condenados. Fue una escapada fugaz.<\/p>\n<p class=\"v-d-p\">El calor h\u00famedo procedente el Mar Menor templ\u00f3 el inicio de la etapa. Rod\u00f3 tranquila hasta que encontr\u00f3 la recta sin fin que va de Rold\u00e1n a Balsapintada, expuesta al viento. Pello Bilbao entr\u00f3 al relevo m\u00e1s fuerte. Los Lidl-Trek le siguieron. Los EF Education se ordenaron. Enric Mas, un d\u00eda, m\u00e1s bien atento. El amago de abanicos a 90 kil\u00f3metros de meta engull\u00f3 a la fuga. <\/p>\n<p class=\"v-d-p\">Hayter volvi\u00f3 a a intentarlo luego con Warbasse con el mismo fin, pero distinta forma, que el Pinarello aceler\u00f3 el ritmo en la \u00fanica subida de la jornada. A la salida de Totana, la puerta de la Sierra de Espu\u00f1a, daba inicio el Alto de Aledo. Dunbar tens\u00f3 a muchos corredores en las rampas finales, pero no a las Visma. Van Aert arranc\u00f3 a por los puntos de monta\u00f1a. Buitrago, que llegaba a recoger su bot\u00edn de puntos con el maillot de lunares, se qued\u00f3 a cuadros.<\/p>\n<p class=\"v-d-p\">\u00abCuando tienes a Laporte, Van Aert y Brennan, no hay mucho que puedas hacer\u00bb, asumi\u00f3 Coquard. Tras una d\u00e9cada buscando un vag\u00f3n al que subirse en los trenes de lanzamientos de los sprints, est\u00e1 satisfecho ya con su victoria en Xeraco. Sonr\u00ede tambi\u00e9n Enric Mas, que afronta en Calar Alto otra oportunidad para consolidar su liderato en La Vuelta. \u00abCreo que los otros equipos intentar\u00e1n una carrera dura, intentaremos defendernos de la mejor manera\u00bb. \u00bfAl ataque? No lo descarta.<\/p>\n","protected":false},"excerpt":{"rendered":"Lorca tendr\u00e1 cuatro estaciones cuando llegue el AVE. Por el momento, siguen con tres. El invierno no existe.&hellip;\n","protected":false},"author":2,"featured_media":745687,"comment_status":"","ping_status":"","sticky":false,"template":"","format":"standard","meta":{"footnotes":""},"categories":[273],"tags":[17416,313,777,312,168,25,24,27005,2829,23,167],"class_list":["post-745686","post","type-post","status-publish","format-standard","has-post-thumbnail","category-ciclismo","tag-brennan","tag-ciclismo","tag-ciudad","tag-cycling","tag-deportes","tag-es","tag-espana","tag-matricula","tag-sol","tag-spain","tag-sports"],"share_on_mastodon":{"url":"https:\/\/pubeurope.com\/@es\/117207966788532971","error":""},"_links":{"self":[{"href":"https:\/\/www.europesays.com\/es\/wp-json\/wp\/v2\/posts\/745686","targetHints":{"allow":["GET"]}}],"collection":[{"href":"https:\/\/www.europesays.com\/es\/wp-json\/wp\/v2\/posts"}],"about":[{"href":"https:\/\/www.europesays.com\/es\/wp-json\/wp\/v2\/types\/post"}],"author":[{"embeddable":true,"href":"https:\/\/www.europesays.com\/es\/wp-json\/wp\/v2\/users\/2"}],"replies":[{"embeddable":true,"href":"https:\/\/www.europesays.com\/es\/wp-json\/wp\/v2\/comments?post=745686"}],"version-history":[{"count":0,"href":"https:\/\/www.europesays.com\/es\/wp-json\/wp\/v2\/posts\/745686\/revisions"}],"wp:featuredmedia":[{"embeddable":true,"href":"https:\/\/www.europesays.com\/es\/wp-json\/wp\/v2\/media\/745687"}],"wp:attachment":[{"href":"https:\/\/www.europesays.com\/es\/wp-json\/wp\/v2\/media?parent=745686"}],"wp:term":[{"taxonomy":"category","embeddable":true,"href":"https:\/\/www.europesays.com\/es\/wp-json\/wp\/v2\/categories?post=745686"},{"taxonomy":"post_tag","embeddable":true,"href":"https:\/\/www.europesays.com\/es\/wp-json\/wp\/v2\/tags?post=745686"}],"curies":[{"name":"wp","href":"https:\/\/api.w.org\/{rel}","templated":true}]}}