{"id":745694,"date":"2026-09-03T16:12:24","date_gmt":"2026-09-03T16:12:24","guid":{"rendered":"https:\/\/www.europesays.com\/es\/745694\/"},"modified":"2026-09-03T16:12:24","modified_gmt":"2026-09-03T16:12:24","slug":"antena-3-estrena-este-jueves-la-serie-las-hijas-de-la-criada-una-adaptacion-de-la-novela-de-sonsoles-onega","status":"publish","type":"post","link":"https:\/\/www.europesays.com\/es\/745694\/","title":{"rendered":"Antena 3 estrena este jueves la serie &#8216;Las hijas de la criada&#8217;, una adaptaci\u00f3n de la novela de Sonsoles \u00d3nega"},"content":{"rendered":"<p>La adaptaci\u00f3n de la novela de Sonsoles \u00d3nega <b>&#8216;Las hijas de la criada&#8217;<\/b> se estrena este jueves en <b>Antena 3,<\/b> despu\u00e9s de <b>El Hormiguero<\/b>. En esta nueva serie, las hermanas de la familia de los Vald\u00e9s pelear\u00e1n por aquello en lo que creen: su familia, su trabajo y sus derechos.<\/p>\n<p>Seg\u00fan detalla Atresmedia en un comunicado, la ficci\u00f3n est\u00e1 ambientada a principios del siglo XX y retrata un drama de la \u00e9poca a trav\u00e9s de la <b>saga familiar de los Vald\u00e9s<\/b>.<\/p>\n<p>Este se situar\u00e1 en un pazo gallego y en una Cuba de pasado colonial, y abordar\u00e1 temas como amores prohibidos, traiciones, la lucha de clases, envidias y secretos. La producci\u00f3n estar\u00e1 protagonizada por Ver\u00f3nica S\u00e1nchez como In\u00e9s Lazariego, Carlota Bar\u00f3 ser\u00e1 Renata Comesa\u00f1a y Alian Hern\u00e1ndez tomar\u00e1 el papel de Gustavo Vald\u00e9s.<\/p>\n<p>Adem\u00e1s, participar\u00e1n en la serie <b>Judith Fern\u00e1ndez<\/b> en el papel de Clara Alonso Comesa\u00f1a, <b>Matina Cariddi<\/b> quien interpretar\u00e1 a Catalina Vald\u00e9s, <b>\u00c1lex Villaz\u00e1n<\/b> como Jaime Vald\u00e9s Lazariego, <b>Tomy Aguilera<\/b> ser\u00e1 Celso y <b>Roque Ruiz<\/b> tomar\u00e1 el personaje de Braulio Barba.<\/p>\n<p>Equipo a cargo de la serie<\/p>\n<p>La ficci\u00f3n est\u00e1 <b>dirigida<\/b> por Menna Fit\u00e9 y Alejo Flah. Sonia Mart\u00ednez es la <b>productora ejecutiva<\/b> de &#8216;Las hijas de la criada&#8217;. Luc\u00eda Alonso-Allende es la <b>coproductora ejecutiva<\/b> de la serie.<\/p>\n<p>El <b>equipo de guion<\/b> est\u00e1 al mando de Irene Rodr\u00edguez, Alba Luc\u00edo y Tatiana Rodr\u00edguez. Sara Mu\u00f1oz es la <b>directora de producci\u00f3n<\/b>. Chechu Graf e Iv\u00e1n Caso se encargan de la <b>direcci\u00f3n de fotograf\u00eda<\/b>, y Jorge Fern\u00e1ndez de Soto es el responsable del <b>dise\u00f1o de producci\u00f3n<\/b>.<\/p>\n<p>Javier Gonz\u00e1lez lleva las riendas del <b>equipo de sonido<\/b>, mientras que Nathareth Colomina es la <b>dise\u00f1adora de vestuario<\/b>. Patricia Rodr\u00edguez es la jefa de <b>Maquillaje y Mauro Gast\u00f3n<\/b>, el jefe de peluquer\u00eda. La directora de &#8216;casting&#8217; es Conchi Iglesias. Iv\u00e1n Palomares es el compositor de la m\u00fasica original.<\/p>\n<p>Ganadora del Premio Planeta en 2023<\/p>\n<p>Seg\u00fan Atresmedia, la escritora, presentadora y periodista <b>Sonsoles \u00d3nega<\/b> sumerge al lector en esta <b>novela<\/b> en un relato hist\u00f3rico lleno de intrigas, deslealtades y pasiones ocultas, cuyas protagonistas luchan sin cesar por las ideas en las que creen, su familia, su trabajo y sus derechos. La novela &#8216;Las hijas de la criada&#8217; gan\u00f3 el <b>Premio Planeta 2023<\/b>, cuenta con 20 ediciones y ha vendido <b>m\u00e1s de un mill\u00f3n de copias<\/b>, convirti\u00e9ndose en el titulo literario m\u00e1s vendido del a\u00f1o 2023.<\/p>\n<p>Puedes ver el informativo completo &#8216;Noticias 1&#8217; en <a title=\"Atresplayer.\" href=\"https:\/\/www.atresplayer.com\/antena3\/noticias\/noticias-1?cp=contenido&amp;ds=www.antena3.com&amp;pt=contenido&amp;ss=www.antena3.com%2Fnoticias\" target=\"_blank\" rel=\"nofollow noopener\"><strong>Atresplayer.<\/strong><\/a><\/p>\n<p><img alt=\"Encierro de San Sebasti\u00e1n de los Reyes\" width=\"472\" height=\"266\" src=\"https:\/\/www.europesays.com\/es\/wp-content\/uploads\/2026\/09\/encierro-san-sebastian-reyes_177.jpg\" loading=\"lazy\" class=\"lazy video-main-picture\"  decoding=\"async\" \/><\/p>\n","protected":false},"excerpt":{"rendered":"La adaptaci\u00f3n de la novela de Sonsoles \u00d3nega &#8216;Las hijas de la criada&#8217; se estrena este jueves en&hellip;\n","protected":false},"author":2,"featured_media":745695,"comment_status":"","ping_status":"","sticky":false,"template":"","format":"standard","meta":{"footnotes":""},"categories":[171],"tags":[4040,146,147,25,24,2056,23,214],"class_list":["post-745694","post","type-post","status-publish","format-standard","has-post-thumbnail","category-tv","tag-antena-3","tag-entertainment","tag-entretenimiento","tag-es","tag-espana","tag-sonsoles-onega","tag-spain","tag-tv"],"share_on_mastodon":{"url":"https:\/\/pubeurope.com\/@es\/117207994481856800","error":""},"_links":{"self":[{"href":"https:\/\/www.europesays.com\/es\/wp-json\/wp\/v2\/posts\/745694","targetHints":{"allow":["GET"]}}],"collection":[{"href":"https:\/\/www.europesays.com\/es\/wp-json\/wp\/v2\/posts"}],"about":[{"href":"https:\/\/www.europesays.com\/es\/wp-json\/wp\/v2\/types\/post"}],"author":[{"embeddable":true,"href":"https:\/\/www.europesays.com\/es\/wp-json\/wp\/v2\/users\/2"}],"replies":[{"embeddable":true,"href":"https:\/\/www.europesays.com\/es\/wp-json\/wp\/v2\/comments?post=745694"}],"version-history":[{"count":0,"href":"https:\/\/www.europesays.com\/es\/wp-json\/wp\/v2\/posts\/745694\/revisions"}],"wp:featuredmedia":[{"embeddable":true,"href":"https:\/\/www.europesays.com\/es\/wp-json\/wp\/v2\/media\/745695"}],"wp:attachment":[{"href":"https:\/\/www.europesays.com\/es\/wp-json\/wp\/v2\/media?parent=745694"}],"wp:term":[{"taxonomy":"category","embeddable":true,"href":"https:\/\/www.europesays.com\/es\/wp-json\/wp\/v2\/categories?post=745694"},{"taxonomy":"post_tag","embeddable":true,"href":"https:\/\/www.europesays.com\/es\/wp-json\/wp\/v2\/tags?post=745694"}],"curies":[{"name":"wp","href":"https:\/\/api.w.org\/{rel}","templated":true}]}}