{"id":745710,"date":"2026-09-03T16:20:18","date_gmt":"2026-09-03T16:20:18","guid":{"rendered":"https:\/\/www.europesays.com\/es\/745710\/"},"modified":"2026-09-03T16:20:18","modified_gmt":"2026-09-03T16:20:18","slug":"maduro-apela-a-su-inmunidad-y-pide-desestimar-cargos-en-su-contra-en-eeuu","status":"publish","type":"post","link":"https:\/\/www.europesays.com\/es\/745710\/","title":{"rendered":"Maduro apela a su inmunidad y pide desestimar cargos en su contra en EEUU"},"content":{"rendered":"<p>    <img src=\"https:\/\/www.europesays.com\/es\/wp-content\/uploads\/2026\/09\/2026-09-03T153A323A51Z-92001662.jpg\" width=\"1024\" height=\"682\" alt=\"\" loading=\"eager\" decoding=\"sync\" fetchpriority=\"high\"\/><\/p>\n<p>            afp_tickers        <\/p>\n<p>        Este contenido fue publicado en    <\/p>\n<p>        03 septiembre 2026 &#8211; 17:32\n<\/p>\n<p>El derrocado presidente venezolano Nicol\u00e1s Maduro pidi\u00f3 a la justicia estadounidense desestimar los cargos en su contra, y apel\u00f3 a su inmunidad como jefe de Estado, cuando cumple ocho meses detenido en Nueva York.<\/p>\n<p>Maduro consider\u00f3 que el tribunal de Nueva York que lleva adelante su caso \u00abno es competente\u00bb para juzgarlo a \u00e9l ni tampoco a su esposa Cilia Flores, tambi\u00e9n presa en Estados Unidos, seg\u00fan un documento presentado por sus abogados ante el tribunal de Nueva York.<\/p>\n<p>Maduro, de 63 a\u00f1os, es acusado de cuatro delitos, entre ellos el de \u00abnarcoterorismo\u00bb. Su juicio debe comenzar el 1 de junio de 2027.<\/p>\n<p>Fue capturado junto con Flores el 3 de enero en Caracas, en una intervenci\u00f3n militar estadounidense.\u00a0<\/p>\n<p>Desde entonces, su exvicepresidenta Delcy Rodr\u00edguez gobierna Venezuela de manera interina, bajo fuerte presi\u00f3n de Washington.<\/p>\n<p>\u2013 \u00abPrisionero de guerra\u00bb \u2013<\/p>\n<p>\u00abNing\u00fan tribunal estadounidense ha presidido jam\u00e1s el juicio penal de un l\u00edder extranjero que fuera reconocido por su propio pa\u00eds como jefe de Estado en ejercicio en el momento en que se presentaron los cargos\u00bb, se\u00f1ala el texto de la defensa.<\/p>\n<p>\u00abLa inmunidad de los jefes de Estados soberanos constituye un principio fundamental del derecho internacional\u00bb, sostienen los abogados Barry Pollack y Anna Estevao.<\/p>\n<p>Seg\u00fan el documento, Maduro tiene adem\u00e1s derecho a inmunidad puesto que los cargos presentados en Estados Unidos abarcan el tiempo en que ejerc\u00eda como presidente de Venezuela.<\/p>\n<p>En su primera comparecencia ante el juez Alvin Hellerstein, el 6 de enero de 2026, Maduro clam\u00f3 su inocencia, afirm\u00f3 que segu\u00eda siendo el presidente de Venezuela y lanz\u00f3: \u00abSoy un prisionero de guerra\u00bb.<\/p>\n<p>Maduro lleg\u00f3 por primera vez a la presidencia en 2013, tras la muerte del entonces presidente izquierdista Hugo Ch\u00e1vez.<\/p>\n<p>Sus sucesivas reelecciones en 2018 y 2024 fueron desconocidas por Estados Unidos y otros pa\u00edses de Europa y Am\u00e9rica Latina, que consideraron esos comicios como fraudulentos.\u00a0<\/p>\n<p>En otra serie de documentos judiciales, Flores, de 69 a\u00f1os, se uni\u00f3 a los argumentos de su esposo.<\/p>\n<p>El juez debe responder a esta solicitud en una audiencia el 17 de noviembre.<\/p>\n<p>La pareja est\u00e1 detenida desde enero en una c\u00e1rcel de Brooklyn bajo un r\u00e9gimen estricto, sin acceso a diarios o internet.<\/p>\n<p>Sin embargo, Maduro est\u00e1 autorizado a hablar por tel\u00e9fono con su familia y sus abogados durante aproximadamente 300 minutos al mes, con un m\u00e1ximo de 15 minutos por llamada, seg\u00fan una fuente cercana al dirigente.<\/p>\n<p>Hace pocos d\u00edas, se publicaron unas fotos de Maduro en redes sociales, junto con un mensaje en el que asegur\u00f3 estar \u00abfirme\u00bb.<\/p>\n<p>\u00abSeguiremos fuertes, serenos y confiados: Dios est\u00e1 con nosotros. Dios proveer\u00e1. Venezuela renacer\u00e1\u00bb, afirm\u00f3.<\/p>\n<p>La administraci\u00f3n penitenciaria estadounidense no respondi\u00f3 a preguntas de la AFP sobre c\u00f3mo fueron tomadas esas im\u00e1genes.<\/p>\n<p>Su hijo Nicol\u00e1s Maduro Guerra asegura que se encuentra en buena forma y que dedica su tiempo al estudio de la Biblia.<\/p>\n<p>rh\/eml\/nn\/mr<\/p>\n","protected":false},"excerpt":{"rendered":"afp_tickers Este contenido fue publicado en 03 septiembre 2026 &#8211; 17:32 El derrocado presidente venezolano Nicol\u00e1s Maduro pidi\u00f3&hellip;\n","protected":false},"author":2,"featured_media":745711,"comment_status":"","ping_status":"","sticky":false,"template":"","format":"standard","meta":{"footnotes":""},"categories":[42],"tags":[17,18,11892,83,27495,13,14,4437,11,30459,61,62,63,86,64,11894,11895,19,20,7657,9,10,15,16,88,12090,90,12,11896,21,22,65,66,67],"class_list":["post-745710","post","type-post","status-publish","format-standard","has-post-thumbnail","category-internacional","tag-breaking-news","tag-breakingnews","tag-crime","tag-diplomacy","tag-drug-trafficking","tag-featured-news","tag-featurednews","tag-government","tag-headlines","tag-heads-of-state","tag-internacional","tag-international","tag-international-news","tag-international-relations","tag-internationalnews","tag-judiciary-system-of-justice","tag-justice-and-rights","tag-latest-news","tag-latestnews","tag-law-and-order","tag-news","tag-noticias","tag-noticias-destacadas","tag-noticiasdestacadas","tag-politics","tag-politics-general","tag-ticker","tag-titulares","tag-trials","tag-ultimas-noticias","tag-ultimasnoticias","tag-world","tag-world-news","tag-worldnews"],"share_on_mastodon":{"url":"","error":"Validation failed: Text character limit of 500 exceeded"},"_links":{"self":[{"href":"https:\/\/www.europesays.com\/es\/wp-json\/wp\/v2\/posts\/745710","targetHints":{"allow":["GET"]}}],"collection":[{"href":"https:\/\/www.europesays.com\/es\/wp-json\/wp\/v2\/posts"}],"about":[{"href":"https:\/\/www.europesays.com\/es\/wp-json\/wp\/v2\/types\/post"}],"author":[{"embeddable":true,"href":"https:\/\/www.europesays.com\/es\/wp-json\/wp\/v2\/users\/2"}],"replies":[{"embeddable":true,"href":"https:\/\/www.europesays.com\/es\/wp-json\/wp\/v2\/comments?post=745710"}],"version-history":[{"count":0,"href":"https:\/\/www.europesays.com\/es\/wp-json\/wp\/v2\/posts\/745710\/revisions"}],"wp:featuredmedia":[{"embeddable":true,"href":"https:\/\/www.europesays.com\/es\/wp-json\/wp\/v2\/media\/745711"}],"wp:attachment":[{"href":"https:\/\/www.europesays.com\/es\/wp-json\/wp\/v2\/media?parent=745710"}],"wp:term":[{"taxonomy":"category","embeddable":true,"href":"https:\/\/www.europesays.com\/es\/wp-json\/wp\/v2\/categories?post=745710"},{"taxonomy":"post_tag","embeddable":true,"href":"https:\/\/www.europesays.com\/es\/wp-json\/wp\/v2\/tags?post=745710"}],"curies":[{"name":"wp","href":"https:\/\/api.w.org\/{rel}","templated":true}]}}