{"id":745720,"date":"2026-09-03T16:30:09","date_gmt":"2026-09-03T16:30:09","guid":{"rendered":"https:\/\/www.europesays.com\/es\/745720\/"},"modified":"2026-09-03T16:30:09","modified_gmt":"2026-09-03T16:30:09","slug":"saski-baskonia-aj-lawson-vais-a-ver-algunos-mates-espectaculares","status":"publish","type":"post","link":"https:\/\/www.europesays.com\/es\/745720\/","title":{"rendered":"Saski Baskonia AJ. Lawson: \u201cVais a ver algunos mates espectaculares\u201d"},"content":{"rendered":"<p class=\"\">El Baskonia ha presentado su segundo fichaje del verano, el canadiense AJ. Lawson. Su madre naci\u00f3 en Jamaica y por eso tiene pasaporte del pa\u00eds caribe\u00f1o. No ocupar\u00e1 plaza de extracomunitario. El escolta afronta su primera experiencia en el baloncesto europeo con la m\u00e1xima ilusi\u00f3n y con una idea muy clara: ayudar al equipo a ganar. <b>Llevar\u00e1 el dorsal 1 a la espalda y dijo que \u201cestoy muy emocionado de estar aqu\u00ed<\/b>, de dar mi 100%, ayudar al equipo a ganar y simplemente jugar el mejor baloncesto que pueda\u201d. Firma para dos temporadas. <\/p>\n<p class=\"\">El base cree que en Vitoria hay mucha cultura de baloncesto y una mentalidad ganadora. \u201cSent\u00ed que era una gran oportunidad. Hay un buen baloncesto, una cultura de ganar partidos y t\u00edtulos. Vi que el a\u00f1o pasado ganaron la Copa y quiero contribuir a eso este a\u00f1o.<b> Quiero ser yo mismo, aportar esa energ\u00eda, esa presencia defensiva y ofensiva <\/b>en transici\u00f3n y simplemente ser yo y dejar que mi juego funcione\u201d, a\u00f1adi\u00f3 convencido en su puesta de largo.<\/p>\n<p class=\"\">Lo que s\u00ed tiene que hacer es acostumbrarse al baloncesto europeo y asumir las reglas del basket FIBA. \u201cPara m\u00ed, probablemente, sea solo cuesti\u00f3n de aprender el ritmo del juego. En la ACB va a ser un juego de ritmo r\u00e1pido. Solo tengo que ser yo, tirar cuando est\u00e9 abierto, jugar una defensa dura y jugar con toneladas de energ\u00eda.<b> Siento que si hago eso, no voy a tener ning\u00fan problema<\/b>\u201d, se\u00f1al\u00f3. Tambi\u00e9n ha deslizado lo que le pide el entrenador: \u201cquiere una buena defensa, jugar mi juego en transici\u00f3n, usar mi velocidad a mi favor y luego tirar cuando est\u00e9 abierto, lanzar los triples y anotarlos\u201d, indic\u00f3.<\/p>\n<p class=\"\">Y sigui\u00f3 respondiendo a las preguntas. \u201cVais a ver unos mates espectaculares. Siento que mi juego es bastante completo. Puedo tirar, puedo driblar, puedo jugar defensa.<b> Vas a ver algunos <\/b><b>crossovers<\/b><b>, tal vez algunas personas cayendo al suelo<\/b> y, especialmente, algunos mates destacados\u201d, confirm\u00f3 en tono jocoso. Se ve que es un tipo afable que valora muchas cosas en el d\u00eda a d\u00eda. \u201cLo que tengo claro es que aqu\u00ed se come muy bien\u201d, justific\u00f3. \u201cMe he sentido muy bienvenido y nuestro equipo es genial\u201d, explic\u00f3.<\/p>\n<p>Presencia del director deportivoNoticias relacionadas<\/p>\n<p class=\"\">F\u00e9lix Fern\u00e1ndez conf\u00eda precisamente en que ese f\u00edsico le permita a Lawson convertirse en una pieza importante en ambas competiciones. El club espera que su capacidad atl\u00e9tica, su energ\u00eda y su envergadura tengan impacto en los dos lados de la pista y considera que, a sus 26 a\u00f1os, llega en un momento especialmente bueno.<b> De Diop coment\u00f3 que \u201cayer se aceleraron las cosas y ahora buscamos dos interiores\u201d<\/b> y de la pretemporada a\u00f1adi\u00f3 que \u201ces posible que no juguemos en Le\u00f3n contra el Madrid. Tenemos pocos jugadores entre lesionados y los que todav\u00eda no han llegado a Vitoria\u201d.<\/p>\n<p class=\"\"><b>\u00a1Lleva el deporte contigo! <\/b>Descarga la App de AS para recibir alertas al instante y configura en <b>MiZona <\/b>qu\u00e9 quieres leer, sigue a tus equipos y consulta sus partidos. <a href=\"https:\/\/trackingcodes.prisamedia.com\/as.html?utm_campaign=cierre_articulo&amp;utm_source=web\" target=\"_blank\" rel=\"nofollow noopener\" title=\"https:\/\/trackingcodes.prisamedia.com\/as.html?utm_campaign=cierre_articulo&amp;utm_source=web\"><b>Desc\u00e1rgala aqu\u00ed.<\/b><\/a><b> <\/b>\u00bfAdem\u00e1s buscas licenciar contenido? Haz clic <a href=\"https:\/\/profesional.elpais.com\/soluciones-sindicacion?utm_medium=interno&amp;utm_source=crosslinking&amp;utm_campaign=sindicacion_as_pie_articulos\" target=\"_blank\" rel=\"nofollow noopener\" title=\"https:\/\/profesional.elpais.com\/soluciones-sindicacion?utm_medium=interno&amp;utm_source=crosslinking&amp;utm_campaign=sindicacion_as_pie_articulos\">aqu\u00ed<\/a><\/p>\n","protected":false},"excerpt":{"rendered":"El Baskonia ha presentado su segundo fichaje del verano, el canadiense AJ. Lawson. Su madre naci\u00f3 en Jamaica&hellip;\n","protected":false},"author":2,"featured_media":745721,"comment_status":"","ping_status":"","sticky":false,"template":"","format":"standard","meta":{"footnotes":""},"categories":[269],"tags":[299,298,168,25,24,23,167],"class_list":["post-745720","post","type-post","status-publish","format-standard","has-post-thumbnail","category-baloncesto","tag-baloncesto","tag-basketball","tag-deportes","tag-es","tag-espana","tag-spain","tag-sports"],"share_on_mastodon":{"url":"https:\/\/pubeurope.com\/@es\/117208064287688869","error":""},"_links":{"self":[{"href":"https:\/\/www.europesays.com\/es\/wp-json\/wp\/v2\/posts\/745720","targetHints":{"allow":["GET"]}}],"collection":[{"href":"https:\/\/www.europesays.com\/es\/wp-json\/wp\/v2\/posts"}],"about":[{"href":"https:\/\/www.europesays.com\/es\/wp-json\/wp\/v2\/types\/post"}],"author":[{"embeddable":true,"href":"https:\/\/www.europesays.com\/es\/wp-json\/wp\/v2\/users\/2"}],"replies":[{"embeddable":true,"href":"https:\/\/www.europesays.com\/es\/wp-json\/wp\/v2\/comments?post=745720"}],"version-history":[{"count":0,"href":"https:\/\/www.europesays.com\/es\/wp-json\/wp\/v2\/posts\/745720\/revisions"}],"wp:featuredmedia":[{"embeddable":true,"href":"https:\/\/www.europesays.com\/es\/wp-json\/wp\/v2\/media\/745721"}],"wp:attachment":[{"href":"https:\/\/www.europesays.com\/es\/wp-json\/wp\/v2\/media?parent=745720"}],"wp:term":[{"taxonomy":"category","embeddable":true,"href":"https:\/\/www.europesays.com\/es\/wp-json\/wp\/v2\/categories?post=745720"},{"taxonomy":"post_tag","embeddable":true,"href":"https:\/\/www.europesays.com\/es\/wp-json\/wp\/v2\/tags?post=745720"}],"curies":[{"name":"wp","href":"https:\/\/api.w.org\/{rel}","templated":true}]}}