{"id":745726,"date":"2026-09-03T16:33:16","date_gmt":"2026-09-03T16:33:16","guid":{"rendered":"https:\/\/www.europesays.com\/es\/745726\/"},"modified":"2026-09-03T16:33:16","modified_gmt":"2026-09-03T16:33:16","slug":"paredes-negras-una-cocina-amarilla-un-tocadiscos-de-willy-rizzo-esta-piso-de-paris-es-de-todo-menos-predecible","status":"publish","type":"post","link":"https:\/\/www.europesays.com\/es\/745726\/","title":{"rendered":"Paredes negras, una cocina amarilla, un tocadiscos de Willy Rizzo\u2026 esta piso de Par\u00eds es de todo menos predecible"},"content":{"rendered":"<p><strong>Libros, antig\u00fcedades y objetos fetiche inundan cada rinc\u00f3n de este piso de Par\u00eds<\/strong><\/p>\n<p>El d\u00eda a d\u00eda de Adrien Albou transcurre a toda velocidad. Despu\u00e9s de crear <strong>Le Garage, la l\u00ednea masculina de la firma de pr\u00eat-\u00e0-porter Paul &amp; Joe<\/strong>, y de cofundar los <strong><a href=\"https:\/\/www.revistaad.es\/tags\/restaurantes\" rel=\"nofollow noopener\" target=\"_blank\">restaurantes<\/a> japoneses Hando<\/strong> \u2013que ya cuentan con cuatro locales en la capital francesa\u2013, este joven (hiper)creativo se prepara ahora para lanzar <strong>Betsu Betsu, su propio sello discogr\u00e1fico.<\/strong> Y, sin embargo, todos estos proyectos apenas permiten hacerse una idea de la amplitud de su universo. Porque, desde ni\u00f1o, <strong>lo que mueve a Adrien Albou es una curiosidad inagotable,<\/strong> que lo lleva de los puestos del rastro de Saint-Ouen a los mercadillos de cer\u00e1mica japonesa. \u00c1vido de piezas, libros, arte y dise\u00f1o, se alimenta de cuanto lo rodea; es decir, pr\u00e1cticamente de todo. Su piso de Par\u00eds, a pocos pasos del El\u00edseo, entre importantes casas de subastas y boutiques de lujo, <strong>se ha convertido en el escaparate de sus numerosas colecciones.<\/strong> Nos abre las puertas de su hogar.<\/p>\n<p><img decoding=\"async\" alt=\"Retrato de Adrien Albou en la cocina de su piso de Par\u00eds\" loading=\"lazy\" class=\"ResponsiveImageContainer-dkeESL cQPiWi responsive-image__image\"   src=\"https:\/\/www.europesays.com\/es\/wp-content\/uploads\/2026\/09\/ADRIEN%20ALBOU%20YOUNG%20CREATIVES%202.jpg\"\/><\/p>\n<p>Adrien Albou en la cocina de su piso de Par\u00eds.<\/p>\n<p>\u00a9Robin Lefebvre<img decoding=\"async\" alt=\"Tocadiscos vintage y vinilos\" loading=\"lazy\" class=\"ResponsiveImageContainer-dkeESL cQPiWi responsive-image__image\"   src=\"https:\/\/www.europesays.com\/es\/wp-content\/uploads\/2026\/09\/ADRIEN%20ALBOU%20YOUNG%20CREATIVES%201.jpg\"\/><\/p>\n<p>Un rinc\u00f3n dedicado a la m\u00fasica, una de sus grandes pasiones.<\/p>\n<p>\u00a9Robin Lefebvre<strong>Homenaje al cantante Serge Gainsbourg<\/strong><\/p>\n<p>La entrada del apartamento, cona personalidad muy marcada, anticipa lo que encontraremos en el resto de la vivienda: <strong>un espacio pintado \u00edntegramente de negro y realzado por un parqu\u00e9 en damero,<\/strong> en homenaje al piso parisino del cantante franc\u00e9s <strong><a href=\"https:\/\/www.revistaad.es\/lugares\/articulos\/casa-serge-gainsbourg-paris\" rel=\"nofollow noopener\" target=\"_blank\">Serge Gainsbourg<\/a><\/strong> (1928-1991) \u201cDecid\u00ed pintar estas paredes de este color como referencia a un artista al que venero desde que era ni\u00f1o\u201d, explica. \u201cSu casa de la rue de Verneuil siempre me ha inspirado, incluso antes de que pudiera visitarla. El hecho de que durante tanto tiempo no se pudiera acceder a ella alimentaba la imaginaci\u00f3n; <strong>yo me nutr\u00eda de libros y de im\u00e1genes que encontraba por todas partes\u201d.<\/strong><\/p>\n<p>Como en la casa del legendario artista, la entrada de Adrien Albou est\u00e1 repleta de detalles personales. <strong>Las ilustraciones de Ren\u00e9 Gruau<\/strong>, dibujante que trabaj\u00f3 para grandes nombres de la moda como Christian Dior, son recuerdos de infancia que decoraban el piso de sus padres y que \u00e9l ha heredado. <strong>La gran fotograf\u00eda de <a href=\"https:\/\/www.revistaad.es\/lugares\/galerias\/sophie-jacqmin-bistro-de-l-arc\/8445\" rel=\"nofollow noopener\" target=\"_blank\">Jack Nicholson,<\/a><\/strong> tomada por Alain Benoit para la revista Fa\u00e7ade en los a\u00f1os 70 \u2013una edici\u00f3n limitada a tan solo 12 ejemplares\u2013, <strong>refleja la fascinaci\u00f3n del creativo por el mundo de la fiesta y la noche<\/strong>, al igual que <strong>el disco de oro de The Doors<\/strong> que, seg\u00fan cuenta, \u201cle quit\u00f3\u201d a su padre.<\/p>\n","protected":false},"excerpt":{"rendered":"Libros, antig\u00fcedades y objetos fetiche inundan cada rinc\u00f3n de este piso de Par\u00eds El d\u00eda a d\u00eda de&hellip;\n","protected":false},"author":2,"featured_media":745727,"comment_status":"","ping_status":"","sticky":false,"template":"","format":"standard","meta":{"footnotes":""},"categories":[173],"tags":[229,233,231,230,1530,232,234,146,147,25,24,23],"class_list":["post-745726","post","type-post","status-publish","format-standard","has-post-thumbnail","category-arte-y-diseno","tag-arte","tag-arte-y-diseno","tag-arts","tag-arts-and-design","tag-casas-ad","tag-design","tag-diseno","tag-entertainment","tag-entretenimiento","tag-es","tag-espana","tag-spain"],"share_on_mastodon":{"url":"https:\/\/pubeurope.com\/@es\/117208075793666852","error":""},"_links":{"self":[{"href":"https:\/\/www.europesays.com\/es\/wp-json\/wp\/v2\/posts\/745726","targetHints":{"allow":["GET"]}}],"collection":[{"href":"https:\/\/www.europesays.com\/es\/wp-json\/wp\/v2\/posts"}],"about":[{"href":"https:\/\/www.europesays.com\/es\/wp-json\/wp\/v2\/types\/post"}],"author":[{"embeddable":true,"href":"https:\/\/www.europesays.com\/es\/wp-json\/wp\/v2\/users\/2"}],"replies":[{"embeddable":true,"href":"https:\/\/www.europesays.com\/es\/wp-json\/wp\/v2\/comments?post=745726"}],"version-history":[{"count":0,"href":"https:\/\/www.europesays.com\/es\/wp-json\/wp\/v2\/posts\/745726\/revisions"}],"wp:featuredmedia":[{"embeddable":true,"href":"https:\/\/www.europesays.com\/es\/wp-json\/wp\/v2\/media\/745727"}],"wp:attachment":[{"href":"https:\/\/www.europesays.com\/es\/wp-json\/wp\/v2\/media?parent=745726"}],"wp:term":[{"taxonomy":"category","embeddable":true,"href":"https:\/\/www.europesays.com\/es\/wp-json\/wp\/v2\/categories?post=745726"},{"taxonomy":"post_tag","embeddable":true,"href":"https:\/\/www.europesays.com\/es\/wp-json\/wp\/v2\/tags?post=745726"}],"curies":[{"name":"wp","href":"https:\/\/api.w.org\/{rel}","templated":true}]}}