{"id":745744,"date":"2026-09-03T16:43:15","date_gmt":"2026-09-03T16:43:15","guid":{"rendered":"https:\/\/www.europesays.com\/es\/745744\/"},"modified":"2026-09-03T16:43:15","modified_gmt":"2026-09-03T16:43:15","slug":"repercusiones-de-la-ola-de-calor-excepcional-en-la-agricultura","status":"publish","type":"post","link":"https:\/\/www.europesays.com\/es\/745744\/","title":{"rendered":"Repercusiones de la ola de calor excepcional en la agricultura"},"content":{"rendered":"<p class=\"post-meta\"> Sep 3, 2026 | <a href=\"https:\/\/www.asajajaen.com\/tag\/calor\" rel=\"nofollow noopener\" target=\"_blank\">calor<\/a><a href=\"https:\/\/www.asajajaen.com\/tag\/copa-cogeca\" rel=\"nofollow noopener\" target=\"_blank\">COPA-Cogeca<\/a><a href=\"https:\/\/www.asajajaen.com\/tag\/europa\" rel=\"nofollow noopener\" target=\"_blank\">europa<\/a><\/p>\n<p>\t\t\t\t\t<a href=\"https:\/\/www.asajajaen.com\/wp-content\/uploads\/2024\/03\/24_03_14_Calor-1.jpg\" rel=\"nofollow noopener\" target=\"_blank\"><img fetchpriority=\"high\" decoding=\"async\" aria-describedby=\"caption-attachment-42389\" class=\"size-medium wp-image-42389\" src=\"https:\/\/www.europesays.com\/es\/wp-content\/uploads\/2026\/09\/24_03_14_Calor-1-300x222.jpg\" alt=\"\" width=\"300\" height=\"222\"  \/><\/a><\/p>\n<p id=\"caption-attachment-42389\" class=\"wp-caption-text\">24_03_14_Calor \u2013 1<\/p>\n<p>Los representantes de Copa y Cogeca informaron directamente al comisario Hansen sobre el deterioro generalizado de las condiciones agr\u00edcolas en la UE a ra\u00edz de los fen\u00f3menos meteorol\u00f3gicos extremos que han azotado Europa este verano. La informaci\u00f3n recibida de los miembros de Copa y Cogeca muestra que, si bien los efectos var\u00edan entre pa\u00edses y regiones, el sur, el centro y el oeste de Europa han sido los m\u00e1s gravemente afectados, y Eslovenia, Austria, Francia e Italia se encuentran entre los pa\u00edses que han registrado las consecuencias m\u00e1s graves. Tambi\u00e9n se han registrado da\u00f1os regionales significativos en Espa\u00f1a, Hungr\u00eda, Alemania, Croacia, Chequia, Irlanda y Ruman\u00eda. Los cultivos herb\u00e1ceos se han visto especialmente afectados, siendo los cereales, el ma\u00edz y las semillas oleaginosas algunos de los productos m\u00e1s perjudicados. Las p\u00e9rdidas de ma\u00edz han alcanzado entre el 50 % y el 70 % en Eslovenia, alrededor del 40 % en Francia y entre el 20 % y el 25 % en Italia, con p\u00e9rdidas de hasta el 70 % en algunas zonas no regadas. Las patatas, la remolacha azucarera y las hortalizas tambi\u00e9n han sufrido p\u00e9rdidas significativas, sobre todo en los lugares donde no se dispone de riego o este es insuficiente.<\/p>\n<p>Los cultivos permanentes tambi\u00e9n se han visto gravemente afectados. Las frutas, las uvas y las aceitunas han sufrido estr\u00e9s t\u00e9rmico, quemaduras solares, ca\u00edda de frutos y una reducci\u00f3n del tama\u00f1o y la calidad, con repercusiones especialmente graves en Croacia, Italia, Eslovenia y Espa\u00f1a. En Croacia, se estima que la producci\u00f3n de frutas y uvas es aproximadamente un 30 % inferior, mientras que, seg\u00fan los informes, m\u00e1s del 90 % de los olivares carecen de riego.<\/p>\n<p>La producci\u00f3n ganadera tambi\u00e9n se ve sometida a una presi\u00f3n cada vez mayor. La reducci\u00f3n de la disponibilidad de pastos y forraje ha reducido dr\u00e1sticamente la producci\u00f3n de heno y pastos, con p\u00e9rdidas que alcanzan al menos el 50 % en Hungr\u00eda y entre el 30 % y el 90 % en las zonas afectadas de Alemania. Francia, Eslovenia, Espa\u00f1a, Italia e Irlanda tambi\u00e9n est\u00e1n registrando una importante escasez de pienso. La producci\u00f3n de leche ya ha disminuido entre un 10 % y un 15 % en algunas zonas, mientras que el bienestar animal, la fertilidad y el tama\u00f1o de los reba\u00f1os tambi\u00e9n se est\u00e1n viendo afectados. La necesidad de adquirir piensos complementarios est\u00e1 aumentando los costes de producci\u00f3n y suscitando preocupaci\u00f3n por la seguridad alimentaria para el pr\u00f3ximo invierno.<\/p>\n<p>La crisis, que se suma a la crisis de los insumos y a los fuertes aumentos de los costes de los fertilizantes y la energ\u00eda, ya no es, por lo tanto, una mera cuesti\u00f3n relacionada con la cosecha de este verano. Supone un riesgo para la econom\u00eda, la producci\u00f3n y la seguridad alimentaria, as\u00ed como un riesgo de inflaci\u00f3n que se prolongar\u00e1 en los pr\u00f3ximos meses.<\/p>\n<p>Las respuestas a la crisis siguen siendo limitadas y, en gran medida, de \u00e1mbito nacional o regional, centr\u00e1ndose en las ayudas estatales, los seguros, la gesti\u00f3n del agua y el riego. Los dirigentes de la Copa y la Cogeca consideran que estas medidas son insuficientes, dada la magnitud europea y la extensi\u00f3n geogr\u00e1fica de los efectos. Abogan por una respuesta firme de la UE a corto, medio y largo plazo, con un alivio inmediato de la liquidez, un uso m\u00e1s flexible de los instrumentos de la PAC, una mayor coordinaci\u00f3n a nivel de la UE y una mayor inversi\u00f3n en la adaptaci\u00f3n al cambio clim\u00e1tico, incluyendo variedades resilientes, la gesti\u00f3n del agua, las infraestructuras de riego y mejores<br \/>herramientas de gesti\u00f3n de riesgos.<\/p>\n<p>A medio plazo, Europa debe abordar las limitaciones estructurales que restringen la capacidad de adaptaci\u00f3n de los agricultores. Esto deber\u00eda incluir medidas relativas a las Directivas sobre nitratos, la suspensi\u00f3n del CBAM y un paquete legislativo \u00ab\u00f3mnibus\u00bb sobre alimentos y piensos que ofrezca soluciones viables, incluido el acceso a productos fitosanitarios eficaces.<\/p>\n<p>De cara al futuro, este verano ha dejado claro que los fen\u00f3menos meteorol\u00f3gicos extremos ya no son excepcionales. Ahora afectan a toda Europa en todas las estaciones. La agricultura europea necesita una orientaci\u00f3n pol\u00edtica clara a largo plazo y recursos financieros suficientes para reforzar su resiliencia. La futura PAC y la OCM, junto con el Fondo Europeo de Competitividad, deben proporcionar la capacidad de inversi\u00f3n necesaria para la adaptaci\u00f3n, la innovaci\u00f3n, la gesti\u00f3n del agua y la gesti\u00f3n de riesgos.<\/p>\n<p>Los agricultores y sus cooperativas no solo producen alimentos y garantizan la seguridad alimentaria. Tambi\u00e9n gestionan nuestras tierras, conservan las zonas rurales y, como ha demostrado la lucha contra los incendios forestales de este verano, contribuyen directamente a la protecci\u00f3n de nuestras comunidades.<\/p>\n<p>Por lo tanto, necesitamos tanto una respuesta europea inmediata a esta crisis como una estrategia clara a largo plazo para hacer que la agricultura europea sea m\u00e1s resiliente. Copa y Cogeca est\u00e1n dispuestas a colaborar con la comisaria Hansen, la Comisi\u00f3n Europea, los Estados miembros y el Parlamento Europeo para garantizar que las lecciones de este verano se traduzcan en medidas concretas. Europa no puede permitirse esperar a la pr\u00f3xima crisis para invertir en la resiliencia de su agricultura.<\/p>\n","protected":false},"excerpt":{"rendered":"Sep 3, 2026 | calorCOPA-Cogecaeuropa 24_03_14_Calor \u2013 1 Los representantes de Copa y Cogeca informaron directamente al comisario&hellip;\n","protected":false},"author":2,"featured_media":745745,"comment_status":"","ping_status":"","sticky":false,"template":"","format":"standard","meta":{"footnotes":""},"categories":[42],"tags":[17,18,4922,132392,700,13,14,11,61,62,63,64,19,20,9,10,15,16,12,21,22,65,66,67],"class_list":["post-745744","post","type-post","status-publish","format-standard","has-post-thumbnail","category-internacional","tag-breaking-news","tag-breakingnews","tag-calor","tag-copa-cogeca","tag-europa","tag-featured-news","tag-featurednews","tag-headlines","tag-internacional","tag-international","tag-international-news","tag-internationalnews","tag-latest-news","tag-latestnews","tag-news","tag-noticias","tag-noticias-destacadas","tag-noticiasdestacadas","tag-titulares","tag-ultimas-noticias","tag-ultimasnoticias","tag-world","tag-world-news","tag-worldnews"],"share_on_mastodon":{"url":"https:\/\/pubeurope.com\/@es\/117208116194029854","error":""},"_links":{"self":[{"href":"https:\/\/www.europesays.com\/es\/wp-json\/wp\/v2\/posts\/745744","targetHints":{"allow":["GET"]}}],"collection":[{"href":"https:\/\/www.europesays.com\/es\/wp-json\/wp\/v2\/posts"}],"about":[{"href":"https:\/\/www.europesays.com\/es\/wp-json\/wp\/v2\/types\/post"}],"author":[{"embeddable":true,"href":"https:\/\/www.europesays.com\/es\/wp-json\/wp\/v2\/users\/2"}],"replies":[{"embeddable":true,"href":"https:\/\/www.europesays.com\/es\/wp-json\/wp\/v2\/comments?post=745744"}],"version-history":[{"count":0,"href":"https:\/\/www.europesays.com\/es\/wp-json\/wp\/v2\/posts\/745744\/revisions"}],"wp:featuredmedia":[{"embeddable":true,"href":"https:\/\/www.europesays.com\/es\/wp-json\/wp\/v2\/media\/745745"}],"wp:attachment":[{"href":"https:\/\/www.europesays.com\/es\/wp-json\/wp\/v2\/media?parent=745744"}],"wp:term":[{"taxonomy":"category","embeddable":true,"href":"https:\/\/www.europesays.com\/es\/wp-json\/wp\/v2\/categories?post=745744"},{"taxonomy":"post_tag","embeddable":true,"href":"https:\/\/www.europesays.com\/es\/wp-json\/wp\/v2\/tags?post=745744"}],"curies":[{"name":"wp","href":"https:\/\/api.w.org\/{rel}","templated":true}]}}