{"id":745752,"date":"2026-09-03T16:51:09","date_gmt":"2026-09-03T16:51:09","guid":{"rendered":"https:\/\/www.europesays.com\/es\/745752\/"},"modified":"2026-09-03T16:51:09","modified_gmt":"2026-09-03T16:51:09","slug":"jakob-omrzel-brilla-en-calar-alto-y-enric-mas-afianza-el-liderato-de-la-vuelta-a-espana-esciclismo","status":"publish","type":"post","link":"https:\/\/www.europesays.com\/es\/745752\/","title":{"rendered":"Jakob Omrzel brilla en Calar Alto y Enric Mas afianza el liderato de la Vuelta a Espa\u00f1a &#8211; Esciclismo"},"content":{"rendered":"<ol>\n<li><a href=\"https:\/\/news.google.com\/rss\/articles\/CBMiakFVX3lxTFBINndEZmdJenBZT0RMNk9HaGczdkF4X2RkeGNqeDZrVFFSWEZBZmxseWt2VmRWWEpYaVRpSXFPd3BsT1YyaU1xOGpXRGctNWNkNzRvcnZqNVF4YWZLQ1lIbE9BMmRHNmprSHc?oc=5\" target=\"_blank\" rel=\"nofollow noopener\">Jakob Omrzel brilla en Calar Alto y Enric Mas afianza el liderato de la Vuelta a Espa\u00f1a<\/a>&nbsp;&nbsp;Esciclismo<\/li>\n<li><a href=\"https:\/\/news.google.com\/rss\/articles\/CBMiwwFBVV95cUxOeXRCZVBBbk1zVHFsWmlXOVNkb1hzd2c4Vl9mWndXVHYtSnJkeGJybUFRTHBYYUZHbjZaWHhxVlNuMXJxRGQ4aks4UXZwb2RWMkJlMXEzcktuQUdIbGN2aE5XN1laS29VZGozb2wxd2U5UDl6QUwySk1yc0wzeUdWNUIwcXZaTThMRXJncHdWSnZhaDNSSTNQQnBtTHI1THEyUjVsQ0F4MlAxaF9wZFFzUHQ0ak14RTRwbEk1TmFPSmZnWTQ?oc=5\" target=\"_blank\" rel=\"nofollow noopener\">Un d\u00eda Mas y un d\u00eda menos para Enric: el l\u00edder &#8216;ara\u00f1a&#8217; a Roglic y Gall el d\u00eda que nace otra estrella eslovena<\/a>&nbsp;&nbsp;MARCA<\/li>\n<li><a href=\"https:\/\/news.google.com\/rss\/articles\/CBMisAFBVV95cUxQbmJiN3JhZm5HazFjS254VUFfbklkdkVYaHdsRy1EZEpTdzRTQkhxTmkxZGZ4S0pBUmtyN01ubFFFVmNNOU5OMm5nQ2h4SUVxOGVFVTVxZzVGcGEyWi1pYkpuTDFmWktRdlNUSlZFX3lKR3g5S2FnUU1TSnZSaEpUTzBqQnd1YWpHTW81RmpVZ0FhdmJXbHcySUxKb09fR3N6T2FXS1NyUTFqQTlNZWlPb9IBsAFBVV95cUxOSUR5MUtsOFc2bUk3RnhKSFZGNENrZzN1X3lrU1dkUnlabHlNM0Vub2tucVphYWUxRldscXBPcnhYcHZsWm53ZVVuNzE0NzdTUlpsNDNmcmJBMUVnSE1LMWVfVTE1RmRpc0UzUndqQnJNVmNRSnRUSzBub1lXcTNaM0VVa3ZWLW1TeVdvY0JNNV9FZEYybnhyQ0MyRnZwN2c1anAyS2hfXzZQYlZ0bF9Kcw?oc=5\" target=\"_blank\" rel=\"nofollow noopener\">Omrzel, el nuevo Pogacar, triunfa en la Vuelta ante un Mas desencadenado<\/a>&nbsp;&nbsp;El Peri\u00f3dico<\/li>\n<li><a href=\"https:\/\/news.google.com\/rss\/articles\/CBMiuwFBVV95cUxNTnhlWHllcDBXdFZtdWtPbUJWT0d2SUg3SHVyeWQ2Q1QzNDE5RWhILXgwZlljYXgtSmxqQmMzSjJ5bkd3aWRMVm5RNE9UdWMxVXp2ZDFZOHV6RGdhYnFldUs5NEFCWmNvZ0pvek5tS0Z5TnVqS2licnp6Mjl6b29oYnFaal9TNVNqRlBIRkVOQUt3c3RBQ3g5dUVNV2syMk8zMUI2X1ZSTUtMX2RuT2tUSkZubzNxaUcyYjU4?oc=5\" target=\"_blank\" rel=\"nofollow noopener\">La Vuelta 2026: perfil, recorrido, hora, d\u00f3nde ver y claves de la etapa 12 entre Vera y Calar Alto<\/a>&nbsp;&nbsp;RTVE.es<\/li>\n<li><a href=\"https:\/\/news.google.com\/rss\/articles\/CBMiogFBVV95cUxPNEF2TDIweFVpRWVUaGhJZktQaUVkSHZvMVdsUHdCQng0eDBub2hpSlZncUVTczZMVXA0aTZmenNXOGZlZUhrWngtZXRaZzNqelVEdzhlcFNSTi1UQjRua0NEbi1mZUVnMzE1anMycmFhSXVMbWxDTG5lTmdabnRCeWlIcU5lTXFXZUgyUl9SZ0ZIOVV4akk5RkdTMHpRZThGcVE?oc=5\" target=\"_blank\" rel=\"nofollow noopener\">Enric Mas se lo cree: gana m\u00e1s tiempo a Roglic en Calar Alto<\/a>&nbsp;&nbsp;ABC<\/li>\n<\/ol>\n","protected":false},"excerpt":{"rendered":"Jakob Omrzel brilla en Calar Alto y Enric Mas afianza el liderato de la Vuelta a Espa\u00f1a&nbsp;&nbsp;Esciclismo Un&hellip;\n","protected":false},"author":2,"featured_media":745753,"comment_status":"","ping_status":"","sticky":false,"template":"","format":"standard","meta":{"footnotes":""},"categories":[273],"tags":[12611,313,1757,21073,312,168,158,25,3871,24,21690,887,132394,23,167,12612],"class_list":["post-745752","post","type-post","status-publish","format-standard","has-post-thumbnail","category-ciclismo","tag-bahrain","tag-ciclismo","tag-ciclista","tag-conquistado","tag-cycling","tag-deportes","tag-el","tag-es","tag-esloveno","tag-espana","tag-jakob","tag-jueves","tag-omrzel","tag-spain","tag-sports","tag-victorious"],"share_on_mastodon":{"url":"https:\/\/pubeurope.com\/@es\/117208146671576544","error":""},"_links":{"self":[{"href":"https:\/\/www.europesays.com\/es\/wp-json\/wp\/v2\/posts\/745752","targetHints":{"allow":["GET"]}}],"collection":[{"href":"https:\/\/www.europesays.com\/es\/wp-json\/wp\/v2\/posts"}],"about":[{"href":"https:\/\/www.europesays.com\/es\/wp-json\/wp\/v2\/types\/post"}],"author":[{"embeddable":true,"href":"https:\/\/www.europesays.com\/es\/wp-json\/wp\/v2\/users\/2"}],"replies":[{"embeddable":true,"href":"https:\/\/www.europesays.com\/es\/wp-json\/wp\/v2\/comments?post=745752"}],"version-history":[{"count":0,"href":"https:\/\/www.europesays.com\/es\/wp-json\/wp\/v2\/posts\/745752\/revisions"}],"wp:featuredmedia":[{"embeddable":true,"href":"https:\/\/www.europesays.com\/es\/wp-json\/wp\/v2\/media\/745753"}],"wp:attachment":[{"href":"https:\/\/www.europesays.com\/es\/wp-json\/wp\/v2\/media?parent=745752"}],"wp:term":[{"taxonomy":"category","embeddable":true,"href":"https:\/\/www.europesays.com\/es\/wp-json\/wp\/v2\/categories?post=745752"},{"taxonomy":"post_tag","embeddable":true,"href":"https:\/\/www.europesays.com\/es\/wp-json\/wp\/v2\/tags?post=745752"}],"curies":[{"name":"wp","href":"https:\/\/api.w.org\/{rel}","templated":true}]}}