{"id":745754,"date":"2026-09-03T16:53:15","date_gmt":"2026-09-03T16:53:15","guid":{"rendered":"https:\/\/www.europesays.com\/es\/745754\/"},"modified":"2026-09-03T16:53:15","modified_gmt":"2026-09-03T16:53:15","slug":"elias-valtonen-el-valencia-basket-es-una-gran-oportunidad-de-probarme-a-mi-mismo","status":"publish","type":"post","link":"https:\/\/www.europesays.com\/es\/745754\/","title":{"rendered":"Elias Valtonen: \u00abEl Valencia Basket es una gran oportunidad de probarme a m\u00ed mismo\u00bb"},"content":{"rendered":"<p class=\"ft-text\">\u00abCuando un club como el Valencia Basket te llama es muy f\u00e1cil tomar la decisi\u00f3n. Seg\u00fan se fue desarrollando mi carrera, <strong>jugar en la Euroliga se convirti\u00f3 en mi objetivo y este club me da la oportunidad de probarme a m\u00ed mismo<\/strong>\u00ab. As\u00ed de contundente se mostr\u00f3 <a class=\"ft-link ft-link--decoration\" href=\"https:\/\/www.superdeporte.es\/valencia-basket\/2026\/08\/12\/valencia-basket-anuncia-fichaje-nuevo-valtonen-133304384.html\" rel=\"nofollow noopener\" target=\"_blank\">Elias Valtonen en su presentaci\u00f3n oficial como nuevo jugador del Valencia Basket <\/a>cuando fue preguntado por su decisi\u00f3n de empezar esta nueva aventura profesional de taronja.<\/p>\n<p class=\"ft-text\">Y eso que no tiene contrato garantizado, por lo que lograrlo ser\u00e1 uno de sus grandes objetivos esta temporada. \u00abMe gusta pensar en el d\u00eda a d\u00eda, trabajar duro, <strong>mi primer objetivo es garantizarme un puesto en el equipo y trabajar duro para conseguirlo<\/strong>. Luego ver el rol que se me asigna\u00bb, se\u00f1al\u00f3 <a class=\"ft-link ft-link--decoration\" href=\"https:\/\/acb.com\/es\/liga\/jugadores\/elias-valtonen-30001214\" rel=\"nofollow noopener\" target=\"_blank\">Valtonen<\/a>.<\/p>\n<p>Expectativas de Xavi Albert<\/p>\n<p class=\"ft-text\">Respecto a qu\u00e9 le va a pedir Xavi Albert esta temporada, destac\u00f3 que \u00ab<strong>me pide ser yo mismo, jugar con mi versatilidad, jugar con velocidad, tirar triples, jugar en defensa<\/strong>, estoy orgulloso en poder defender a jugadores de varias posiciones, en Manresa hace unas temporadas jugu\u00e9 un estilo parecido, estoy familiarizado con esta forma de jugar y este estilo\u00bb.<\/p>\n<p><img decoding=\"async\" src=\"https:\/\/www.europesays.com\/es\/wp-content\/uploads\/2026\/09\/b2732aa3-9af9-43e4-a16c-be5753b77dca_alta-libre-aspect-ratio_default_0_x800y355.jpg\" width=\"1200\" height=\"800\" alt=\"Elias Valtonen, entre Luis Arbalejo y V\u00edctor Luengo en el Roig Arena.\" class=\"ft-helper-img-rd\" loading=\"lazy\" fetchpriority=\"auto\"\/><\/p>\n<p class=\"ft-helper-fontColor-quaternary ft-helper-fontSize-body-S ft-helper-spacer-t-xxs\">Elias Valtonen, entre Luis Arbalejo y V\u00edctor Luengo en el Roig Arena.  \/ Miguel \u00c1ngel Montesinos<\/p>\n<p class=\"ft-text\">En la misma l\u00ednea y tras admitir que \u00abes mi primera presentaci\u00f3n de este estilo en mi carrera, estoy m\u00e1s nervioso que cuando juego\u00bb, a\u00f1adi\u00f3 que \u00abes una gran oportunidad, desde que empec\u00e9 en la segunda alemana he dado pasos adelante, en Manresa, Granada, y ahora una oportunidad como la del Valencia BC. <strong>Intentar\u00e9 encajar, aportar versatilidad y encajar en el grupo<\/strong>\u00ab.<\/p>\n<p>Ilusi\u00f3n por el Roig Arena<\/p>\n<p class=\"ft-text\">Respecto a la que ya es su nueva casa, el Roig Arena, se muestra ilusionado por jugar como local y m\u00e1s despu\u00e9s de no haber podido hacerlo el a\u00f1o pasado cuando vino como visitante. \u00abEs incre\u00edble, no pude jugar el a\u00f1o pasado, estaba lesionado, pero pude conocer el Arena, verlo desde la banda. Tambi\u00e9n hemos tenido la oportunidad de que nos ense\u00f1aran el Arena estos d\u00edas\u00bb.<\/p>\n<p><img decoding=\"async\" src=\"https:\/\/www.europesays.com\/es\/wp-content\/uploads\/2026\/09\/8317a76e-575d-4338-a3cc-c66d103ab305_alta-libre-aspect-ratio_default_0_x800y355.jpg\" width=\"1200\" height=\"800\" alt=\"Elias Valtonen, en su presentaci\u00f3n oficial como jugador del Valencia Basket.\" class=\"ft-helper-img-rd\" loading=\"lazy\" fetchpriority=\"auto\"\/><\/p>\n<p class=\"ft-helper-fontColor-quaternary ft-helper-fontSize-body-S ft-helper-spacer-t-xxs\">Elias Valtonen, en su presentaci\u00f3n oficial como jugador del Valencia Basket.  \/ M. A. Montesinos<\/p>\n<p>Vestuario taronja<\/p>\n<p class=\"ft-text\">De sus nuevos compa\u00f1eros, destaca que \u00abde momento todo va muy bien a la hora de integrarme en el equipo,<strong> conozco a algunos jugadores, el vestuario est\u00e1 muy unido, hay un punto de hermandad para encajar<\/strong>, en estas primeras semanas intentamos construir un bloque, me han recibido muy bien y me he sentido muy bien desde el primer momento\u00bb.<\/p>\n<p>Elogios de V\u00edctor Luengo<\/p>\n<p class=\"ft-text\">En una presentaci\u00f3n patrocinada por MGS Seguros, que tuvo lugar en la Sala Jard\u00edn del Roig Arena, V\u00edctor Luengo, director de relaciones externas del Valencia Basket, tambi\u00e9n valor\u00f3 la <a class=\"ft-link ft-link--decoration\" href=\"https:\/\/www.superdeporte.es\/valencia-basket\/2026\/08\/17\/elias-valtonen-trabajar-duro-veremos-futuro-valencia-basket-fichaje-133426674.html\" rel=\"nofollow noopener\" target=\"_blank\">incorporaci\u00f3n del exterior finland\u00e9s<\/a>: \u00abSu forma de jugar y rebotear le permite jugar tanto dentro como fuera. Tiene un nivel contrastado en la acb y ahora<strong> tiene el reto de demostrar que puede competir con los mejores en la Euroliga<\/strong>\u00ab.<\/p>\n<p class=\"ft-text\">Adem\u00e1s, \u00abes el primer jugador finland\u00e9s de nuestra historia, un nuevo pa\u00eds en el museo virtual del Roig Arena. Es un jugador contrastado en la acb. Ronda el 40% de eficacia en el triple, <strong>viene de competir con Finlandia y ha demostrado su capacidad de anotar y jugar duro en ambos lados de la pista<\/strong>\u00ab.<\/p>\n","protected":false},"excerpt":{"rendered":"\u00abCuando un club como el Valencia Basket te llama es muy f\u00e1cil tomar la decisi\u00f3n. Seg\u00fan se fue&hellip;\n","protected":false},"author":2,"featured_media":745755,"comment_status":"","ping_status":"","sticky":false,"template":"","format":"standard","meta":{"footnotes":""},"categories":[269],"tags":[30430,299,298,168,15279,25,24,4351,21574,11993,16555,23,167,1152,235,2916,8928,6278,20852],"class_list":["post-745754","post","type-post","status-publish","format-standard","has-post-thumbnail","category-baloncesto","tag-albert","tag-baloncesto","tag-basketball","tag-deportes","tag-elias","tag-es","tag-espana","tag-espera","tag-fichajes-valencia-basket","tag-manresa","tag-senala","tag-spain","tag-sports","tag-temporada","tag-valencia","tag-valencia-basket","tag-valtonen","tag-xavi","tag-xavi-albert"],"share_on_mastodon":{"url":"https:\/\/pubeurope.com\/@es\/117208156295750523","error":""},"_links":{"self":[{"href":"https:\/\/www.europesays.com\/es\/wp-json\/wp\/v2\/posts\/745754","targetHints":{"allow":["GET"]}}],"collection":[{"href":"https:\/\/www.europesays.com\/es\/wp-json\/wp\/v2\/posts"}],"about":[{"href":"https:\/\/www.europesays.com\/es\/wp-json\/wp\/v2\/types\/post"}],"author":[{"embeddable":true,"href":"https:\/\/www.europesays.com\/es\/wp-json\/wp\/v2\/users\/2"}],"replies":[{"embeddable":true,"href":"https:\/\/www.europesays.com\/es\/wp-json\/wp\/v2\/comments?post=745754"}],"version-history":[{"count":0,"href":"https:\/\/www.europesays.com\/es\/wp-json\/wp\/v2\/posts\/745754\/revisions"}],"wp:featuredmedia":[{"embeddable":true,"href":"https:\/\/www.europesays.com\/es\/wp-json\/wp\/v2\/media\/745755"}],"wp:attachment":[{"href":"https:\/\/www.europesays.com\/es\/wp-json\/wp\/v2\/media?parent=745754"}],"wp:term":[{"taxonomy":"category","embeddable":true,"href":"https:\/\/www.europesays.com\/es\/wp-json\/wp\/v2\/categories?post=745754"},{"taxonomy":"post_tag","embeddable":true,"href":"https:\/\/www.europesays.com\/es\/wp-json\/wp\/v2\/tags?post=745754"}],"curies":[{"name":"wp","href":"https:\/\/api.w.org\/{rel}","templated":true}]}}