{"id":745760,"date":"2026-09-03T16:56:20","date_gmt":"2026-09-03T16:56:20","guid":{"rendered":"https:\/\/www.europesays.com\/es\/745760\/"},"modified":"2026-09-03T16:56:20","modified_gmt":"2026-09-03T16:56:20","slug":"volkan-diyaroglu-la-ciudad-bajo-la-superficie-en-poncerobles","status":"publish","type":"post","link":"https:\/\/www.europesays.com\/es\/745760\/","title":{"rendered":"Volkan Diyaroglu: la ciudad bajo la superficie en Ponce+Robles"},"content":{"rendered":"<p>La nueva temporada de la <a href=\"https:\/\/poncerobles.com\/es\/\" target=\"_self\" data-voc-vtm-id=\"in-text-traffic\" data-mrf-link=\"poncerobles.com\" rel=\"nofollow noopener\">galer\u00eda Ponce+Robles<\/a> arranca con<a href=\"https:\/\/volkandiyaroglu.net\/\" target=\"_self\" data-voc-vtm-id=\"in-text-traffic\" data-mrf-link=\"volkandiyaroglu.net\" rel=\"nofollow noopener\"> Volkan Diyaroglu,<\/a> artista turco recientemente incorporado a la galer\u00eda, cuya trayectoria internacional est\u00e1 ganando visibilidad y reconocimiento en Espa\u00f1a. &#8216;Realidad disociada&#8217; re\u00fane cinco grandes pinturas acr\u00edlicas dedicadas a un solo motivo \u2013puertas de edificios  &#8230; berlineses cubiertas de grafitis y carteles arrancados\u2013 a partir del cual se despliega una reflexi\u00f3n sobre la naturaleza de la imagen y nuestra manera de mirarla.<\/p>\n<p class=\"v-d-p\"> Al entrar en la sala, la<strong> precisi\u00f3n fotogr\u00e1fica de los lienzos<\/strong> \u2013de colores vibrantes y composici\u00f3n fragmentada\u2013 induce a pensar que se trata de impresiones. Sin embargo, al acercarse emerge la plasticidad de la materia pict\u00f3rica y comienza el juego perceptivo presente en toda la muestra. <\/p>\n<p class=\"v-d-p\">Desde hace a\u00f1os, Diyaroglu trabaja en desestabilizar las categor\u00edas tradicionales de la pintura. \u00abNunca creo en t\u00e9rminos como abstracto o figurativo, porque toda obra es realista\u00bb, ha afirmado el creador que, en trabajos anteriores lleg\u00f3 incluso a destruir sus lienzos para recomponerlos y reproducir de forma hiperrealista esas nuevas configuraciones. <\/p>\n<ul class=\"v-cmp-rld__u\">\n<li class=\"v-cmp-rld__l\">\n<p><a class=\"v-a-lnk\" href=\"http:\/\/www.abc.es\/cultura\/cultural\/juana-gonzalez-mano-piensa-siente-20260903125837-nt.html#vtm_modulosEngag=noticiasrelacionadas-cmp-uno:cultura:noticia:1\" data-voc-vtm-id=\"in-text-traffic\" rel=\"nofollow noopener\" target=\"_blank\"><br \/>\n<img decoding=\"async\" loading=\"lazy\" src=\"https:\/\/www.europesays.com\/es\/wp-content\/uploads\/2026\/09\/image00310-U13880772677Ada-366x256@diario_abc.jpeg\" class=\"v-a-img\" width=\"258\" height=\"180\" alt=\"Juana Gonz\u00e1lez: la mano piensa... Y siente\"\/><br \/>\n<\/a><\/p>\n<\/li>\n<\/ul>\n<p class=\"v-d-p\">Las puertas de Berl\u00edn prolongan dicha investigaci\u00f3n, trasladando el foco desde la pintura propia hacia la ciudad entendida como un palimpsesto urbano: grafitis que cubren otros grafitis, adhesivos superpuestos, desconchones, restos de pintura y huellas del tiempo se convierten en im\u00e1genes colectivas construidas a lo largo de los a\u00f1os. M\u00e1s all\u00e1 de lo documental, <strong>el resultado son superficies donde memoria, repetici\u00f3n, borrado y acumulaci\u00f3n conviven<\/strong> en un mismo plano.<\/p>\n<p>En las im\u00e1genes, de arriba abajo, &#8216;Berlin II&#8217;, de Volkan Diyaroglu; y dos de las esculturas de Javier Camps.<\/p>\n<p>(ABC)<\/p>\n<p class=\"v-d-p\">Como contrapunto a las composiciones facetadas \u2013&#8217;Berl\u00edn II&#8217;, &#8216;Berl\u00edn V&#8217;, &#8216;Berl\u00edn VI&#8217; o la pseudocubista &#8216;Implosi\u00f3n&#8217;\u2013, que invitan a internarse en un t\u00fanel de planos crom\u00e1ticos y dobleces caleidosc\u00f3picas, &#8216;There Is no Way in&#8217; introduce un registro m\u00e1s contenido y m\u00e1s sugerente. Compuesta por ocho papeles, la obra reconstruye una \u00fanica puerta a partir de fragmentos que, observados de cerca, adquieren una inesperada autonom\u00eda visual. El t\u00edtulo, &#8216;no hay camino de entrada&#8217; podr\u00eda tener una lectura ligada a las preocupaciones intelectuales del artista: no existen accesos directos a la realidad, sino aproximaciones parciales, siempre condicionadas por la posici\u00f3n del espectador y la naturaleza cambiante de las im\u00e1genes.<\/p>\n<ul class=\"v-cmp-flg__u\">\n<li class=\"v-cmp-flg__l\">\n<p>&#8216;Realidad disociada&#8217;<\/p>\n<p><img decoding=\"async\" loading=\"lazy\" src=\"https:\/\/www.europesays.com\/es\/wp-content\/uploads\/2026\/09\/Berlin V Volkan Diyaroglu - 212 x 145 cm.-U52258312524aAy-183x183@diario_abc.jpeg\" class=\"v-a-img\" alt=\"\" width=\"183\" height=\"183\"\/><\/p>\n<p class=\"v-a-p\">\nVolkan Diyaroglu\n<\/p>\n<ul class=\"v-u\">\n<li class=\"v-u__l\">\n<p class=\"v-u__p\">\nLugar:<br \/>\nGaler\u00eda Ponce+Robles (Madrid)\n<\/p>\n<\/li>\n<li class=\"v-u__l\">\n<p class=\"v-u__p\">\nDirecci\u00f3n:<br \/>\nC\/ Alameda, 5\n<\/p>\n<\/li>\n<li class=\"v-u__l\">\n<p class=\"v-u__p\">\nFechas:<br \/>\nDel 10 de septiembre al 30 de octubre\n<\/p>\n<\/li>\n<li class=\"v-u__l\">\n<p class=\"v-u__p\">\nValoraci\u00f3n:<br \/>\n***\n<\/p>\n<\/li>\n<\/ul>\n<\/li>\n<\/ul>\n<ul class=\"v-cmp-flg__u\">\n<li class=\"v-cmp-flg__l\">\n<p>&#8216;Service Room&#8217;<\/p>\n<p><img decoding=\"async\" loading=\"lazy\" src=\"https:\/\/www.europesays.com\/es\/wp-content\/uploads\/2026\/09\/Javi_Camps1-U81738224145NoN-183x183@diario_abc.jpg\" class=\"v-a-img\" alt=\"\" width=\"183\" height=\"183\"\/><\/p>\n<p class=\"v-a-p\">\nJavier Camps\n<\/p>\n<ul class=\"v-u\">\n<li class=\"v-u__l\">\n<p class=\"v-u__p\">\nLugar:<br \/>\nGaler\u00eda Ponce+Robles (Madrid)\n<\/p>\n<\/li>\n<li class=\"v-u__l\">\n<p class=\"v-u__p\">\nDirecci\u00f3n:<br \/>\nC\/ Alameda, 5\n<\/p>\n<\/li>\n<li class=\"v-u__l\">\n<p class=\"v-u__p\">\nFechas:<br \/>\nDel 10 de septiembre al 30 de octubre\n<\/p>\n<\/li>\n<li class=\"v-u__l\">\n<p class=\"v-u__p\">\nValoraci\u00f3n:<br \/>\n***\n<\/p>\n<\/li>\n<\/ul>\n<\/li>\n<\/ul>\n<p class=\"v-d-p\">Si en la planta principal Diyaroglu observa la ciudad desde su epidermis, en <strong>el LAB dedicado a artistas j\u00f3venes<\/strong>,<a href=\"https:\/\/javiercamps.com\/home\/\" target=\"_self\" data-voc-vtm-id=\"in-text-traffic\" data-mrf-link=\"javiercamps.com\" rel=\"nofollow noopener\"> Javier Camps<\/a> dirige la mirada hacia lo que permanece oculto: los mecanismos, herrajes y peque\u00f1as piezas que sostienen en silencio esa misma arquitectura. La exposici\u00f3n &#8216;Service Room&#8217; est\u00e1 formada por esculturas realizadas en resina de componentes t\u00e9cnicos e industriales que pierden su funcionalidad para enfatizar su dise\u00f1o y potencial simb\u00f3lico. <\/p>\n<p class=\"v-d-p\">La econom\u00eda formal de las piezas, resueltas casi por completo en blanco, concentra la atenci\u00f3n en las relaciones entre los elementos y en la precisi\u00f3n de cada intervenci\u00f3n: un muelle atravesado por un clavo, una pletina inmovilizando una gota de agua antes de resbalar o dos vol\u00famenes ovoides unidos por cadenas que convierten un sistema de sujeci\u00f3n en v\u00ednculo. Me quedo con &#8216;Query&#8217;: una escultura de una hembrilla a gran escala que, con un ingenio po\u00e9tico cercano a <strong>Chema Madoz,<\/strong> se convierte en signo de interrogaci\u00f3n que nos interpela.<\/p>\n","protected":false},"excerpt":{"rendered":"La nueva temporada de la galer\u00eda Ponce+Robles arranca con Volkan Diyaroglu, artista turco recientemente incorporado a la galer\u00eda,&hellip;\n","protected":false},"author":2,"featured_media":745761,"comment_status":"","ping_status":"","sticky":false,"template":"","format":"standard","meta":{"footnotes":""},"categories":[173],"tags":[229,233,231,230,7569,777,232,234,132397,146,147,25,24,132398,23,5711,132396],"class_list":["post-745760","post","type-post","status-publish","format-standard","has-post-thumbnail","category-arte-y-diseno","tag-arte","tag-arte-y-diseno","tag-arts","tag-arts-and-design","tag-bajo","tag-ciudad","tag-design","tag-diseno","tag-diyaroglu","tag-entertainment","tag-entretenimiento","tag-es","tag-espana","tag-poncerobles","tag-spain","tag-superficie","tag-volkan"],"share_on_mastodon":{"url":"https:\/\/pubeurope.com\/@es\/117208167804429073","error":""},"_links":{"self":[{"href":"https:\/\/www.europesays.com\/es\/wp-json\/wp\/v2\/posts\/745760","targetHints":{"allow":["GET"]}}],"collection":[{"href":"https:\/\/www.europesays.com\/es\/wp-json\/wp\/v2\/posts"}],"about":[{"href":"https:\/\/www.europesays.com\/es\/wp-json\/wp\/v2\/types\/post"}],"author":[{"embeddable":true,"href":"https:\/\/www.europesays.com\/es\/wp-json\/wp\/v2\/users\/2"}],"replies":[{"embeddable":true,"href":"https:\/\/www.europesays.com\/es\/wp-json\/wp\/v2\/comments?post=745760"}],"version-history":[{"count":0,"href":"https:\/\/www.europesays.com\/es\/wp-json\/wp\/v2\/posts\/745760\/revisions"}],"wp:featuredmedia":[{"embeddable":true,"href":"https:\/\/www.europesays.com\/es\/wp-json\/wp\/v2\/media\/745761"}],"wp:attachment":[{"href":"https:\/\/www.europesays.com\/es\/wp-json\/wp\/v2\/media?parent=745760"}],"wp:term":[{"taxonomy":"category","embeddable":true,"href":"https:\/\/www.europesays.com\/es\/wp-json\/wp\/v2\/categories?post=745760"},{"taxonomy":"post_tag","embeddable":true,"href":"https:\/\/www.europesays.com\/es\/wp-json\/wp\/v2\/tags?post=745760"}],"curies":[{"name":"wp","href":"https:\/\/api.w.org\/{rel}","templated":true}]}}