{"id":745772,"date":"2026-09-03T17:04:38","date_gmt":"2026-09-03T17:04:38","guid":{"rendered":"https:\/\/www.europesays.com\/es\/745772\/"},"modified":"2026-09-03T17:04:38","modified_gmt":"2026-09-03T17:04:38","slug":"anabel-pantoja-se-sienta-en-de-viernes-las-cinco-preguntas-incomodas-a-las-que-tendra-que-responder","status":"publish","type":"post","link":"https:\/\/www.europesays.com\/es\/745772\/","title":{"rendered":"Anabel Pantoja se sienta en &#8216;De Viernes&#8217;: las cinco preguntas inc\u00f3modas a las que tendr\u00e1 que responder"},"content":{"rendered":"<p id=\"eNGAfh2QCI\" data-wc=\"129\">Arranca un nuevo curso en\u00a0De Viernes con una de las entrevistas m\u00e1s esperadas. Por sorpresa<strong>, Anabel Pantoja\u00a0<\/strong>es la primera invitada de la temporada del programa presentado por Bea Archidona y Santi Acosta. Tras su breve paso por el concurso Amor\u2026 \u00a1O lo que surja!, \u00a0que se cancel\u00f3 en julio despu\u00e9s de un mes en emisi\u00f3n, vuelve a ponerse frente a las c\u00e1maras. Adem\u00e1s, lo hace de una forma muy personal, para tomar las riendas de su propia historia. \u00abVeo a gente hablando por m\u00ed, de mis cosas, y creo que tengo derecho a sentarme a contarlo\u00bb, ha avanzado.<strong>\u00a0La influencer hablar\u00e1 de la maternidad, pero tambi\u00e9n tendr\u00e1 que responder a las preguntas m\u00e1s inc\u00f3modas de los colaboradores.<\/strong> Estos son los cinco temas a los que se enfrenta:<\/p>\n<p>Te recomendamosSeguir leyendo<br \/>\n <img src=\"https:\/\/www.europesays.com\/es\/wp-content\/uploads\/2026\/09\/9abd58b27040-madrid-spain-anabel-pantoja-presents-the-new-lovyc-cosmetics-at-the-room-mate-ma.jpg\"   width=\"1024\" height=\"683\" loading=\"lazy\" decoding=\"async\" alt=\"Anabel Pantoja\" fetchpriority=\"auto\" class=\"image ho-image\"\/>\u00a9 Pablo CuadraAnabel Pantoja<br \/>\nEl informe forense que apunta a un zarandeo violento como causa del ingreso de Alma<\/p>\n<p id=\"erZgXheG8L\" data-wc=\"121\">A comienzos de 2025, Anabel vivi\u00f3 una pesadilla con el ingreso de su hija Alma, que estuvo 18 d\u00edas en el Hospital Universitario Materno Infantil de Gran Canaria cuando no ten\u00eda ni siquiera dos meses. Esta situaci\u00f3n activ\u00f3 el protocolo que existe con los menores y \u00a0el Tribunal Superior de Justicia de Canarias comenz\u00f3 un proceso de investigaci\u00f3n en el que la sobrina de Isabel Pantoja y su pareja, David Rodr\u00edguez, dieron su versi\u00f3n ante el juez. El pasado mayo, los forenses publicaron un informe en el que explican qu<strong>e <\/strong><a class=\"hm-link ho-link\" href=\"https:\/\/www.hola.com\/actualidad\/20260529904446\/anabel-pantoja-informe-forense-hija-concluyen-hija-sufrio-lesiones-violentas-padre-david-rodriguez\/\" data-mrf-recirculation=\"article-body-link\" rel=\"nofollow noopener\" target=\"_blank\">la ni\u00f1a fue v\u00edctima de \u00abun zarandeo violento<\/a><strong> que origin\u00f3 un derrame cerebral\u00bb\u00a0<\/strong>que habr\u00eda tenido lugar cuando la menor se qued\u00f3 a solas con su padre en un centro comercial.<\/p>\n<p id=\"ezKFE1O3b7v\" data-wc=\"79\">Se trata de un tema muy delicado y doloroso que, con toda seguridad, Anabel tendr\u00e1 que abordar en su regreso a televisi\u00f3n. Hasta ahora, las \u00fanicas declaraciones que ha hecho al respecto se sit\u00faan tras el alta de la peque\u00f1a Alma, cuando asegur\u00f3 que<strong>\u00a0\u00abcon la verdad se va por delante, sin defendernos absolutamente de nada, <a class=\"hm-link ho-link\" href=\"https:\/\/www.hola.com\/actualidad\/20260529904474\/anabel-pantoja-palabras-investigacion-posible-maltrato-infantil\/\" data-mrf-recirculation=\"article-body-link\" rel=\"nofollow noopener\" target=\"_blank\">porque lo \u00fanico que hemos hecho ha sido amar, cuidar e intentar salvar y proteger todo lo que tenga que ver con Alma<\/a>\u00ab.<\/strong><\/p>\n<p> <img src=\"https:\/\/www.europesays.com\/es\/wp-content\/uploads\/2026\/09\/26b536f6a2b6-snapinstato538158173185287507720218131041439699478003644n.jpg\"   width=\"768\" height=\"1024\" loading=\"lazy\" decoding=\"async\" alt=\"Anabel Pantoja, con su peque\u00f1a Alma\" fetchpriority=\"auto\" class=\"image ho-image\"\/>\u00a9 anabelpantoja00Anabel Pantoja, con su peque\u00f1a Alma<\/p>\n<p>La crisis con David y la mala relaci\u00f3n entre el fisioterapeuta y su suegra Merchi<\/p>\n<p id=\"enS9rDToFr\" data-wc=\"151\">Desde que se conocieron en 2023, su relaci\u00f3n ha generado un sinf\u00edn de comentarios. Sin embargo, es en la \u00faltima etapa cuando se suceden con m\u00e1s frecuencia los rumores de inestabilidad, que se suman a las informaciones de mala sinton\u00eda entre David y Merhi Bernal, la madre de Anabel. Unos comentarios de los que ella misma<a class=\"hm-link ho-link\" href=\"https:\/\/www.hola.com\/actualidad\/20260807916984\/anabel-pantoja-david-rodriguez-romantica-felicitacion-cumpleanos-crisis\/\" data-mrf-recirculation=\"article-body-link\" rel=\"nofollow noopener\" target=\"_blank\"> se ha hecho eco en la \u00faltima felicitaci\u00f3n de cumplea\u00f1os de David<\/a>, que fue a primeros de agosto. \u00ab<strong>Con m\u00e1s crisis que la bolsa de Nueva York, tantas separaciones y aqu\u00ed estamos<\/strong>, celebrando tu cuarto cumplea\u00f1os. Felices 29 a\u00f1os, qui\u00e9n los cogiera. Te quiero, papi\u00bb, dec\u00eda. En mayo, durante su visita al programa Hay una cosa que te quiero decir, tambi\u00e9n habl\u00f3 abiertamente de su situaci\u00f3n: \u00abNo es mi cuento de hadas, esto es para arriba, para abajo, izquierda, derecha\u00bb. Eso s\u00ed, siempre ha defendido que a pesar de todo, siempre consiguen superar los obst\u00e1culos.<\/p>\n<p> <img src=\"https:\/\/www.europesays.com\/es\/wp-content\/uploads\/2026\/09\/d8a821c302cc-anabel-ep2.jpg\"   width=\"1007\" height=\"1024\" loading=\"lazy\" decoding=\"async\" alt=\"Anabel Pantoja y David Rodr\u00edguez paseando con su hija por Madrid\" fetchpriority=\"auto\" class=\"image ho-image\"\/>\u00a9 Europa Press<br \/>\nLa salud de Kiko Rivera<\/p>\n<p id=\"eTxXYfmsr8\" data-wc=\"122\">La relaci\u00f3n de Anabel con Kiko Rivera es de hermanos m\u00e1s que de primos. Ese v\u00ednculo tan estrecho hace que su primo sea, inevitablemente, otro de los temas m\u00e1s esperados de la entrevista a la influencer. El m\u00fasico se mantiene alejado del foco medi\u00e1tico<strong>, volcado en sus compromisos profesionales y en su c\u00edrculo m\u00e1s \u00edntimo tras <\/strong><a class=\"hm-link ho-link\" href=\"https:\/\/www.hola.com\/actualidad\/20260801915964\/primeras-imagenes-de-kiko-rivera-tras-segundo-ictus-lola-garcia\/\" data-mrf-recirculation=\"article-body-link\" rel=\"nofollow noopener\" target=\"_blank\">sufrir un ictus por segunda vez <\/a><strong>en julio.<\/strong> Esta dolencia de la que poco a poco se va recuperando, le ha hecho acercarse a\u00fan m\u00e1s a su madre, con la que se acababa de reconciliar tras a\u00f1os distanciados, y consolidar su amor con Lola Garc\u00eda, con la que empez\u00f3 a salir a finales de 2025. Adem\u00e1s, parece haber dejado de lado las discrepancias con sus ex.<\/p>\n<p>La venta de Cantora y las inc\u00f3gnitas que rodean a Isabel Pantoja<\/p>\n<p id=\"e-HRWM4N4s\" data-wc=\"124\">Otro de los temas que m\u00e1s est\u00e1 dando que hablar es la venta de Cantora, la emblem\u00e1tica finca que Paquirri ten\u00eda entre Medina Sidonia y Vejer que ha sido durante a\u00f1os el refugio de Isabel Pantoja (adem\u00e1s de origen de muchos desencuentros familiares). Ahora l<strong>a popular vivienda pertenece a un empresario liban\u00e9s de nacionalidad francesa, que la compr\u00f3 por algo m\u00e1s de un mill\u00f3n de euros<\/strong>. Con toda seguridad, a Anabel le preguntar\u00e1n por los detalles de esta transacci\u00f3n, por su nueva vida y por la reciente decisi\u00f3n de la Audiencia Nacional de desestimar los recursos presentados por la cantante, que fue acusada de usar dos sociedades para facturar las actividades laborales enmarcadas entre 2009 y 2010, en vez de hacerlo como persona f\u00edsica.<\/p>\n<p> <img src=\"https:\/\/www.europesays.com\/es\/wp-content\/uploads\/2026\/09\/98c9043c4c73-a00029878005.jpg\"   width=\"1024\" height=\"680\" loading=\"lazy\" decoding=\"async\" alt=\"Ubicada en el municipio gaditano de Medina Sidonia, Cantora fue durante d\u00e9cadas el refugio de Isabel Pantoja y recientemente cambi\u00f3 de propietario tras una operaci\u00f3n cerrada en torno a 1,2 millones de euros\" fetchpriority=\"auto\" class=\"image ho-image\"\/>\u00a9 GTRES<br \/>\nLa relaci\u00f3n de Anabel con Irene Rosales<\/p>\n<p id=\"ezK29ws1Iy\" data-wc=\"90\">Durante el matrimonio de Kiko Rivera e Irene Rosales, Anabel siempre fue un gran apoyo para ambos, pero se desconoce en qu\u00e9 punto est\u00e1 ahora la relaci\u00f3n entre ambas influencers. Aunque inicialmente su separaci\u00f3n se produjo en buenos t\u00e9rminos<strong>, la armon\u00eda salt\u00f3 por los aires a ra\u00edz de unos desencuentros derivados de temas de sus dos hijas, Ana y Carlota<\/strong>, ambas menores de edad. Eso dio pie a un <a class=\"hm-link ho-link\" href=\"https:\/\/www.hola.com\/actualidad\/20260616907589\/irene-rosales-responde-implacable-a-kiko-rivera\/\" data-mrf-recirculation=\"article-body-link\" rel=\"nofollow noopener\" target=\"_blank\">cruce de acusaciones televisivo<\/a> entre el DJ y la modelo sevillana, que ha rehecho su vida con un empresario llamado Guillermo.<\/p>\n","protected":false},"excerpt":{"rendered":"Arranca un nuevo curso en\u00a0De Viernes con una de las entrevistas m\u00e1s esperadas. Por sorpresa, Anabel Pantoja\u00a0es la&hellip;\n","protected":false},"author":2,"featured_media":745773,"comment_status":"","ping_status":"","sticky":false,"template":"","format":"standard","meta":{"footnotes":""},"categories":[91],"tags":[517,4476,146,147,25,24,23],"class_list":["post-745772","post","type-post","status-publish","format-standard","has-post-thumbnail","category-entretenimiento","tag-actualidad","tag-anabel-pantoja","tag-entertainment","tag-entretenimiento","tag-es","tag-espana","tag-spain"],"share_on_mastodon":{"url":"https:\/\/pubeurope.com\/@es\/117208199072026418","error":""},"_links":{"self":[{"href":"https:\/\/www.europesays.com\/es\/wp-json\/wp\/v2\/posts\/745772","targetHints":{"allow":["GET"]}}],"collection":[{"href":"https:\/\/www.europesays.com\/es\/wp-json\/wp\/v2\/posts"}],"about":[{"href":"https:\/\/www.europesays.com\/es\/wp-json\/wp\/v2\/types\/post"}],"author":[{"embeddable":true,"href":"https:\/\/www.europesays.com\/es\/wp-json\/wp\/v2\/users\/2"}],"replies":[{"embeddable":true,"href":"https:\/\/www.europesays.com\/es\/wp-json\/wp\/v2\/comments?post=745772"}],"version-history":[{"count":0,"href":"https:\/\/www.europesays.com\/es\/wp-json\/wp\/v2\/posts\/745772\/revisions"}],"wp:featuredmedia":[{"embeddable":true,"href":"https:\/\/www.europesays.com\/es\/wp-json\/wp\/v2\/media\/745773"}],"wp:attachment":[{"href":"https:\/\/www.europesays.com\/es\/wp-json\/wp\/v2\/media?parent=745772"}],"wp:term":[{"taxonomy":"category","embeddable":true,"href":"https:\/\/www.europesays.com\/es\/wp-json\/wp\/v2\/categories?post=745772"},{"taxonomy":"post_tag","embeddable":true,"href":"https:\/\/www.europesays.com\/es\/wp-json\/wp\/v2\/tags?post=745772"}],"curies":[{"name":"wp","href":"https:\/\/api.w.org\/{rel}","templated":true}]}}