{"id":745778,"date":"2026-09-03T17:07:31","date_gmt":"2026-09-03T17:07:31","guid":{"rendered":"https:\/\/www.europesays.com\/es\/745778\/"},"modified":"2026-09-03T17:07:31","modified_gmt":"2026-09-03T17:07:31","slug":"essayan-la-paz-en-oriente-medio-no-puede-imponerse-mediante-la-guerra","status":"publish","type":"post","link":"https:\/\/www.europesays.com\/es\/745778\/","title":{"rendered":"Essayan: La paz en Oriente Medio no puede imponerse mediante la guerra"},"content":{"rendered":"<p>Al concluir la reuni\u00f3n anual de la Conferencia de Obispos Latinos en las Regiones \u00c1rabes (CELRA), el Vicario Apost\u00f3lico para los Cat\u00f3licos de Rito Latino en el L\u00edbano hizo hincapi\u00e9 en la necesidad del di\u00e1logo y advirti\u00f3 sobre el riesgo de que el sur del pa\u00eds sea olvidado. \u00abLa violencia engendra violencia\u00bb, inst\u00f3 a los l\u00edderes mundiales a tener en cuenta las palabras del Papa Le\u00f3n XIV.&#13;\n<\/p>\n<p>Stefano Leszczynski y Olivier Bonnell \u2013 Ciudad del Vaticano<\/p>\n<p>La reuni\u00f3n anual de la CELRA, la Conferencia de Obispos Latinos de las Regiones \u00c1rabes, que congrega a los episcopados de rito latino de los pa\u00edses \u00e1rabes de Oriente Medio y \u00c1frica Oriental, concluy\u00f3 hoy en Roma. Esta reuni\u00f3n, incluso antes de abordar temas espec\u00edficos, brind\u00f3 a los obispos la oportunidad de compartir la vida de sus respectivas comunidades, sus esperanzas y, sobre todo, los desaf\u00edos de una regi\u00f3n marcada por la guerra, la migraci\u00f3n y la inestabilidad.<\/p>\n<p>     <a href=\"https:\/\/www.vaticannews.va\/es\/papa\/news\/2026-09\/leon-xiv-audiencia-conferencia-episcopal-latina-regiones-arabes.html\" title=\"Le\u00f3n XIV: En medio de conflictos, la Iglesia debe dar testimonio de esperanza\" rel=\"nofollow noopener\" target=\"_blank\"><\/p>\n<p>        <img decoding=\"async\" src=\"data:image\/gif;base64,R0lGODlhAQABAIAAAAAAAP\/\/\/yH5BAEAAAAALAAAAAABAAEAAAIBRAA7\" data-original=\"https:\/\/www.vaticannews.va\/content\/dam\/vaticannews\/agenzie\/images\/srv\/2026\/09\/03\/2026-09-03-membri-della-conferenza-episcopale-latina-delle-regio\/1788430808509.JPG\/_jcr_content\/renditions\/cq5dam.thumbnail.cropped.500.281.jpeg\" alt=\"Le\u00f3n XIV: En medio de conflictos, la Iglesia debe dar testimonio de esperanza\"\/><\/p>\n<p>      <\/a><\/p>\n<p>\n      Al reunirse con los obispos de rito latino de las regiones \u00e1rabes, el Papa exhorta a la Iglesia a afrontar los conflictos y las divisiones con solidaridad hacia los pobres y a dar &#8230;\n     <\/p>\n<p>La esperanza de d\u00edas mejores para todos <\/p>\n<p>En una entrevista con medios vaticanos, monse\u00f1or C\u00e9sar Essayan , vicario apost\u00f3lico en Beirut para los cat\u00f3licos de rito latino en el L\u00edbano, describi\u00f3 as\u00ed la reuni\u00f3n recientemente concluida: \u00abEs una oportunidad para que los obispos de la regi\u00f3n intercambien puntos de vista y compartan las alegr\u00edas que est\u00e1n experimentando, pero tambi\u00e9n los desaf\u00edos\u00bb. El objetivo, enfatiz\u00f3 monse\u00f1or Essayan, es buscar un camino que permita \u00abalcanzar una serenidad generalizada y pensar en un futuro mejor para todos\u00bb.<\/p>\n<p>L\u00edbano, el camino obligatorio del di\u00e1logo <\/p>\n<p>Durante la conversaci\u00f3n, la atenci\u00f3n se centra inevitablemente en el L\u00edbano y las heridas que dej\u00f3 la guerra. El arzobispo Essayan celebra la decisi\u00f3n tanto del presidente como del gobierno liban\u00e9s de entablar un di\u00e1logo. \u00abHan elegido el camino correcto, el del di\u00e1logo, porque de lo contrario el conflicto se prolongar\u00e1 indefinidamente y no se encontrar\u00e1 ninguna soluci\u00f3n\u00bb. Para el vicario apost\u00f3lico, la crisis no puede analizarse desde una perspectiva de vencedores y vencidos. Se necesita, en cambio, una soluci\u00f3n que \u00abdevuelva la dignidad a cada persona\u00bb y que tenga en cuenta a las v\u00edctimas.<\/p>\n<p>El precio de la guerra <\/p>\n<p>El precio que paga la poblaci\u00f3n, recuerda el prelado, es alt\u00edsimo: 65 aldeas del sur del L\u00edbano han sido total o parcialmente destruidas, y al menos 17.000 personas han muerto o resultado heridas. \u00abNo podemos seguir viviendo en este c\u00edrculo vicioso\u00bb, afirma el arzobispo Essayan. Es necesario \u00abdar cabida a un di\u00e1logo sincero, no al chantaje\u00bb, centr\u00e1ndose en el bienestar de todos los pueblos afectados por la crisis regional.<\/p>\n<p>Un conflicto alimentado desde fuera <\/p>\n<p>Detr\u00e1s de la guerra, observa el vicario apost\u00f3lico, tambi\u00e9n pesan mucho los intereses externos y geopol\u00edticos. Pero precisamente por eso, las potencias involucradas deben buscar acuerdos que respeten a los pueblos y territorios. La violencia, advierte, solo alimenta nuevas agresiones y frustraciones. \u00abNadie puede imponer la paz mediante la guerra\u00bb, declara, citando la ense\u00f1anza de Le\u00f3n XIV.<\/p>\n<p>Las iglesias, \u201cministerios de supervivencia\u201d <\/p>\n<p>El sufrimiento no distingue entre religiones. \u00abLas comunidades libanesas sufren juntas, cristianas y no cristianas\u00bb, afirma Essayan. \u00abLos libaneses somos un solo pueblo\u00bb. Ante esta situaci\u00f3n, las Iglesias cat\u00f3lica, ortodoxa y protestante, junto con las autoridades religiosas musulmanas, han optado por solidarizarse con las v\u00edctimas y los m\u00e1s vulnerables. Este compromiso, que el vicario apost\u00f3lico resume con contundencia, es ser \u00abministerios de supervivencia\u00bb, capacitando a la poblaci\u00f3n para resistir y mantener la capacidad de \u00abpensar con confianza en el L\u00edbano que queremos seguir construyendo\u00bb.<\/p>\n<p>El apoyo de la Santa Sede <\/p>\n<p>En este sentido, Essayan tambi\u00e9n subraya el papel desempe\u00f1ado por la Santa Sede, mediante la acci\u00f3n diplom\u00e1tica y el apoyo concreto a la poblaci\u00f3n. Recuerda las visitas del Nuncio Apost\u00f3lico, el Arzobispo Paolo Borgia, al frente, llevando ayuda a las aldeas del sur, y reitera el llamamiento a las potencias internacionales: \u00abLo que a\u00fan esperamos es que los l\u00edderes del mundo acojan el mensaje del Santo Padre y abran sus conciencias a la idea de la paz\u00bb. Reitera que \u00abno hay otro camino que el del di\u00e1logo\u00bb y el respeto mutuo.<\/p>\n<p>     <a href=\"https:\/\/www.vaticannews.va\/es\/papa\/news\/2026-05\/el-papa-realiza-una-videollamada-a-sacerdotes-del-sur-del-libano.html\" title=\"El Papa realiza una videollamada a los sacerdotes del sur del L\u00edbano\" rel=\"nofollow noopener\" target=\"_blank\"><\/p>\n<p>        <img decoding=\"async\" src=\"data:image\/gif;base64,R0lGODlhAQABAIAAAAAAAP\/\/\/yH5BAEAAAAALAAAAAABAAEAAAIBRAA7\" data-original=\"https:\/\/www.vaticannews.va\/content\/dam\/vaticannews\/multimedia\/2026\/maggio\/06\/Riempimento-generativo.jpg\/_jcr_content\/renditions\/cq5dam.thumbnail.cropped.500.281.jpeg\" alt=\"El Papa realiza una videollamada a los sacerdotes del sur del L\u00edbano\"\/><\/p>\n<p>      <\/a><\/p>\n<p>\n      Durante la audiencia de hoy con el nuncio en Beirut, el arzobispo Pablo Borgia, Le\u00f3n XIV, realiz\u00f3 una videollamada a una decena de sacerdotes de las regiones del sur del pa\u00eds para &#8230;\n     <\/p>\n<p>Los j\u00f3venes, la esperanza del pa\u00eds <\/p>\n<p>El arzobispo C\u00e9sar Essayan recuerda el legado de la visita de Le\u00f3n XIV al L\u00edbano. Se cre\u00f3 una relaci\u00f3n muy c\u00e1lida entre el Pont\u00edfice y el pueblo, y el Papa \u00abse gan\u00f3 el coraz\u00f3n de cada liban\u00e9s\u00bb. Su mensaje a los j\u00f3venes sigue siendo especialmente poderoso: \u00ab[&#8230;] \u00a1Ten\u00e9is tiempo! [&#8230;] \u00a1Y ten\u00e9is el entusiasmo para cambiar el rumbo de la historia!\u00bb. Palabras que, seg\u00fan el vicario apost\u00f3lico, han animado a las nuevas generaciones a no ser prisioneras de las decisiones ajenas, sobre todo, cuando estas han provocado guerras y pisoteado la dignidad humana.<\/p>\n<p>     <a href=\"https:\/\/www.vaticannews.va\/es\/papa\/news\/2025-12\/papa-leon-xiv-viaje-apostolico-libano-encuentro-jovenes-beirut.html\" title=\"El Papa a los j\u00f3venes: Tienen el don del tiempo, \u00fasenlo para so\u00f1ar y construir la paz\" rel=\"nofollow noopener\" target=\"_blank\"><\/p>\n<p>        <img decoding=\"async\" src=\"data:image\/gif;base64,R0lGODlhAQABAIAAAAAAAP\/\/\/yH5BAEAAAAALAAAAAABAAEAAAIBRAA7\" data-original=\"https:\/\/www.vaticannews.va\/content\/dam\/vaticannews\/agenzie\/images\/reuters\/2025\/12\/01\/18\/1764609406500.JPG\/_jcr_content\/renditions\/cq5dam.thumbnail.cropped.500.281.jpeg\" alt=\"El Papa a los j\u00f3venes: Tienen el don del tiempo, \u00fasenlo para so\u00f1ar y construir la paz\"\/><\/p>\n<p>      <\/a><\/p>\n<p>\n      En su encuentro con j\u00f3venes libaneses reunidos en la plaza frente al Patriarcado Maronita de Antioqu\u00eda, Le\u00f3n XIV los invita a buscar relaciones con ra\u00edces s\u00f3lidas, como los cedros &#8230;\n     <\/p>\n<p>El temor a que el Sur sea olvidado <\/p>\n<p>La \u00faltima preocupaci\u00f3n de Monse\u00f1or Essayan se refiere al futuro del sur del L\u00edbano y a la posibilidad de que finalice el mandato de la UNIFIL. Los miembros de la fuerza internacional, explica el prelado, han contribuido a tranquilizar a la poblaci\u00f3n con su presencia y a mantener la atenci\u00f3n del mundo centrada en esta tierra herida. La esperanza es que se establezca un nuevo mandato o, en su defecto, que se cree otra presencia multinacional. \u00abUna vez que se vayan, temo que nadie vuelva a hablar del sur del L\u00edbano ni de todo el pa\u00eds\u00bb, afirma Essayan. El riesgo es que esta tierra caiga \u00aben el basurero del olvido\u00bb. Y sin una presencia internacional, a\u00f1ade, podr\u00eda resultar a\u00fan m\u00e1s dif\u00edcil contar lo que est\u00e1 sucediendo: las historias de los ni\u00f1os y j\u00f3venes, \u00abde sus sue\u00f1os, pero tambi\u00e9n de sus heridas y sus muertes\u00bb.<\/p>\n","protected":false},"excerpt":{"rendered":"Al concluir la reuni\u00f3n anual de la Conferencia de Obispos Latinos en las Regiones \u00c1rabes (CELRA), el Vicario&hellip;\n","protected":false},"author":2,"featured_media":745779,"comment_status":"","ping_status":"","sticky":false,"template":"","format":"standard","meta":{"footnotes":""},"categories":[42],"tags":[17,18,65808,27481,13,14,69,11,36261,61,62,63,64,19,20,13831,9,10,15,16,18386,5403,400,11506,12631,12,21,22,65,66,67],"class_list":["post-745778","post","type-post","status-publish","format-standard","has-post-thumbnail","category-internacional","tag-breaking-news","tag-breakingnews","tag-dialogo-interreligioso","tag-ecumenismo","tag-featured-news","tag-featurednews","tag-guerra","tag-headlines","tag-iglesias-orientales","tag-internacional","tag-international","tag-international-news","tag-internationalnews","tag-latest-news","tag-latestnews","tag-libano","tag-news","tag-noticias","tag-noticias-destacadas","tag-noticiasdestacadas","tag-obispos","tag-oriente-medio","tag-papa-leon-xiv","tag-paz","tag-santa-sede","tag-titulares","tag-ultimas-noticias","tag-ultimasnoticias","tag-world","tag-world-news","tag-worldnews"],"share_on_mastodon":{"url":"","error":"Validation failed: Text character limit of 500 exceeded"},"_links":{"self":[{"href":"https:\/\/www.europesays.com\/es\/wp-json\/wp\/v2\/posts\/745778","targetHints":{"allow":["GET"]}}],"collection":[{"href":"https:\/\/www.europesays.com\/es\/wp-json\/wp\/v2\/posts"}],"about":[{"href":"https:\/\/www.europesays.com\/es\/wp-json\/wp\/v2\/types\/post"}],"author":[{"embeddable":true,"href":"https:\/\/www.europesays.com\/es\/wp-json\/wp\/v2\/users\/2"}],"replies":[{"embeddable":true,"href":"https:\/\/www.europesays.com\/es\/wp-json\/wp\/v2\/comments?post=745778"}],"version-history":[{"count":0,"href":"https:\/\/www.europesays.com\/es\/wp-json\/wp\/v2\/posts\/745778\/revisions"}],"wp:featuredmedia":[{"embeddable":true,"href":"https:\/\/www.europesays.com\/es\/wp-json\/wp\/v2\/media\/745779"}],"wp:attachment":[{"href":"https:\/\/www.europesays.com\/es\/wp-json\/wp\/v2\/media?parent=745778"}],"wp:term":[{"taxonomy":"category","embeddable":true,"href":"https:\/\/www.europesays.com\/es\/wp-json\/wp\/v2\/categories?post=745778"},{"taxonomy":"post_tag","embeddable":true,"href":"https:\/\/www.europesays.com\/es\/wp-json\/wp\/v2\/tags?post=745778"}],"curies":[{"name":"wp","href":"https:\/\/api.w.org\/{rel}","templated":true}]}}