{"id":745780,"date":"2026-09-03T17:08:23","date_gmt":"2026-09-03T17:08:23","guid":{"rendered":"https:\/\/www.europesays.com\/es\/745780\/"},"modified":"2026-09-03T17:08:23","modified_gmt":"2026-09-03T17:08:23","slug":"ultima-hora-de-la-comparecencia-de-pedro-sanchez-sobre-ceuta-y-la-actualidad-politica-en-directo","status":"publish","type":"post","link":"https:\/\/www.europesays.com\/es\/745780\/","title":{"rendered":"\u00daltima hora de la comparecencia de Pedro S\u00e1nchez sobre Ceuta y la actualidad pol\u00edtica, en directo"},"content":{"rendered":"<p>        <a class=\"title\" href=\"https:\/\/www.eldiario.es\/politica\/ultima-hora-comparecencia-pedro-sanchez-ceuta-actualidad-politica-directo_6_13483856_1124730.html\" rel=\"nofollow noopener\" target=\"_blank\"><br \/>\n                        Milei ataca a S\u00e1nchez en la inauguraci\u00f3n del Foro Madrid de Vox: \u201cPedrito est\u00e1 m\u00e1s sucio que una papa\u201d<br \/>\n        <\/a><\/p>\n<p>                <img decoding=\"async\" class=\"lazy\" loading=\"lazy\" data-src=\"https:\/\/static.eldiario.es\/clip\/fde328a7-0794-44ba-9cd5-5199b73fff13_16-9-aspect-ratio_default_0.jpg\" src=\"data:image\/svg+xml,%3Csvg xmlns=\" http:=\"\" viewbox=\"0 0 16 9\" alt=\"El presidente argentino Javier Milei asiste a la ceremonia de investidura del nuevo presidente Abelardo de la Espriella.\"\/><\/p>\n<p class=\"article-text\">\n        El mandatario argentino, encargado del discurso inaugural del V Foro de Madrid, que tiene lugar este jueves en Santiago de Chile, dedic\u00f3 una parte de sus palabras al presidente Pedro S\u00e1nchez. Despu\u00e9s de encadenar una retah\u00edla de datos econ\u00f3micos sobre su pa\u00eds dedicados a los \u201czurdos mugrosos negadores de la realidad\u201d, Javier Milei abord\u00f3 la situaci\u00f3n en Europa, particularmente en Espa\u00f1a.\n    <\/p>\n<p class=\"article-text\">\n        Asegur\u00f3 que S\u00e1nchez est\u00e1 \u201cfacilitando la inmigraci\u00f3n descontrolada y degradando sistem\u00e1ticamente la identidad espa\u00f1ola\u201d. \u201cLes ense\u00f1an a los espa\u00f1oles a odiarse y a tener verg\u00fcenza de s\u00ed mismos, allanando el camino para las hordas extranjeras que terminar\u00e1n reemplaz\u00e1ndolos\u201d, asegur\u00f3, reivindicando la teor\u00eda conspirativa del Gran Reemplazo.\n    <\/p>\n<p class=\"article-text\">\n        Pero las expresiones m\u00e1s gruesas llegar\u00edan poco despu\u00e9s, cuando se refer\u00eda a los pol\u00edticos de izquierdas que, seg\u00fan el presidente argentino, solo quieren \u201cesparcir su ideolog\u00eda para volver a conquistar el poder sobre las arcas p\u00fablicas, mientras mantienen a la sociedad civil esclavizada tributariamente\u201d. \u201cY si no vean lo que hace Pedrito en Espa\u00f1a\u201d, ejemplific\u00f3. Y fue m\u00e1s all\u00e1: \u201cEst\u00e1 m\u00e1s sucio que una papa. Y bien que se ofendi\u00f3, \u00e9l y toda la gentuza que lo rodea, cuando le dije que era un gobierno de ladrones. Bueno, parece que los hechos lo confirman\u201d, solt\u00f3 Milei.\n    <\/p>\n<p class=\"article-text\">\n        En mayo de 2024, Pedro S\u00e1nchez le pidi\u00f3 a Milei que rectificara tras llamar \u201ccorrupta\u201d a su esposa, Bego\u00f1a G\u00f3mez, en un acto de Vox. Su negativa acab\u00f3 en incidente diplom\u00e1tico, con la retirada de la embajadora espa\u00f1ola en Buenos Aires durante poco m\u00e1s de cinco meses.\n    <\/p>\n<p class=\"article-text\">\n        Informa <strong>Natalia Chientaroli<\/strong>.\n    <\/p>\n","protected":false},"excerpt":{"rendered":"Milei ataca a S\u00e1nchez en la inauguraci\u00f3n del Foro Madrid de Vox: \u201cPedrito est\u00e1 m\u00e1s sucio que una&hellip;\n","protected":false},"author":2,"featured_media":745781,"comment_status":"","ping_status":"","sticky":false,"template":"","format":"standard","meta":{"footnotes":""},"categories":[8],"tags":[517,17,18,4486,10156,2125,25,24,13,14,11,1458,19,20,9,10,15,16,1822,952,199,23,12,1885,21,22],"class_list":["post-745780","post","type-post","status-publish","format-standard","has-post-thumbnail","category-espana","tag-actualidad","tag-breaking-news","tag-breakingnews","tag-ceuta","tag-comparecencia","tag-directo","tag-es","tag-espana","tag-featured-news","tag-featurednews","tag-headlines","tag-hora","tag-latest-news","tag-latestnews","tag-news","tag-noticias","tag-noticias-destacadas","tag-noticiasdestacadas","tag-pedro","tag-politica","tag-sanchez","tag-spain","tag-titulares","tag-ultima","tag-ultimas-noticias","tag-ultimasnoticias"],"share_on_mastodon":{"url":"https:\/\/pubeurope.com\/@es\/117208213429460160","error":""},"_links":{"self":[{"href":"https:\/\/www.europesays.com\/es\/wp-json\/wp\/v2\/posts\/745780","targetHints":{"allow":["GET"]}}],"collection":[{"href":"https:\/\/www.europesays.com\/es\/wp-json\/wp\/v2\/posts"}],"about":[{"href":"https:\/\/www.europesays.com\/es\/wp-json\/wp\/v2\/types\/post"}],"author":[{"embeddable":true,"href":"https:\/\/www.europesays.com\/es\/wp-json\/wp\/v2\/users\/2"}],"replies":[{"embeddable":true,"href":"https:\/\/www.europesays.com\/es\/wp-json\/wp\/v2\/comments?post=745780"}],"version-history":[{"count":0,"href":"https:\/\/www.europesays.com\/es\/wp-json\/wp\/v2\/posts\/745780\/revisions"}],"wp:featuredmedia":[{"embeddable":true,"href":"https:\/\/www.europesays.com\/es\/wp-json\/wp\/v2\/media\/745781"}],"wp:attachment":[{"href":"https:\/\/www.europesays.com\/es\/wp-json\/wp\/v2\/media?parent=745780"}],"wp:term":[{"taxonomy":"category","embeddable":true,"href":"https:\/\/www.europesays.com\/es\/wp-json\/wp\/v2\/categories?post=745780"},{"taxonomy":"post_tag","embeddable":true,"href":"https:\/\/www.europesays.com\/es\/wp-json\/wp\/v2\/tags?post=745780"}],"curies":[{"name":"wp","href":"https:\/\/api.w.org\/{rel}","templated":true}]}}