{"id":745788,"date":"2026-09-03T17:15:16","date_gmt":"2026-09-03T17:15:16","guid":{"rendered":"https:\/\/www.europesays.com\/es\/745788\/"},"modified":"2026-09-03T17:15:16","modified_gmt":"2026-09-03T17:15:16","slug":"enric-mas-ya-es-el-popeye-de-la-vuelta-a-espana-ciclismo-deportes","status":"publish","type":"post","link":"https:\/\/www.europesays.com\/es\/745788\/","title":{"rendered":"Enric Mas ya es el \u2018Popeye\u2019 de la Vuelta a Espa\u00f1a | Ciclismo | Deportes"},"content":{"rendered":"<p class=\"\">Se acabaron las etiquetas de conservador, de r\u00e1cano en carrera, de calculador. Enric Mas, el Popeye de esta Vuelta <a href=\"https:\/\/elpais.com\/deportes\/ciclismo\/2026-09-01\/buenas-sensaciones-de-pogacar-tras-su-operacion-de-clavicula.html\" target=\"_blank\" rel=\"noreferrer nofollow noopener\" title=\"https:\/\/elpais.com\/deportes\/ciclismo\/2026-09-01\/buenas-sensaciones-de-pogacar-tras-su-operacion-de-clavicula.html\">desde que Pogacar se estrellara con el suelo<\/a>, decidi\u00f3 lanzar un ataque a 11 kil\u00f3metros de meta y dej\u00f3 petrificados a los pocos que segu\u00edan en pie, ritmo endiablado, ascenso de campe\u00f3n y minutada reparadora, tambi\u00e9n coj\u00edn para una crono que est\u00e1 por llegar, su posible tal\u00f3n de Aquiles. Un triunfo porque Movistar explic\u00f3 que no est\u00e1 para gobernar la carrera sino para catapultar a su jefe, que tanto le dan las peleas orbitales al maillot rojo. Y la jugada les sali\u00f3 redonda: Mas m\u00e1s l\u00edder,<a href=\"https:\/\/elpais.com\/deportes\/ciclismo\/2026-08-27\/pogacar-se-impone-a-un-gran-enric-mas-en-castellon.html\" target=\"_blank\" rel=\"noreferrer nofollow noopener\" title=\"https:\/\/elpais.com\/deportes\/ciclismo\/2026-08-27\/pogacar-se-impone-a-un-gran-enric-mas-en-castellon.html\"> ya favorito en solitario para el laurel final<\/a>. El del d\u00eda, en cualquier caso, se lo llev\u00f3 el esloveno Jakob Omzrel (Bahrain), debutante en una grande, campe\u00f3n del Giro amateur el curso anterior, la constataci\u00f3n de que los j\u00f3venes tienen prisa y, sobre todo, piernas. Le bast\u00f3 meterse en la fuga buena y, ya en el \u00faltimo risco, gritar a los cuatro vientos que tiene motor para rato, que de ser el d\u00e9cimo en la general pas\u00f3 a sexto.<\/p>\n<p class=\"\">La etapa abri\u00f3 los brazos desde Vera, tierra almeriense, y sus amplias playas de arena fina, balc\u00f3n al Mediterr\u00e1neo, hasta el observatorio astron\u00f3mico m\u00e1s grande Europa, en la cima del Calar, a m\u00e1s de 2.100 metros de altura, la verdadera prueba del algod\u00f3n para Mas porque por delante se presentaban cinco puertos y en orden de dificultad, dos de tercera y uno de segunda para acabar con la dupla de los Altos de Velefique y Calar \u201430 kil\u00f3metros con pendientes de hasta el 18%\u2014, <a href=\"https:\/\/elpais.com\/noticias\/vuelta-espana\/\" target=\"_blank\" rel=\"noreferrer nofollow noopener\" title=\"https:\/\/elpais.com\/noticias\/vuelta-espana\/\">dos colosos de primera<\/a>.<\/p>\n<p class=\"\">Desde el principio, ya en el Alto de Cabecico, fueron muchos los ataques porque la jornada, si Movistar no estaba por la labor de tener controlada toda la carrera, ser\u00eda propicia para una fuga, orograf\u00eda sinuosa y escarpada, monta\u00f1a rusa, barbecho para la gesta. As\u00ed, tras numerosas intentonas diluidas, ya a las faldas del segundo puerto, Alto de C\u00f3bdar, 27 corredores cantaron bingo. <\/p>\n<p class=\"\">No replic\u00f3 Movistar, Poncio Pilatos en esa guerra, desinteresado en ser el cacique de la carrera, lejos de ser el gallo del pelot\u00f3n, solo preocupado por el maillot de Mas. En la escapada hab\u00eda corredores de relumbr\u00f3n, caso de Van Aert, Almeida, Castrillo, Johannessen, Berrade y, sobre todo, Omzrel. Muchos ciclistas que levantaban la mano, ya conscientes, todav\u00eda con 100 kil\u00f3metros por delante, de que ser\u00eda la fuga buena, toda vez que los minutos de ventaja se acumulaban, seis en el ecuador de la carrera; siete cuando comenzaba el Alto de Velefique; pero cinco y medio en la cima\u2026 Una merma que lleg\u00f3 de la voluntad y locura de Carapaz, que volvi\u00f3 a sacar el traje de diablo, un ataque supers\u00f3nico, una arrancada que dej\u00f3 huella en el asfalto. Pero todo se qued\u00f3 en un hasta pronto porque los aspirantes al cetro ya no dar\u00edan m\u00e1s concesiones, <a href=\"https:\/\/elpais.com\/deportes\/ciclismo\/2026-08-30\/mas-se-pide-ser-pogacar-en-la-vuelta-a-espana.html\" target=\"_blank\" rel=\"noreferrer nofollow noopener\" title=\"https:\/\/elpais.com\/deportes\/ciclismo\/2026-08-30\/mas-se-pide-ser-pogacar-en-la-vuelta-a-espana.html\">porque Mas ten\u00eda otros planes<\/a>. Como Omrzel, que, ya en la \u00faltima monta\u00f1a, puso el turbo para ense\u00f1ar la matr\u00edcula al resto, autopista hacia la gloria.<\/p>\n<p>M\u00e1s informaci\u00f3n<\/p>\n<p class=\"\">Tir\u00f3 entonces Decathlon como ya es habitual en esta Vuelta, ocupado el equipo en lanzar a Gall, ritmo el\u00e9ctrico de dif\u00edcil digesti\u00f3n. Un mordisco a las aspiraciones de Kuss, Skejlmose y Onley (se peg\u00f3 un batacazo al inicio de la etapa), que perdieron la cuerda, un tormento para los dem\u00e1s y, de paso, la selecci\u00f3n natural del m\u00e1s fuerte, pues ya solo pod\u00edan seguirles Carapaz, Roglic y Mas, feliz por el achicharrante calor, ya que no hace tanto pidi\u00f3 en broma que pusieran estufas en las carreteras, <a href=\"https:\/\/elpais.com\/deportes\/ciclismo\/2026-08-22\/enric-mas-vuelvo-a-disfrutar-del-sufrimiento.html\" target=\"_blank\" rel=\"noreferrer nofollow noopener\" title=\"https:\/\/elpais.com\/deportes\/ciclismo\/2026-08-22\/enric-mas-vuelvo-a-disfrutar-del-sufrimiento.html\">que le gusta m\u00e1s correr a 40 grados, como era el caso, que a 20<\/a>.<\/p>\n<p class=\"\">Y fue a 11 kil\u00f3metros de meta donde Mas dej\u00f3 al resto en la estacada, un ataque sentado con molinillo de piernas, un arranque de campe\u00f3n. Venci\u00f3 Omrzel &#8211;<a href=\"https:\/\/elpais.com\/deportes\/ciclismo\/2026-08-25\/el-ser-o-no-ser-de-kern-pharma.html\" target=\"_blank\" rel=\"noreferrer nofollow noopener\" title=\"https:\/\/elpais.com\/deportes\/ciclismo\/2026-08-25\/el-ser-o-no-ser-de-kern-pharma.html\">sobre un Berrade (Kern Pharma)<\/a> estratosf\u00e9rico\u2014, a quien se le escapaba la sonrisa por la haza\u00f1a; y venci\u00f3 Mas, que al cruzar la meta mir\u00f3 hacia atr\u00e1s. No vio nada, solo una Vuelta a Espa\u00f1a que, con esas piernas, se le pone muy de cara.<\/p>\n<p><b>Mas: \u201cPoco a poco me lo voy creyendo\u201d<\/b><\/p>\n<p class=\"\">Sobre el rodillo, como si todav\u00eda no hubiera pedaleado suficiente \u2014aunque de lo m\u00e1s habitual porque es parte de la recuperaci\u00f3n de los ciclistas de \u00e9lite\u2014, Mas reflej\u00f3 su felicidad por la exitosa etapa, por sacar 27 segundos a Roglic, Gall y Carapaz, los casi ya \u00fanicos pretendientes en la Vuelta, am\u00e9n de Onley. \u201cEstoy contento, me he visto bien y, s\u00ed, poco a poco me lo voy creyendo\u201d, convino, todav\u00eda jadeante por el esfuerzo, por el recital de ser el m\u00e1s fuerte de los fuertes.<\/p>\n<p class=\"\">Encontr\u00f3 Mas en la \u00faltima subida la ayuda de su compa\u00f1ero Ra\u00fal Garc\u00eda Pierna, corredor de la fuga que aguard\u00f3 para llevarle en volandas&#8230; poco tiempo. \u201cMe hubiese gustado ayudarle m\u00e1s, pero \u00e9l estaba muy fuerte y yo pensaba llegar con m\u00e1s fuerzas\u201d, esgrimi\u00f3; \u201cpero el equipo hace lo que puede y estamos muy bien\u201d. Eso apreci\u00f3 Mas: \u201cHemos dado una imagen de equipo s\u00f3lido y con ganas. Bien, poco a poco, porque el objetivo es disfrutar del \u2018maillot\u2019 rojo <a href=\"https:\/\/elpais.com\/deportes\/ciclismo\/2025-11-19\/la-vuelta-de-2026-terminara-en-granada-tras-descartar-madrid.html\" target=\"_blank\" rel=\"noreferrer nofollow noopener\" title=\"https:\/\/elpais.com\/deportes\/ciclismo\/2025-11-19\/la-vuelta-de-2026-terminara-en-granada-tras-descartar-madrid.html\">y tambi\u00e9n mantenerlo<\/a>\u201d. Les queda menos, una crono y tres etapas de monta\u00f1a.<\/p>\n<p class=\"\">A escasos metros, ense\u00f1ando su ristra de dientes, habl\u00f3 Omrzel, la revelaci\u00f3n de la Vuelta, toda una exhibici\u00f3n la suya: \u201cNo estoy muy sorprendido de haber ganado porque he trabajado mucho para esto. No sab\u00eda cu\u00e1ndo ser\u00eda y era dif\u00edcil que ocurriera en la primera gran vuelta, pero me he sentido muy bien todo el d\u00eda y al equipo le han salido las cosas muy bien, parec\u00eda que estuvi\u00e9ramos jugando a la PlayStation\u201d. Pero era la vida real y su gallard\u00eda le aup\u00f3 al sexto puesto, uno en el que ya no le dejar\u00e1n meterse en m\u00e1s fugas. No se sabe si ser\u00e1 Movistar, que no parece preocupado por esas refriegas, pero el que seguro que lo intentar\u00e1 es Mas. \u201cBueno, vamos a ir poco a poco\u201d, reivindic\u00f3 otra vez. Pero sus piernas dictan lo contrario.<\/p>\n","protected":false},"excerpt":{"rendered":"Se acabaron las etiquetas de conservador, de r\u00e1cano en carrera, de calculador. Enric Mas, el Popeye de esta&hellip;\n","protected":false},"author":2,"featured_media":745789,"comment_status":"","ping_status":"","sticky":false,"template":"","format":"standard","meta":{"footnotes":""},"categories":[273],"tags":[2839,313,2838,1540,312,168,3594,25,24,95403,21731,12058,49460,23,167,7603],"class_list":["post-745788","post","type-post","status-publish","format-standard","has-post-thumbnail","category-ciclismo","tag-carreras-ciclistas","tag-ciclismo","tag-ciclistas","tag-competiciones","tag-cycling","tag-deportes","tag-enric-mas","tag-es","tag-espana","tag-felix-gall","tag-oscar-onley","tag-primoz-roglic","tag-richard-carapaz","tag-spain","tag-sports","tag-vuelta-espana"],"share_on_mastodon":{"url":"https:\/\/pubeurope.com\/@es\/117208240853998445","error":""},"_links":{"self":[{"href":"https:\/\/www.europesays.com\/es\/wp-json\/wp\/v2\/posts\/745788","targetHints":{"allow":["GET"]}}],"collection":[{"href":"https:\/\/www.europesays.com\/es\/wp-json\/wp\/v2\/posts"}],"about":[{"href":"https:\/\/www.europesays.com\/es\/wp-json\/wp\/v2\/types\/post"}],"author":[{"embeddable":true,"href":"https:\/\/www.europesays.com\/es\/wp-json\/wp\/v2\/users\/2"}],"replies":[{"embeddable":true,"href":"https:\/\/www.europesays.com\/es\/wp-json\/wp\/v2\/comments?post=745788"}],"version-history":[{"count":0,"href":"https:\/\/www.europesays.com\/es\/wp-json\/wp\/v2\/posts\/745788\/revisions"}],"wp:featuredmedia":[{"embeddable":true,"href":"https:\/\/www.europesays.com\/es\/wp-json\/wp\/v2\/media\/745789"}],"wp:attachment":[{"href":"https:\/\/www.europesays.com\/es\/wp-json\/wp\/v2\/media?parent=745788"}],"wp:term":[{"taxonomy":"category","embeddable":true,"href":"https:\/\/www.europesays.com\/es\/wp-json\/wp\/v2\/categories?post=745788"},{"taxonomy":"post_tag","embeddable":true,"href":"https:\/\/www.europesays.com\/es\/wp-json\/wp\/v2\/tags?post=745788"}],"curies":[{"name":"wp","href":"https:\/\/api.w.org\/{rel}","templated":true}]}}