{"id":745792,"date":"2026-09-03T17:18:14","date_gmt":"2026-09-03T17:18:14","guid":{"rendered":"https:\/\/www.europesays.com\/es\/745792\/"},"modified":"2026-09-03T17:18:14","modified_gmt":"2026-09-03T17:18:14","slug":"el-caso-julian-entra-en-una-nueva-dimension-ya-es-un-tema-personal","status":"publish","type":"post","link":"https:\/\/www.europesays.com\/es\/745792\/","title":{"rendered":"El &#8216;caso Juli\u00e1n&#8217; entra en una nueva dimensi\u00f3n: \u00abYa es un tema personal\u00bb"},"content":{"rendered":"<p class=\"ft-text\">El mercado de fichajes ya ha echado el cierre y <strong>Juli\u00e1n \u00c1lvarez seguir\u00e1 en el Atl\u00e9tico de Madrid<\/strong>. El delantero argentino no se movi\u00f3 del Metropolitano pese a que durante semanas estuvo en el centro de todas las miradas. El Bar\u00e7a insisti\u00f3 en su fichaje, pero <strong>se encontr\u00f3 con la negativa frontal del club rojiblanco<\/strong>, que en ning\u00fan momento quiso negociar su salida con el conjunto blaugrana.<\/p>\n<p class=\"ft-text\">El Arsenal apareci\u00f3 entonces como la gran alternativa. El club ingl\u00e9s lleg\u00f3 a intentar convencer al delantero, pero <strong>Juli\u00e1n mantuvo su preferencia por el Bar\u00e7a <\/strong>y finalmente tampoco se produjo el cambio de equipo.<\/p>\n<p class=\"ft-text\">Con el mercado cerrado, el caso entra ahora en una nueva fase. Y es precisamente ah\u00ed donde aparece el mensaje de <strong>David Bernabeu<\/strong>. El periodista asegur\u00f3 en un &#8216;preguntas y respuestas&#8217; en SPORT TV que la situaci\u00f3n ha adquirido un componente que va m\u00e1s all\u00e1 de una simple operaci\u00f3n de mercado. <strong>\u00abEl Bar\u00e7a, en invierno, va a ir con todo a por Juli\u00e1n. Es ya un tema personal\u00bb.<\/strong><\/p>\n<p><img decoding=\"async\" src=\"https:\/\/www.europesays.com\/es\/wp-content\/uploads\/2026\/09\/8fe76d4a-983a-421c-8c2f-0d9fc6c6b120_alta-libre-aspect-ratio_default_0_x600y225.jpg\" width=\"1200\" height=\"675\" alt=\"Juli\u00e1n \u00c1lvarez entrenando con el Atl\u00e9tico\" class=\"ft-helper-img-rd\" loading=\"lazy\" fetchpriority=\"auto\"\/><\/p>\n<p class=\"ft-helper-fontColor-quaternary ft-helper-fontSize-body-S ft-helper-spacer-t-xxs\">Juli\u00e1n \u00c1lvarez entrenando con el Atl\u00e9tico  \/ EFE<\/p>\n<p class=\"ft-text\">Bernabeu explic\u00f3 que ese car\u00e1cter personal no responde \u00fanicamente a la postura que ha mantenido el Atl\u00e9tico durante todo el verano. Tambi\u00e9n<a class=\"ft-link ft-link--decoration\" href=\"https:\/\/www.sport.es\/es\/noticias\/barca\/segundo-asalto-barca-julian-alvarez-133865271\" rel=\"nofollow noopener\" target=\"_blank\"> tiene que ver con el propio futbolista<\/a> y con el esfuerzo que ha realizado para intentar llegar al Bar\u00e7a.<strong> \u00abYa no solo por c\u00f3mo considera el Bar\u00e7a que lo ha hecho el Atleti, sino por el propio futbolista, que se ha dejado la piel para llegar al Bar\u00e7a\u00bb.<\/strong><\/p>\n<p>Un verano que lo cambi\u00f3 todo<\/p>\n<p class=\"ft-text\">La situaci\u00f3n se fue tensando desde que <strong>Juli\u00e1n manifest\u00f3 durante el Mundial su deseo de cambiar de aires<\/strong>. Desde entonces, el Atl\u00e9tico cerr\u00f3 filas alrededor del delantero y Miguel \u00c1ngel Gil Mar\u00edn fue especialmente contundente al descartar una venta al club catal\u00e1n. El <a class=\"ft-link ft-link--decoration\" href=\"https:\/\/www.sport.es\/es\/noticias\/barca\/atletico-arremete-barca-comunicado-133701738\" rel=\"nofollow noopener\" target=\"_blank\">dirigente rojiblanco lleg\u00f3 a asegurar que Juli\u00e1n no ser\u00eda traspasado al Bar\u00e7a bajo ninguna circunstancia.<\/a><\/p>\n<p class=\"ft-text\"><strong>El Bar\u00e7a, por su parte, lleg\u00f3 a mantener p\u00fablicamente su inter\u00e9s.<\/strong> Joan Laporta reconoci\u00f3 a finales de agosto que el club segu\u00eda muy interesado en el argentino y que manten\u00eda su oferta si el Atl\u00e9tico estaba dispuesto a negociar. Finalmente, el Atl\u00e9tico consigui\u00f3 mantener a su estrella. Juli\u00e1n se qued\u00f3 en Madrid y el Bar\u00e7a termin\u00f3 incorporando a <strong>Gabriel Jes\u00fas<\/strong> para reforzar la delantera ante la imposibilidad de cerrar la llegada del argentino.<\/p>\n<p><img decoding=\"async\" src=\"https:\/\/www.europesays.com\/es\/wp-content\/uploads\/2026\/09\/a55bd638-e894-49d5-b88e-87c56b91c5cf_alta-libre-aspect-ratio_default_0_x600y225.jpg\" width=\"1200\" height=\"675\" alt=\"Primer entrenamiento de Gabriel Jesus en la vuelta de Gavi\" class=\"ft-helper-img-rd\" loading=\"lazy\" fetchpriority=\"auto\"\/><\/p>\n<p class=\"ft-helper-fontColor-quaternary ft-helper-fontSize-body-S ft-helper-spacer-t-xxs\">Primer entrenamiento de Gabriel Jesus en la vuelta de Gavi  \/ FC Barcelona\/Marc Graupera<\/p>\n<p class=\"ft-text\">Pero el episodio ha dejado una herida abierta. La<a class=\"ft-link ft-link--decoration\" href=\"https:\/\/www.sport.es\/es\/noticias\/barca\/aficion-atletico-madrid-perdona-pancartas-133536896\" rel=\"nofollow noopener\" target=\"_blank\"> relaci\u00f3n de Juli\u00e1n con parte de la afici\u00f3n rojiblanca se ha deteriorado<\/a> y el delantero ya ha recibido pitos y abucheos en sus apariciones con el Atl\u00e9tico. Su futuro deportivo queda ahora condicionado por c\u00f3mo evolucione su situaci\u00f3n en los pr\u00f3ximos meses.<\/p>\n<p class=\"ft-text\">Y, mientras tanto, en Barcelona el nombre de Juli\u00e1n sigue teniendo un peso especial. Bernabeu fue incluso m\u00e1s all\u00e1 al imaginar el recibimiento que tendr\u00eda el argentino si alg\u00fan d\u00eda juega en el Camp Nou contra el Atl\u00e9tico: <strong>\u00abCreo que, si tiene minutos en el Spotify Camp Nou, ser\u00e1 el futbolista m\u00e1s aplaudido de la historia por la afici\u00f3n del Bar\u00e7a jugando contra un rival directo\u00bb<\/strong>. El mercado se ha cerrado, pero el &#8216;caso Juli\u00e1n&#8217; est\u00e1 lejos de haber perdido su dimensi\u00f3n.<\/p>\n","protected":false},"excerpt":{"rendered":"El mercado de fichajes ya ha echado el cierre y Juli\u00e1n \u00c1lvarez seguir\u00e1 en el Atl\u00e9tico de Madrid.&hellip;\n","protected":false},"author":2,"featured_media":745793,"comment_status":"","ping_status":"","sticky":false,"template":"","format":"standard","meta":{"footnotes":""},"categories":[268],"tags":[3409,2296,6985,168,18440,7115,25,24,280,282,16401,22784,795,281,23,167],"class_list":["post-745792","post","type-post","status-publish","format-standard","has-post-thumbnail","category-futbol","tag-atletico-de-madrid","tag-barca","tag-caso","tag-deportes","tag-dimension","tag-entra","tag-es","tag-espana","tag-football","tag-futbol","tag-julian","tag-julian-alvarez","tag-nueva","tag-soccer","tag-spain","tag-sports"],"share_on_mastodon":{"url":"https:\/\/pubeurope.com\/@es\/117208254101206591","error":""},"_links":{"self":[{"href":"https:\/\/www.europesays.com\/es\/wp-json\/wp\/v2\/posts\/745792","targetHints":{"allow":["GET"]}}],"collection":[{"href":"https:\/\/www.europesays.com\/es\/wp-json\/wp\/v2\/posts"}],"about":[{"href":"https:\/\/www.europesays.com\/es\/wp-json\/wp\/v2\/types\/post"}],"author":[{"embeddable":true,"href":"https:\/\/www.europesays.com\/es\/wp-json\/wp\/v2\/users\/2"}],"replies":[{"embeddable":true,"href":"https:\/\/www.europesays.com\/es\/wp-json\/wp\/v2\/comments?post=745792"}],"version-history":[{"count":0,"href":"https:\/\/www.europesays.com\/es\/wp-json\/wp\/v2\/posts\/745792\/revisions"}],"wp:featuredmedia":[{"embeddable":true,"href":"https:\/\/www.europesays.com\/es\/wp-json\/wp\/v2\/media\/745793"}],"wp:attachment":[{"href":"https:\/\/www.europesays.com\/es\/wp-json\/wp\/v2\/media?parent=745792"}],"wp:term":[{"taxonomy":"category","embeddable":true,"href":"https:\/\/www.europesays.com\/es\/wp-json\/wp\/v2\/categories?post=745792"},{"taxonomy":"post_tag","embeddable":true,"href":"https:\/\/www.europesays.com\/es\/wp-json\/wp\/v2\/tags?post=745792"}],"curies":[{"name":"wp","href":"https:\/\/api.w.org\/{rel}","templated":true}]}}