{"id":745814,"date":"2026-09-03T17:30:07","date_gmt":"2026-09-03T17:30:07","guid":{"rendered":"https:\/\/www.europesays.com\/es\/745814\/"},"modified":"2026-09-03T17:30:07","modified_gmt":"2026-09-03T17:30:07","slug":"alemania-investiga-si-el-incendio-en-una-empresa-de-defensa-en-munich-ha-sido-intencionado-internacional","status":"publish","type":"post","link":"https:\/\/www.europesays.com\/es\/745814\/","title":{"rendered":"Alemania investiga si el incendio en una empresa de defensa en M\u00fanich ha sido intencionado | Internacional"},"content":{"rendered":"<p class=\"\">La polic\u00eda alemana est\u00e1 investigando un incendio que se produjo este jueves frente a las oficinas de la empresa de defensa, Rohde &amp; Schwarz, en M\u00fanich, por si fuera intencionado. El fuego no dej\u00f3 heridos ni da\u00f1os materiales, pero seg\u00fan Reuters, dos sospechosos, una mujer y un hombre de nacionalidad b\u00falgara, fueron detenidos en una gasolinera cercana en conexi\u00f3n con el suceso.<\/p>\n<p class=\"\">El presunto ataque se produce dos d\u00edas despu\u00e9s de que se produjeran <a href=\"https:\/\/elpais.com\/internacional\/2026-09-02\/nuevos-sabotajes-contra-infraestructuras-criticas-ponen-a-alemania-en-alerta.html\" rel=\"nofollow noopener\" target=\"_blank\">varios intentos de sabotaje contra infraestructuras cr\u00edticas que han puesto a Alemania en alerta<\/a> y un mes despu\u00e9s de un ataque con drones este martes a aviones ucranios en el aeropuerto de Leipzig. <a href=\"https:\/\/elpais.com\/internacional\/2026-09-01\/alemania-acusa-a-rusia-del-ataque-fallido-con-drones-bomba-en-leipzig.html\" rel=\"nofollow noopener\" target=\"_blank\">Alemania acus\u00f3 formalmente a Rusia de estar detr\u00e1s de esa operaci\u00f3n que result\u00f3 fallida<\/a>. Los investigadores alemanes examinan a dos sospechosos en relaci\u00f3n con el ataque y est\u00e1n investigando conexiones con otros casos en Serbia y Polonia, seg\u00fan informa la revista Der Spiegel citando fuentes del aparato de seguridad alem\u00e1n.<\/p>\n<p class=\"\">La reciente escalada se enmarca en <a href=\"https:\/\/elpais.com\/internacional\/2026-09-01\/la-guerra-hibrida-de-rusia-en-suelo-europeo-se-acelera-un-50-desde-abril.html\" rel=\"nofollow noopener\" target=\"_blank\">una campa\u00f1a de operaciones h\u00edbridas atribuidas a Rusia que se ha intensificado en los \u00faltimos meses<\/a>, con sabotajes, espionaje, ciberataques e incursiones con drones. La polic\u00eda investiga dos intentos de sabotaje a la red el\u00e9ctrica de los estados de Brandeburgo y Renania del Norte-Westfalia, que ocurrieron este martes. Las autoridades locales no descartan tampoco la posibilidad de que se trate de una injerencia extranjera o de una acci\u00f3n por parte de activistas de extrema izquierda dom\u00e9sticos. El incremento de sabotajes tiene lugar en un delicado contexto electoral, con el estado de Sajonia-Anhalt (al este del pa\u00eds) llamado a votar este domingo, en el que Alternativa por Alemania \u2015AfD, el partido de extrema derecha\u2015 lidera los sondeos.<\/p>\n<p class=\"\">\u201cHemos dejado claro a Rusia que no nos dejaremos intimidar y que mantenemos una postura clara, que permanecemos unidos en solidaridad\u201d, ha declardo este mi\u00e9rcoles el ministro de Exteriores alem\u00e1n, Johann Wadephul, en una rueda de prensa conjunta con sus hom\u00f3logos de Francia y Polonia. Igualmente, ha agradecido a sus socios la solidaridad mostrada con Berl\u00edn. Desde Bruselas, los 27 tambi\u00e9n debaten como <a href=\"https:\/\/elpais.com\/internacional\/2026-09-01\/la-union-europa-anuncia-nuevas-sanciones-y-una-perspectiva-nueva-para-hacer-frente-a-la-amenaza-rusa.html\" rel=\"nofollow noopener\" target=\"_blank\">endurecer su reacci\u00f3n frente a las operaciones rusas<\/a> conforme las injerencias de Mosc\u00fa se multiplican. En Dinamarca, el servicio nacional de seguridad e inteligencia PET alert\u00f3 en un informe publicado este jueves sobre intentos por parte de Rusia para reclutar a j\u00f3venes daneses a trav\u00e9s de las redes sociales y videojuegos. <\/p>\n","protected":false},"excerpt":{"rendered":"La polic\u00eda alemana est\u00e1 investigando un incendio que se produjo este jueves frente a las oficinas de la&hellip;\n","protected":false},"author":2,"featured_media":745815,"comment_status":"","ping_status":"","sticky":false,"template":"","format":"standard","meta":{"footnotes":""},"categories":[42],"tags":[1660,17,18,13,14,11,4342,61,62,63,64,19,20,9,10,15,16,1614,25943,12,7081,21,22,65,66,67],"class_list":["post-745814","post","type-post","status-publish","format-standard","has-post-thumbnail","category-internacional","tag-alemania","tag-breaking-news","tag-breakingnews","tag-featured-news","tag-featurednews","tag-headlines","tag-incendios","tag-internacional","tag-international","tag-international-news","tag-internationalnews","tag-latest-news","tag-latestnews","tag-news","tag-noticias","tag-noticias-destacadas","tag-noticiasdestacadas","tag-rusia","tag-sabotaje","tag-titulares","tag-ucrania","tag-ultimas-noticias","tag-ultimasnoticias","tag-world","tag-world-news","tag-worldnews"],"share_on_mastodon":{"url":"","error":""},"_links":{"self":[{"href":"https:\/\/www.europesays.com\/es\/wp-json\/wp\/v2\/posts\/745814","targetHints":{"allow":["GET"]}}],"collection":[{"href":"https:\/\/www.europesays.com\/es\/wp-json\/wp\/v2\/posts"}],"about":[{"href":"https:\/\/www.europesays.com\/es\/wp-json\/wp\/v2\/types\/post"}],"author":[{"embeddable":true,"href":"https:\/\/www.europesays.com\/es\/wp-json\/wp\/v2\/users\/2"}],"replies":[{"embeddable":true,"href":"https:\/\/www.europesays.com\/es\/wp-json\/wp\/v2\/comments?post=745814"}],"version-history":[{"count":0,"href":"https:\/\/www.europesays.com\/es\/wp-json\/wp\/v2\/posts\/745814\/revisions"}],"wp:featuredmedia":[{"embeddable":true,"href":"https:\/\/www.europesays.com\/es\/wp-json\/wp\/v2\/media\/745815"}],"wp:attachment":[{"href":"https:\/\/www.europesays.com\/es\/wp-json\/wp\/v2\/media?parent=745814"}],"wp:term":[{"taxonomy":"category","embeddable":true,"href":"https:\/\/www.europesays.com\/es\/wp-json\/wp\/v2\/categories?post=745814"},{"taxonomy":"post_tag","embeddable":true,"href":"https:\/\/www.europesays.com\/es\/wp-json\/wp\/v2\/tags?post=745814"}],"curies":[{"name":"wp","href":"https:\/\/api.w.org\/{rel}","templated":true}]}}