{"id":745816,"date":"2026-09-03T17:31:17","date_gmt":"2026-09-03T17:31:17","guid":{"rendered":"https:\/\/www.europesays.com\/es\/745816\/"},"modified":"2026-09-03T17:31:17","modified_gmt":"2026-09-03T17:31:17","slug":"financiacion-automomica-madrid-no-acudira-a-la-reunion-de-este-viernes-del-consejo-de-politica-fiscal-y-financiera-para-debatir-el-sistema-de-financiacion-autonomica","status":"publish","type":"post","link":"https:\/\/www.europesays.com\/es\/745816\/","title":{"rendered":"FINANCIACI\u00d3N AUTOM\u00d3MICA | Madrid no acudir\u00e1 a la reuni\u00f3n de este viernes del Consejo de Pol\u00edtica Fiscal y Financiera para debatir el sistema de financiaci\u00f3n auton\u00f3mica"},"content":{"rendered":"<p class=\"ft-text\">Plant\u00f3n de la Comunidad de Madrid al <strong>Consejo de Pol\u00edtica Fiscal y Financiera convocado para este viernes 4 de septiembre<\/strong> en el que se iba a abordar la propuesta de reforma del sistema de financiaci\u00f3n auton\u00f3mica remitida por Hacienda a las comunidades el pasado mes de julio. Fuentes del Gobierno de <strong>Isabel D\u00edaz Ayuso<\/strong> han trasladado a primera hora de esta tarde su negativa a acudir a la reuni\u00f3n entre el Gobierno y las comunidades aut\u00f3nomas en la que se pretende aprobar el nuevo modelo, un sistema, aducen desde Sol \u00abpactado de manera bilateral y de espaldas al resto de comunidades aut\u00f3nomas\u00bb entre el Gobierno y la Generalitat de Catalu\u00f1a.<\/p>\n<p class=\"ft-text\">\u00abSe trata de un sistema de financiaci\u00f3n que <strong>rompe con la igualdad de todos los espa\u00f1oles<\/strong> y que persigue blanquear la deuda generada por la gesti\u00f3n corrupta de los gobiernos independentistas y que ha seguido e intensificado el presidente socialista actual, Salvador Illa\u00bb, trasladan esas mismas fuentes.<\/p>\n<p class=\"ft-text\">Desde Sol se asegura que la decisi\u00f3n de que la consejera de Econom\u00eda, Hacienda y Empleo madrile\u00f1a, Roc\u00edo Albert, no se presente ma\u00f1ana en la reuni\u00f3n del Consejo de Pol\u00edtica Fiscal <strong>se ha transmitido previamente en las reuniones que se han mantenido con la direcci\u00f3n nacional del PP<\/strong> y el resto de consejeros del ramo de las autonom\u00edas gobernadas por los populares.<\/p>\n<p class=\"ft-text\">El argumento que se esgrime es que si todas las comunidades del PP se ausentan, la reuni\u00f3n no tendr\u00eda quorum. De celebrarse la reuni\u00f3n basta con el voto favorable del Gobierno y de una de las comunidades, previsiblemente el de Catalu\u00f1a, para que la propuesta salga adelante. \u00abLa \u00fanica manera de que este acuerdo no pueda materializarse ma\u00f1ana en el Consejo de Pol\u00edtica Fiscal y Financiera es que no haya quorum en la reuni\u00f3n. <strong>La ausencia de todas las comunidades aut\u00f3nomas gobernadas por el PP supondr\u00eda la paralizaci\u00f3n de esta ruptura de la igualdad de todos los espa\u00f1oles<\/strong> y del blanqueamiento de la corrupci\u00f3n econ\u00f3mica y pol\u00edtica de los gestores de la Generalidad de Catalu\u00f1a en las \u00faltimas d\u00e9cadas\u00bb, se\u00f1alan desde el Ejecutivo madrile\u00f1o.<\/p>\n<p class=\"ft-text\">El Gobierno madrile\u00f1o asegura haber puesto en conocimiento de G\u00e9nova y del resto de comunidades populares su posici\u00f3n, que materializa el largo desencuentro en torno al sistema de financiaci\u00f3n mantenido con el Ejecutivo, un enfrentamiento que tiene tanto o m\u00e1s de pol\u00edtico que de econ\u00f3mico. Desde el Ministerio de Hacienda se argumenta que el nuevo dise\u00f1o permite a las comunidades del r\u00e9gimen com\u00fan, todas menos Pa\u00eds Vasco y Navarra, acceder a cerca de 21.000 millones de euros adicionales. <strong>Para Madrid, en concreto, el nuevo reparto supondr\u00eda m\u00e1s de 2.500 millones de euros m\u00e1s<\/strong>, cifra que llegar\u00eda a los 4.800 millones de euros adicionales en el caso de Andaluc\u00eda y casi 4.700 millones de euros m\u00e1s respecto al actual modelo para Catalu\u00f1a.<\/p>\n<p class=\"ft-text\">El Gobierno madrile\u00f1o, no obstante, ha hecho de ello frente de confrontaci\u00f3n sobre la idea de que los principios de la reforma se hubieran acordado previamente con ERC. Tanto Ayuso como la consejera Albert se han referido en ocasiones al nuevo modelo sistema de financiaci\u00f3n como \u00abtomadura de pelo\u00bb, \u00abtrampa\u00bb o sistema perge\u00f1ado \u00abpara comprar voluntades\u00bb.<\/p>\n<p>\u00abUn llamamiento al boicot irresponsable\u00bb<\/p>\n<p class=\"ft-text\">La iniciativa del Gobierno de Ayuso de no estar presente en la reuni\u00f3n de ma\u00f1ana <strong>es vista en el Ministerio de Hacienda como un \u00abllamamiento al boicot\u00bb, actitud que juzgan \u00abirresponsable\u00bb<\/strong>. Fuentes del departamento que encabeza Arcadi Espa\u00f1a aseguran que todas las comunidades de r\u00e9gimen com\u00fan ya hab\u00edan confirmado su asistencia y que la reuni\u00f3n preparatoria de esta ma\u00f1ana en Madrid ha transcurrido en un clima de normalidad y sin que ninguna comunidad trasladara su intenci\u00f3n de no acudir.<\/p>\n<p class=\"ft-text\">\u00abEl gamberrismo institucional no impedir\u00e1 que el Gobierno siga con la mano tendida a todos los territorios y grupos parlamentarios para sacar adelante una reforma de la financiaci\u00f3n auton\u00f3mica imprescindible para garantizar mayores recursos para sanidad, educaci\u00f3n, servicios sociales o vivienda\u00bb, a\u00f1aden.<\/p>\n<p class=\"ft-text\">Independientemente de lo que ocurra este viernes en el <strong>Consejo de Pol\u00edtica Fiscal y Financiera<\/strong>, y aunque en su seno se le diera luz verde, el nuevo sistema de financiaci\u00f3n auton\u00f3mica, que viene a sustituir un modelo caducado desde 2014, y cuya renovaci\u00f3n en uno u otro sentido reclaman todas las autonom\u00edas, no entrar\u00eda en vigor inmediatamente. Antes tendr\u00eda que ser aprobado por mayor\u00eda absoluta, con el voto favorable de 176 parlamentarios, en el Congreso de los Diputados, una circunstancia que desde Madrid se ve improbable.<\/p>\n","protected":false},"excerpt":{"rendered":"Plant\u00f3n de la Comunidad de Madrid al Consejo de Pol\u00edtica Fiscal y Financiera convocado para este viernes 4&hellip;\n","protected":false},"author":2,"featured_media":745817,"comment_status":"","ping_status":"","sticky":false,"template":"","format":"standard","meta":{"footnotes":""},"categories":[8],"tags":[55821,24891,17,18,1576,25,24,13,14,6861,6987,11,3515,19,20,205,9,689,10,15,16,952,7019,23,12,21,22],"class_list":["post-745816","post","type-post","status-publish","format-standard","has-post-thumbnail","category-espana","tag-acudira","tag-autonomica","tag-breaking-news","tag-breakingnews","tag-consejo","tag-es","tag-espana","tag-featured-news","tag-featurednews","tag-financiacion","tag-fiscal","tag-headlines","tag-isabel-diaz-ayuso","tag-latest-news","tag-latestnews","tag-madrid","tag-news","tag-no","tag-noticias","tag-noticias-destacadas","tag-noticiasdestacadas","tag-politica","tag-sistema","tag-spain","tag-titulares","tag-ultimas-noticias","tag-ultimasnoticias"],"share_on_mastodon":{"url":"","error":"Validation failed: Text character limit of 500 exceeded"},"_links":{"self":[{"href":"https:\/\/www.europesays.com\/es\/wp-json\/wp\/v2\/posts\/745816","targetHints":{"allow":["GET"]}}],"collection":[{"href":"https:\/\/www.europesays.com\/es\/wp-json\/wp\/v2\/posts"}],"about":[{"href":"https:\/\/www.europesays.com\/es\/wp-json\/wp\/v2\/types\/post"}],"author":[{"embeddable":true,"href":"https:\/\/www.europesays.com\/es\/wp-json\/wp\/v2\/users\/2"}],"replies":[{"embeddable":true,"href":"https:\/\/www.europesays.com\/es\/wp-json\/wp\/v2\/comments?post=745816"}],"version-history":[{"count":0,"href":"https:\/\/www.europesays.com\/es\/wp-json\/wp\/v2\/posts\/745816\/revisions"}],"wp:featuredmedia":[{"embeddable":true,"href":"https:\/\/www.europesays.com\/es\/wp-json\/wp\/v2\/media\/745817"}],"wp:attachment":[{"href":"https:\/\/www.europesays.com\/es\/wp-json\/wp\/v2\/media?parent=745816"}],"wp:term":[{"taxonomy":"category","embeddable":true,"href":"https:\/\/www.europesays.com\/es\/wp-json\/wp\/v2\/categories?post=745816"},{"taxonomy":"post_tag","embeddable":true,"href":"https:\/\/www.europesays.com\/es\/wp-json\/wp\/v2\/tags?post=745816"}],"curies":[{"name":"wp","href":"https:\/\/api.w.org\/{rel}","templated":true}]}}