{"id":745826,"date":"2026-09-03T17:40:16","date_gmt":"2026-09-03T17:40:16","guid":{"rendered":"https:\/\/www.europesays.com\/es\/745826\/"},"modified":"2026-09-03T17:40:16","modified_gmt":"2026-09-03T17:40:16","slug":"pepu-hernandez-recuerda-el-oro-de-saitama-2006","status":"publish","type":"post","link":"https:\/\/www.europesays.com\/es\/745826\/","title":{"rendered":"Pepu Hern\u00e1ndez recuerda el oro de Saitama 2006"},"content":{"rendered":"<p>Veinte a\u00f1os despu\u00e9s, <strong>Pepu Hern\u00e1ndez<\/strong> sigue hablando del Mundial de Saitama como si aquel <strong>oro del 3 de septiembre de 2006<\/strong> fuese mucho m\u00e1s que un t\u00edtulo. <\/p>\n<p>El exseleccionador espa\u00f1ol, que condujo a la selecci\u00f3n a su primer campeonato del mundo, reivindica el valor de un grupo que convirti\u00f3 el compromiso, la solidaridad y la importancia de cada jugador en una forma de entender el baloncesto: \u00abNo era nuestro objetivo ser campeones, pero s\u00ed <strong>era una consecuencia de c\u00f3mo est\u00e1bamos trabajando<\/strong>\u00ab, recuerda en una entrevista con TVE realizada en Ribadesella, Asturias, tierra de origen de su madre.<\/p>\n<p>Aquel equipo no solo conquist\u00f3 el primer Mundial de la historia del baloncesto espa\u00f1ol, tambi\u00e9n abri\u00f3 una etapa que se prolongar\u00eda durante dos d\u00e9cadas y que convirti\u00f3 a la selecci\u00f3n en una de las grandes referencias del deporte espa\u00f1ol. <\/p>\n<p>Para Pepu, sin embargo, la clave no estuvo \u00fanicamente en la calidad de una generaci\u00f3n encabezada por <strong>Pau Gasol<\/strong>, <strong>Juan Carlos Navarro<\/strong>, <strong>Jos\u00e9 Manuel Calder\u00f3n<\/strong> o <strong>Jorge Garbajosa<\/strong>, sino en la capacidad de aquellos jugadores para funcionar como un verdadero equipo.<\/p>\n<p>\u00abLa palabra importante para m\u00ed era compromiso\u00bb<\/p>\n<p>\u00abEl baloncesto es compartir\u00bb no era, seg\u00fan Pepu, una frase bonita construida para explicar aquel \u00e9xito una vez conseguido. Era exactamente lo que estaba sucediendo dentro de aquel vestuario. El exseleccionador se\u00f1ala una palabra por encima de todas las dem\u00e1s: \u00abMe daba igual si la ten\u00edan con sus compa\u00f1eros, con su deporte, con sus amigos o con su pa\u00eds. <strong>El caso es que exist\u00eda el compromiso<\/strong>\u00ab, explica. <\/p>\n<p>Una filosof\u00eda que, a su juicio, termin\u00f3 trascendiendo al propio baloncesto y que ha acompa\u00f1ado a la selecci\u00f3n espa\u00f1ola durante los 20 a\u00f1os posteriores.<\/p>\n<blockquote class=\"twitter-tweet\">\n<p lang=\"es\" dir=\"ltr\">\u201c\ud83d\udde3\ufe0f \u00abFue el partido que m\u00e1s he disfrutado en la historia de mi carrera, y eso que no pude jugarlo\u00bb<\/p>\n<p>\ud83c\udfc0 Pau Gasol recuerda la lesi\u00f3n que sufri\u00f3 en las semifinales del Mundial 2006 contra Argentina, lo que provoc\u00f3 su baja en la final<\/p>\n<p>\ud83c\uddea\ud83c\uddf8\ud83c\udfc6 20 a\u00f1os despu\u00e9s del oro en el Mundial de\u2026 <a href=\"https:\/\/t.co\/ezfQfot8fY\" rel=\"nofollow\">pic.twitter.com\/ezfQfot8fY<\/a>\u201c<\/p>\n<p>\u2014 Teledeporte (@teledeporte) <a href=\"https:\/\/x.com\/teledeporte\/status\/2076727851802603853?ref_src=twsrc%5Etfw\" rel=\"nofollow\">July 13, 2026<\/a><\/p><\/blockquote>\n<p>Recuerda especialmente la preparaci\u00f3n previa al Mundial. <\/p>\n<p><strong>Espa\u00f1a <\/strong>disput\u00f3 nueve partidos amistosos y los gan\u00f3 todos, pero el t\u00e9cnico no interpretaba aquellos resultados como una garant\u00eda de \u00e9xito. Lo importante era la evoluci\u00f3n del grupo y el cumplimiento de unas normas de comportamiento \u00abmuy sencillas\u00bb que, seg\u00fan destaca, se respetaron \u00aba rajatabla\u00bb. <\/p>\n<p>\u00ab<strong>Sab\u00edamos c\u00f3mo ten\u00edamos que competir y que en alg\u00fan caso todos los jugadores iban a ser importantes<\/strong>\u00ab, se\u00f1ala. Esa sensaci\u00f3n se confirm\u00f3 cuando llegaron los momentos decisivos: incluso sin <strong>Pau Gasol <\/strong>durante parte de la semifinal, los doce jugadores se sintieron protagonistas.<\/p>\n<p>Una defensa capaz de hacer historia<\/p>\n<p>La semifinal contra <strong>Argentina <\/strong>fue uno de esos momentos en los que aquella confianza colectiva adquiri\u00f3 todo su sentido. <\/p>\n<p><strong>Espa\u00f1a <\/strong>tuvo que superar un encuentro exigente ante la selecci\u00f3n albiceleste, pero la convicci\u00f3n de que pod\u00edan competir al m\u00e1ximo nivel lleg\u00f3 incluso antes de ese partido: \u00ab<strong>Habr\u00eda equipos que pod\u00edan ser mejores que nosotros, pero no como grupo, no como formaci\u00f3n ni con la preparaci\u00f3n que ten\u00edamos<\/strong>\u00ab, recuerda. <\/p>\n<p>Esa idea alcanz\u00f3 su m\u00e1xima expresi\u00f3n en la final ante <strong>Grecia<\/strong>. <\/p>\n<p><strong>Sin Pau Gasol<\/strong>, <strong>Espa\u00f1a <\/strong>se apoy\u00f3 en una defensa extraordinaria para dominar a la campeona de Europa. Pepu todav\u00eda recuerda las palabras que le traslad\u00f3 al terminar el partido el griego <strong>Theodoros Papaloukas<\/strong>, una de las grandes estrellas del torneo. El jugador le reconoci\u00f3 que nunca hab\u00edan sentido tanta impotencia ante la defensa de un rival: \u00abEso tambi\u00e9n fue muy de agradecer, sobre todo viniendo de un jugador tan importante como \u00e9l y tan inteligente\u00bb, cuenta. <\/p>\n<p>El legado de \u00abLa Familia\u00bb<\/p>\n<p>Dos d\u00e9cadas despu\u00e9s, observa con especial orgullo lo que hicieron aquellos jugadores despu\u00e9s de <strong>Saitama<\/strong>. Algunos desarrollaron carreras hist\u00f3ricas en la <strong>NBA <\/strong>y en <strong>Europa<\/strong>, mientras que otros terminaron ocupando puestos de responsabilidad en el baloncesto. <\/p>\n<p>Para el exseleccionador, ese es uno de los grandes legados de aquella generaci\u00f3n: \u00ab<strong>Est\u00e1n devolviendo al baloncesto lo que el baloncesto les dio en su momento<\/strong>\u00ab. El \u00e9xito de <strong>2006<\/strong>, por tanto, no termin\u00f3 con aquella medalla de oro, sino que sirvi\u00f3 como punto de partida para una generaci\u00f3n que seguir\u00eda haciendo historia.<\/p>\n<p>La imagen que mejor resume ese legado para Pepu no procede siquiera de aquel Mundial, sino de la reuni\u00f3n celebrada veinte a\u00f1os despu\u00e9s por la <strong>Federaci\u00f3n Espa\u00f1ola de Baloncesto<\/strong>. <\/p>\n<p>\t\tLa FEB celebra el 20\u00ba aniversario del primer Mundial de baloncesto con los 12 &#8216;h\u00e9roes de Saitama&#8217;\t<\/p>\n<p>Al subir al escenario se encontr\u00f3 de nuevo con los doce jugadores campeones del mundo: \u00ab<strong>Me encuentro con un grupo extraordinario<\/strong>\u00ab, explica. \u00ab<strong>Todos hab\u00edan construido carreras diferentes, pero muchos coincidieron al recordar Saitama como uno de los partidos m\u00e1s importantes de sus vidas<\/strong>\u00ab. <\/p>\n<p>Ahora alejado de la alta competici\u00f3n y con una relaci\u00f3n \u00abalgo marginal\u00bb con el baloncesto, sigue defendiendo el deporte como un espacio \u00abamable, saludable y solidario\u00bb. Y entre sus pr\u00f3ximos planes est\u00e1 seguir especialmente el Mundial femenino de Berl\u00edn.<\/p>\n<p>\t\t\t\t\t\t<script async src=\"https:\/\/platform.twitter.com\/widgets.js\" charset=\"utf-8\"><\/script><\/p>\n","protected":false},"excerpt":{"rendered":"Veinte a\u00f1os despu\u00e9s, Pepu Hern\u00e1ndez sigue hablando del Mundial de Saitama como si aquel oro del 3 de&hellip;\n","protected":false},"author":2,"featured_media":745827,"comment_status":"","ping_status":"","sticky":false,"template":"","format":"standard","meta":{"footnotes":""},"categories":[269],"tags":[299,298,168,25,24,23,167],"class_list":["post-745826","post","type-post","status-publish","format-standard","has-post-thumbnail","category-baloncesto","tag-baloncesto","tag-basketball","tag-deportes","tag-es","tag-espana","tag-spain","tag-sports"],"share_on_mastodon":{"url":"https:\/\/pubeurope.com\/@es\/117208339555336888","error":""},"_links":{"self":[{"href":"https:\/\/www.europesays.com\/es\/wp-json\/wp\/v2\/posts\/745826","targetHints":{"allow":["GET"]}}],"collection":[{"href":"https:\/\/www.europesays.com\/es\/wp-json\/wp\/v2\/posts"}],"about":[{"href":"https:\/\/www.europesays.com\/es\/wp-json\/wp\/v2\/types\/post"}],"author":[{"embeddable":true,"href":"https:\/\/www.europesays.com\/es\/wp-json\/wp\/v2\/users\/2"}],"replies":[{"embeddable":true,"href":"https:\/\/www.europesays.com\/es\/wp-json\/wp\/v2\/comments?post=745826"}],"version-history":[{"count":0,"href":"https:\/\/www.europesays.com\/es\/wp-json\/wp\/v2\/posts\/745826\/revisions"}],"wp:featuredmedia":[{"embeddable":true,"href":"https:\/\/www.europesays.com\/es\/wp-json\/wp\/v2\/media\/745827"}],"wp:attachment":[{"href":"https:\/\/www.europesays.com\/es\/wp-json\/wp\/v2\/media?parent=745826"}],"wp:term":[{"taxonomy":"category","embeddable":true,"href":"https:\/\/www.europesays.com\/es\/wp-json\/wp\/v2\/categories?post=745826"},{"taxonomy":"post_tag","embeddable":true,"href":"https:\/\/www.europesays.com\/es\/wp-json\/wp\/v2\/tags?post=745826"}],"curies":[{"name":"wp","href":"https:\/\/api.w.org\/{rel}","templated":true}]}}