{"id":745828,"date":"2026-09-03T17:41:17","date_gmt":"2026-09-03T17:41:17","guid":{"rendered":"https:\/\/www.europesays.com\/es\/745828\/"},"modified":"2026-09-03T17:41:17","modified_gmt":"2026-09-03T17:41:17","slug":"sorpresa-marcos-llorente-se-retira-de-la-seleccion-espanola","status":"publish","type":"post","link":"https:\/\/www.europesays.com\/es\/745828\/","title":{"rendered":"Sorpresa: \u00a1Marcos Llorente se retira de la Selecci\u00f3n Espa\u00f1ola!"},"content":{"rendered":"<p class=\"ft-text\"><strong>Marcos Llorente ha decidido poner punto final a su etapa con la selecci\u00f3n espa\u00f1ola.<\/strong> El futbolista del Atl\u00e9tico de Madrid ha comunicado este jueves su retirada internacional, apenas unas semanas despu\u00e9s de proclamarse campe\u00f3n del mundo con Espa\u00f1a en el Mundial de Estados Unidos, M\u00e9xico y Canad\u00e1.<\/p>\n<p class=\"ft-text\">La decisi\u00f3n sorprende especialmente por el momento elegido. <strong>Llorente tiene 31 a\u00f1os y acaba de cerrar la etapa m\u00e1s importante de su carrera con La Roja<\/strong>, pero ha decidido no continuar con el combinado nacional pese a que, como \u00e9l mismo reconoce en su carta de despedida, todav\u00eda podr\u00eda haber seguido jugando durante varios a\u00f1os.<\/p>\n<p class=\"ft-text\">El centrocampista madrile\u00f1o pone as\u00ed fin a una trayectoria internacional que comenz\u00f3 en 2020 y que termina despu\u00e9s de haber representado a Espa\u00f1a en el Mundial que termin\u00f3 con la segunda estrella para el f\u00fatbol espa\u00f1ol. En estos seis a\u00f1os, <strong>disput\u00f3 27 partidos con la Selecci\u00f3n en los que marc\u00f3 4 goles<\/strong>.<\/p>\n<p>El comunicado de Marcos Llorente<\/p>\n<p class=\"ft-text\"><strong>Llorente ha explicado que se trata de una decisi\u00f3n personal y meditada desde hace tiempo<\/strong> y que nada tiene que ver con su presencia o ausencia en el Mundial ni con el resultado conseguido por Espa\u00f1a. El jugador ha querido despedirse de la selecci\u00f3n con una carta dirigida a todos los que le han acompa\u00f1ado durante su trayectoria.<\/p>\n<p class=\"ft-text\">\u00abDespu\u00e9s de mucho tiempo d\u00e1ndole vueltas, he decidido cerrar mi etapa con la Selecci\u00f3n.<\/p>\n<p class=\"ft-text\">Soy consciente de que todav\u00eda soy joven y que, quiz\u00e1, si siguiera haciendo las cosas bien, a\u00fan me quedar\u00edan a\u00f1os para seguir jugando con esta camiseta.<\/p>\n<p class=\"ft-text\">S\u00e9 que muchos no lo entender\u00e9is y, seguramente, yo tampoco lo habr\u00eda entendido desde fuera. Pero es una decisi\u00f3n personal, muy meditada y, sobre todo, muy sentida.<\/p>\n<p class=\"ft-text\">Independientemente de si hubiese ido al Mundial o no, o de si hubi\u00e9semos ganado o no, esta decisi\u00f3n ya la ten\u00eda tomada.<\/p>\n<p class=\"ft-text\">Solo puedo estar infinitamente agradecido a todas las personas con las que me he cruzado durante estos a\u00f1os y que han hecho posible que mi familia y yo podamos vivir momentos \u00fanicos e inolvidables.<\/p>\n<p class=\"ft-text\">Me quedo con todo lo vivido, pero, sobre todo, con estos \u00faltimos 52 d\u00edas. Con un grupo maravilloso que luch\u00f3 hasta el final por dejar a Espa\u00f1a en lo m\u00e1s alto. Y as\u00ed lo hizo.<\/p>\n<p class=\"ft-text\">Ha sido un orgullo representar a mi pa\u00eds y formar parte de esta historia.<\/p>\n<p class=\"ft-text\">Gracias por todo.<\/p>\n<p class=\"ft-text\">Un abrazo a todos\u00bb<\/p>\n<p><img decoding=\"async\" src=\"https:\/\/www.europesays.com\/es\/wp-content\/uploads\/2026\/09\/5e2d7534-a93d-4bc2-845a-9a95f99eff1e_alta-libre-aspect-ratio_default_0_x1000y444.jpg\" width=\"1200\" height=\"800\" alt=\"Marcos Llorente, junto a Baena, Grimaldo y Pubill, tras ganar el Mundial.\" class=\"ft-helper-img-rd\" loading=\"lazy\" fetchpriority=\"auto\"\/><\/p>\n<p class=\"ft-helper-fontColor-quaternary ft-helper-fontSize-body-S ft-helper-spacer-t-xxs\">Marcos Llorente, junto a Baena, Grimaldo y Pubill, tras ganar el Mundial.  \/ AFP7 v\u00eda Europa Press<\/p>\n<p>Se marcha en lo m\u00e1s alto<\/p>\n<p class=\"ft-text\">El adi\u00f3s de Llorente llega, por tanto, <strong>despu\u00e9s de conquistar el Mundial<\/strong>. El futbolista del Atl\u00e9tico form\u00f3 parte del grupo dirigido por Luis de la Fuente que consigui\u00f3 llevar a Espa\u00f1a hasta el t\u00edtulo en Estados Unidos, M\u00e9xico y Canad\u00e1.<\/p>\n<p class=\"ft-text\"><strong>Su \u00faltima aparici\u00f3n con La Roja quedar\u00e1 ligada para siempre a la celebraci\u00f3n de la segunda estrella<\/strong>. Despu\u00e9s de cumplir uno de los grandes objetivos de cualquier futbolista internacional, Llorente ha decidido que ese sea tambi\u00e9n el punto final de su carrera con Espa\u00f1a.<\/p>\n<p class=\"ft-text\">Su despedida pone fin a una etapa de seis a\u00f1os con la selecci\u00f3n y deja a La Roja sin uno de sus futbolistas m\u00e1s polivalentes. <strong>A partir de ahora, Llorente continuar\u00e1 su carrera exclusivamente a nivel de clubes<\/strong>, con el Atl\u00e9tico de Madrid como escenario de su futuro.<\/p>\n","protected":false},"excerpt":{"rendered":"Marcos Llorente ha decidido poner punto final a su etapa con la selecci\u00f3n espa\u00f1ola. El futbolista del Atl\u00e9tico&hellip;\n","protected":false},"author":2,"featured_media":745829,"comment_status":"","ping_status":"","sticky":false,"template":"","format":"standard","meta":{"footnotes":""},"categories":[268],"tags":[168,25,24,280,282,37166,14144,38538,15896,1988,281,5785,23,167],"class_list":["post-745828","post","type-post","status-publish","format-standard","has-post-thumbnail","category-futbol","tag-deportes","tag-es","tag-espana","tag-football","tag-futbol","tag-llorente","tag-marcos","tag-marcos-llorente","tag-retira","tag-seleccion","tag-soccer","tag-sorpresa","tag-spain","tag-sports"],"share_on_mastodon":{"url":"https:\/\/pubeurope.com\/@es\/117208344257147275","error":""},"_links":{"self":[{"href":"https:\/\/www.europesays.com\/es\/wp-json\/wp\/v2\/posts\/745828","targetHints":{"allow":["GET"]}}],"collection":[{"href":"https:\/\/www.europesays.com\/es\/wp-json\/wp\/v2\/posts"}],"about":[{"href":"https:\/\/www.europesays.com\/es\/wp-json\/wp\/v2\/types\/post"}],"author":[{"embeddable":true,"href":"https:\/\/www.europesays.com\/es\/wp-json\/wp\/v2\/users\/2"}],"replies":[{"embeddable":true,"href":"https:\/\/www.europesays.com\/es\/wp-json\/wp\/v2\/comments?post=745828"}],"version-history":[{"count":0,"href":"https:\/\/www.europesays.com\/es\/wp-json\/wp\/v2\/posts\/745828\/revisions"}],"wp:featuredmedia":[{"embeddable":true,"href":"https:\/\/www.europesays.com\/es\/wp-json\/wp\/v2\/media\/745829"}],"wp:attachment":[{"href":"https:\/\/www.europesays.com\/es\/wp-json\/wp\/v2\/media?parent=745828"}],"wp:term":[{"taxonomy":"category","embeddable":true,"href":"https:\/\/www.europesays.com\/es\/wp-json\/wp\/v2\/categories?post=745828"},{"taxonomy":"post_tag","embeddable":true,"href":"https:\/\/www.europesays.com\/es\/wp-json\/wp\/v2\/tags?post=745828"}],"curies":[{"name":"wp","href":"https:\/\/api.w.org\/{rel}","templated":true}]}}