{"id":745834,"date":"2026-09-03T17:45:11","date_gmt":"2026-09-03T17:45:11","guid":{"rendered":"https:\/\/www.europesays.com\/es\/745834\/"},"modified":"2026-09-03T17:45:11","modified_gmt":"2026-09-03T17:45:11","slug":"lasexta-condena-la-oleada-de-ataques-a-sus-reporteros-y-a-los-de-rtve-en-las-manifestaciones-hartos-de-agresiones","status":"publish","type":"post","link":"https:\/\/www.europesays.com\/es\/745834\/","title":{"rendered":"laSexta condena la oleada de ataques a sus reporteros y a los de RTVE en las manifestaciones: \u00abHartos de agresiones\u00bb"},"content":{"rendered":"<p class=\"article-text\">\n        <strong>Condena en directo<\/strong> contra los<strong> <\/strong><a href=\"https:\/\/www.eldiario.es\/vertele\/noticias\/acosan-reportero-malas-lenguas-rtve-manifestacion-madrid-ceuta-agredir-informadores-dinamitar-democracia_1_13483922.html\" target=\"_blank\" data-mrf-recirculation=\"links-noticia\" class=\"link\" rel=\"nofollow noopener\"><strong>ataques a periodistas<\/strong><\/a>. Las manifestaciones de los \u00faltimos d\u00edas en apoyo a Ceuta fueron escenario de distintas agresiones a equipos de prensa, situaci\u00f3n que ha provocado una contundente reacci\u00f3n en <strong>laSexta Noticias<\/strong>. Este jueves, 3 de septiembre, <strong>Helena Resano <\/strong>ha entonado un mensaje de repulsa ante las constantes <strong>amenazas <\/strong>tanto a sus <strong>compa\u00f1eros de cadena<\/strong> como a los <strong>equipos de RTVE<\/strong> en las calles. Un v\u00eddeo resumen ha evidenciado despu\u00e9s de su alegato por qu\u00e9 estos hechos son \u201c<strong>inaceptables <\/strong>y <strong>muy peligrosos<\/strong>\u201d.\n    <\/p>\n<p>    <a href=\"https:\/\/www.eldiario.es\/vertele\/noticias\/acosan-reportero-malas-lenguas-rtve-manifestacion-madrid-ceuta-agredir-informadores-dinamitar-democracia_1_13483922.html\" data-mrf-recirculation=\"saber-mas\" data-dl-event=\"saber-mas\" rel=\"nofollow noopener\" target=\"_blank\"><\/p>\n<p class=\"know-more__title\">Acosan a un reportero de &#8216;Malas lenguas&#8217; de RTVE en la manifestaci\u00f3n de Madrid por Ceuta: \u00abAgredir a los informadores es dinamitar la democracia\u00bb<\/p>\n<p>            <img decoding=\"async\" class=\"lazy\" loading=\"lazy\" data-src=\"https:\/\/static.eldiario.es\/clip\/f42cd903-8922-40c1-a6b5-4954ded4bade_16-9-aspect-ratio_default_0.jpg\" src=\"data:image\/svg+xml,%3Csvg xmlns=\" http:=\"\" viewbox=\"0 0 880 495\" alt=\"Acosan a un reportero de 'Malas lenguas' de RTVE en la manifestaci\u00f3n de Madrid por Ceuta: &quot;Agredir a los informadores es dinamitar la democracia&quot;\"\/><\/p>\n<p>                        <\/a><\/p>\n<p class=\"article-text\">\n        La presentadora del informativo se ha dirigido a los espectadores para \u201cinvitarles a reflexionar\u201d tras los inadmisibles episodios vividos en distintos puntos de la geograf\u00eda espa\u00f1ola: \u201c<strong>\u00bfDesde cu\u00e1ndo es normal atacar a un periodista en democracia?<\/strong> Llevamos demasiados d\u00edas, demasiadas semanas, viendo que cualquier compa\u00f1ero que est\u00e1 en la calle con un micr\u00f3fono puede recibir <strong>insultos<\/strong>, <strong>empujones<\/strong>, <strong>amenazas<\/strong>\u2026 solo por llevar un <strong>micr\u00f3fono de un canal que no gusta<\/strong>\u201d.\n    <\/p>\n<p class=\"article-text\">\n        \u201cY aqu\u00ed decimos que <strong>ya est\u00e1 bien<\/strong>. Una de las bases de nuestra <strong>democracia<\/strong>, de nuestra convivencia, es la <strong>libertad de prensa<\/strong>. Poder informar, poder contarles a ustedes lo que est\u00e1 pasando\u201d, ha continuado asegurando frente a las c\u00e1maras con tono firme. Justo despu\u00e9s, una pieza audiovisual ha servido para recopilar hasta xx ataques a periodistas diferentes durante la tarde anterior. Algunos grupos aislados de manifestantes encontraron la diana perfecta en <strong>profesionales <\/strong>tanto de <strong>laSexta <\/strong>como de <strong>RTVE<\/strong>.\n    <\/p>\n<p class=\"article-text\">\n        El primero en aparecer ha sido <strong>Jes\u00fas Poveda<\/strong>, del programa <strong>Malas lenguas<\/strong>, quien soport\u00f3 que un sujeto an\u00f3nimo \u201cle humille\u201d dando a entender que le iba a propinar un cabezazo. Tras retirarse, esta persona continu\u00f3 dirigi\u00e9ndole \u201cmiradas amenazantes\u201d. El segundo protagonista ha sido <strong>Mikel Etxarri<\/strong>, de <strong>Ma\u00f1aneros 360<\/strong>, enfrent\u00e1ndose a empujones: justo a su lado, \u201cmenores respiraban violencia\u201d. Las im\u00e1genes, completamente estremecedoras, han puesto sobre la mesa el peligro creciente para una profesi\u00f3n fundamental en cualquier democracia.\n    <\/p>\n<blockquote class=\"twitter-tweet\" data-lang=\"es\"><p><a href=\"https:\/\/twitter.com\/X\/status\/2095250726125531557?ref_src=twsrc%5Etfw\" rel=\"nofollow noopener\" target=\"_blank\"><\/p><\/blockquote>\n<p>    Insultos y escupitajos a reporteros en las \u00faltimas horas<\/p>\n<p class=\"article-text\">\n        <strong>Irene Rup\u00e9rez<\/strong>, profesional de laSexta, tambi\u00e9n ha sido protagonista en esta pieza informativa. La periodista escuch\u00f3 insultos al grito de \u201c<strong>guarra<\/strong>\u201d, situaci\u00f3n similar a la que vivi\u00f3 otra reportera de Malas lenguas: \u201c<strong>Todas sois unas rameras<\/strong>\u201d. Una horrible lista que se completa con <strong>Marina Vald\u00e9s<\/strong>, <strong>Sergio Illescas <\/strong>o <strong>Juanjo<\/strong> <strong>Cu\u00e9llar <\/strong>\u2014todos miembros de Atresmedia\u2014. \u201cSe nos ocurren pocas profesiones, por no decir ninguna, a las que los profesionales se les trate as\u00ed con tanta frecuencia y tan poca impunidad\u201d, ha continuado relatando la locuci\u00f3n del v\u00eddeo.\n    <\/p>\n<p>    <a href=\"https:\/\/www.eldiario.es\/vertele\/noticias\/carlos-latre-vuelve-el-hormiguero-equipo-colaboradores-primeros-invitados-antena-3_1_13484716.html\" data-mrf-recirculation=\"saber-mas-abajo\" data-dl-event=\"saber-mas-abajo\" rel=\"nofollow noopener\" target=\"_blank\"><\/p>\n<p class=\"know-more__title\">&#8216;El Hormiguero&#8217; recupera a Carlos Latre y desvela su equipo de colaboradores y primeros invitados del curso en Antena 3<\/p>\n<p>            <img decoding=\"async\" class=\"lazy\" loading=\"lazy\" data-src=\"https:\/\/static.eldiario.es\/clip\/97b108a3-1b89-48f0-88c5-7445b6603e7f_16-9-aspect-ratio_default_0.jpg\" src=\"data:image\/svg+xml,%3Csvg xmlns=\" http:=\"\" viewbox=\"0 0 880 495\" alt=\"'El Hormiguero' recupera a Carlos Latre y desvela su equipo de colaboradores y primeros invitados del curso en Antena 3\"\/><\/p>\n<p>                        <\/a><\/p>\n<p class=\"article-text\">\n        El informativo de laSexta ha pedido \u201c<strong>respeto y educaci\u00f3n<\/strong>\u201d ante las constantes increpaciones, empujones o incluso escupitajos: \u201c<strong>Que no nos peguen<\/strong>, que nos sintamos verdaderamente protegidos por los encargados de hacerlo. <strong>Que nos dejen trabajar en algo que m\u00e1s que un oficio es vocaci\u00f3n<\/strong>\u201d.\n    <\/p>\n<blockquote class=\"instagram-media\" data-instgrm-version=\"14\" data-instgrm-permalink=\"https:\/\/www.instagram.com\/reel\/Dc023VtkdfV\/\" data-instgrm-captioned=\"\"\/>\n<p>                                        <script async src=\"https:\/\/platform.twitter.com\/widgets.js\" charset=\"utf-8\"><\/script><script async src=\"\/\/www.instagram.com\/embed.js\"><\/script><\/p>\n","protected":false},"excerpt":{"rendered":"Condena en directo contra los ataques a periodistas. Las manifestaciones de los \u00faltimos d\u00edas en apoyo a Ceuta&hellip;\n","protected":false},"author":2,"featured_media":745835,"comment_status":"","ping_status":"","sticky":false,"template":"","format":"standard","meta":{"footnotes":""},"categories":[171],"tags":[17508,5608,793,146,147,25,24,39173,5622,16735,25362,30327,518,23,214],"class_list":["post-745834","post","type-post","status-publish","format-standard","has-post-thumbnail","category-tv","tag-agresiones","tag-ataques","tag-condena","tag-entertainment","tag-entretenimiento","tag-es","tag-espana","tag-hartos","tag-lasexta","tag-manifestaciones","tag-oleada","tag-reporteros","tag-rtve","tag-spain","tag-tv"],"share_on_mastodon":{"url":"https:\/\/pubeurope.com\/@es\/117208359229460010","error":""},"_links":{"self":[{"href":"https:\/\/www.europesays.com\/es\/wp-json\/wp\/v2\/posts\/745834","targetHints":{"allow":["GET"]}}],"collection":[{"href":"https:\/\/www.europesays.com\/es\/wp-json\/wp\/v2\/posts"}],"about":[{"href":"https:\/\/www.europesays.com\/es\/wp-json\/wp\/v2\/types\/post"}],"author":[{"embeddable":true,"href":"https:\/\/www.europesays.com\/es\/wp-json\/wp\/v2\/users\/2"}],"replies":[{"embeddable":true,"href":"https:\/\/www.europesays.com\/es\/wp-json\/wp\/v2\/comments?post=745834"}],"version-history":[{"count":0,"href":"https:\/\/www.europesays.com\/es\/wp-json\/wp\/v2\/posts\/745834\/revisions"}],"wp:featuredmedia":[{"embeddable":true,"href":"https:\/\/www.europesays.com\/es\/wp-json\/wp\/v2\/media\/745835"}],"wp:attachment":[{"href":"https:\/\/www.europesays.com\/es\/wp-json\/wp\/v2\/media?parent=745834"}],"wp:term":[{"taxonomy":"category","embeddable":true,"href":"https:\/\/www.europesays.com\/es\/wp-json\/wp\/v2\/categories?post=745834"},{"taxonomy":"post_tag","embeddable":true,"href":"https:\/\/www.europesays.com\/es\/wp-json\/wp\/v2\/tags?post=745834"}],"curies":[{"name":"wp","href":"https:\/\/api.w.org\/{rel}","templated":true}]}}