{"id":745838,"date":"2026-09-03T17:47:13","date_gmt":"2026-09-03T17:47:13","guid":{"rendered":"https:\/\/www.europesays.com\/es\/745838\/"},"modified":"2026-09-03T17:47:13","modified_gmt":"2026-09-03T17:47:13","slug":"fallecio-victor-miller-escritor-de-viernes-13%f0%9f%8e%a6","status":"publish","type":"post","link":"https:\/\/www.europesays.com\/es\/745838\/","title":{"rendered":"Falleci\u00f3 Victor Miller, escritor de \u00abViernes 13&#8243;\ud83c\udfa6"},"content":{"rendered":"<p dir=\"ltr\">El fallecimiento del actor fue el 31 de agosto, pero no fue hasta el 2 de septiembre que su hijo Ian dio a conocer a los medios que Victor Miller hab\u00eda muerto a sus 86 a\u00f1os, recordando a su padre como una persona especialmente inteligente y divertida.<\/p>\n<p dir=\"ltr\">Si bien su hijo public\u00f3 un comunicado para dar la noticia de su fallecimiento, hasta el momento no ha informado la causa de la muerte de Victor Miller, s\u00f3lo coment\u00f3 que perdi\u00f3 la vida en Alameda, California.<\/p>\n<p dir=\"ltr\">Victor Miller, naci\u00f3 el 14 de mayo de 1940 y se volvi\u00f3 famoso gracias a que en 1980 escribi\u00f3 el gui\u00f3n de la pel\u00edcula \u201cViernes 13\u201d, la cu\u00e1l se convirti\u00f3 en uno de los grandes referentes del cine de terror y dio origen a una saga que acabar\u00eda convirtiendo a \u201cJason Voorhees\u201d en uno de los personajes m\u00e1s reconocibles del g\u00e9nero.<\/p>\n<p dir=\"ltr\">A pesar del \u00e9xito de la primera pel\u00edcula, Miller se mantuvo alejado de las otras pel\u00edculas de la saga, de hecho, lleg\u00f3 a manifestar su rechazo a la evoluci\u00f3n de \u201cJason\u201d como asesino, ya que su concepci\u00f3n original del personaje no contemplaba que regresara de entre los muertos para convertirse en el protagonista sobrenatural de las secuelas.<\/p>\n<p dir=\"ltr\">Adem\u00e1s de \u201cViernes 13\u201d, Miller se especializ\u00f3 en telenovelas y lleg\u00f3 a ocupar puestos de responsabilidad como guionista principal asociado en \u201cOne Life to Live\u201d, \u201cAll My Children\u201d, \u201cGuiding Light\u201d y \u201cAnother World\u201d, adem\u00e1s de trabajar en \u00abGeneral Hospital\u201d.<\/p>\n<p><strong>VIDEO de entrevista con Victor Miller.-<\/strong><\/p>\n","protected":false},"excerpt":{"rendered":"El fallecimiento del actor fue el 31 de agosto, pero no fue hasta el 2 de septiembre que&hellip;\n","protected":false},"author":2,"featured_media":745839,"comment_status":"","ping_status":"","sticky":false,"template":"","format":"standard","meta":{"footnotes":""},"categories":[169],"tags":[6092,177,1180,146,147,25,24,176,20363,7761,3600,175,10,4286,23,159,1018],"class_list":["post-745838","post","type-post","status-publish","format-standard","has-post-thumbnail","category-cine","tag-articulos","tag-cine","tag-editorial","tag-entertainment","tag-entretenimiento","tag-es","tag-espana","tag-film","tag-galerias","tag-impacto","tag-minuto-a-minuto","tag-movies","tag-noticias","tag-reportajes","tag-spain","tag-tiempo","tag-videos"],"share_on_mastodon":{"url":"https:\/\/pubeurope.com\/@es\/117208366679431421","error":""},"_links":{"self":[{"href":"https:\/\/www.europesays.com\/es\/wp-json\/wp\/v2\/posts\/745838","targetHints":{"allow":["GET"]}}],"collection":[{"href":"https:\/\/www.europesays.com\/es\/wp-json\/wp\/v2\/posts"}],"about":[{"href":"https:\/\/www.europesays.com\/es\/wp-json\/wp\/v2\/types\/post"}],"author":[{"embeddable":true,"href":"https:\/\/www.europesays.com\/es\/wp-json\/wp\/v2\/users\/2"}],"replies":[{"embeddable":true,"href":"https:\/\/www.europesays.com\/es\/wp-json\/wp\/v2\/comments?post=745838"}],"version-history":[{"count":0,"href":"https:\/\/www.europesays.com\/es\/wp-json\/wp\/v2\/posts\/745838\/revisions"}],"wp:featuredmedia":[{"embeddable":true,"href":"https:\/\/www.europesays.com\/es\/wp-json\/wp\/v2\/media\/745839"}],"wp:attachment":[{"href":"https:\/\/www.europesays.com\/es\/wp-json\/wp\/v2\/media?parent=745838"}],"wp:term":[{"taxonomy":"category","embeddable":true,"href":"https:\/\/www.europesays.com\/es\/wp-json\/wp\/v2\/categories?post=745838"},{"taxonomy":"post_tag","embeddable":true,"href":"https:\/\/www.europesays.com\/es\/wp-json\/wp\/v2\/tags?post=745838"}],"curies":[{"name":"wp","href":"https:\/\/api.w.org\/{rel}","templated":true}]}}