{"id":745868,"date":"2026-09-03T18:06:08","date_gmt":"2026-09-03T18:06:08","guid":{"rendered":"https:\/\/www.europesays.com\/es\/745868\/"},"modified":"2026-09-03T18:06:08","modified_gmt":"2026-09-03T18:06:08","slug":"exposicion-de-fotografia-macro-en-aguimes-por-enfoques-photoart","status":"publish","type":"post","link":"https:\/\/www.europesays.com\/es\/745868\/","title":{"rendered":"Exposicion de fotografia macro en Ag\u00fcimes por Enfoques Photoart"},"content":{"rendered":"<p><a href=\"https:\/\/postureo.shop\/\" style=\"float:left;margin:0 auto;width:100%;\" rel=\"nofollow noopener\" target=\"_blank\"><img decoding=\"async\" alt=\"https:\/\/postureo.shop\/\" src=\"https:\/\/www.europesays.com\/es\/wp-content\/uploads\/2026\/09\/9099_logo-postureo-versiones-cmykpantone-185c.png\" style=\"border:none;float:none;\"\/><\/a><\/p>\n<p style=\"text-align:justify;\">\u00a0<\/p>\n<p style=\"text-align:justify;\">La Asociaci\u00f3n Fotogr\u00e1fica Enfoques Photoart, un colectivo vinculado al C\u00edrculo Cultural de Telde, inaugura este jueves a las 20.00 horas una exposici\u00f3n en el Museo de Historia de Ag\u00fcimes que se podr\u00e1 visitar hasta el 2 de octubre.<\/p>\n<p style=\"text-align:justify;\">\u00a0<\/p>\n<p style=\"text-align:justify;\">Esta exposici\u00f3n lleva por nombre\u00a0[Con]Macro y re\u00fane una selecci\u00f3n de\u00a0im\u00e1genes de macrofotograf\u00eda variada. \u00a0<\/p>\n<p style=\"text-align:justify;\">\u00abLos invitamos a todos a brindar juntos por la fotograf\u00eda y la cultura que se lleva a cabo en Telde\u00bb, se\u00f1alan desde Enfoques Photoart.<\/p>\n","protected":false},"excerpt":{"rendered":"\u00a0 La Asociaci\u00f3n Fotogr\u00e1fica Enfoques Photoart, un colectivo vinculado al C\u00edrculo Cultural de Telde, inaugura este jueves a&hellip;\n","protected":false},"author":2,"featured_media":745869,"comment_status":"","ping_status":"","sticky":false,"template":"","format":"standard","meta":{"footnotes":""},"categories":[173],"tags":[229,233,231,230,84306,232,234,95497,146,147,25,24,89243,106038,132412,23],"class_list":["post-745868","post","type-post","status-publish","format-standard","has-post-thumbnail","category-arte-y-diseno","tag-arte","tag-arte-y-diseno","tag-arts","tag-arts-and-design","tag-cultura-telde","tag-design","tag-diseno","tag-enfoques-photoart","tag-entertainment","tag-entretenimiento","tag-es","tag-espana","tag-exposicion-fotografia","tag-macrofotografia","tag-museo-de-historia-aguimes","tag-spain"],"share_on_mastodon":{"url":"https:\/\/pubeurope.com\/@es\/117208441711662338","error":""},"_links":{"self":[{"href":"https:\/\/www.europesays.com\/es\/wp-json\/wp\/v2\/posts\/745868","targetHints":{"allow":["GET"]}}],"collection":[{"href":"https:\/\/www.europesays.com\/es\/wp-json\/wp\/v2\/posts"}],"about":[{"href":"https:\/\/www.europesays.com\/es\/wp-json\/wp\/v2\/types\/post"}],"author":[{"embeddable":true,"href":"https:\/\/www.europesays.com\/es\/wp-json\/wp\/v2\/users\/2"}],"replies":[{"embeddable":true,"href":"https:\/\/www.europesays.com\/es\/wp-json\/wp\/v2\/comments?post=745868"}],"version-history":[{"count":0,"href":"https:\/\/www.europesays.com\/es\/wp-json\/wp\/v2\/posts\/745868\/revisions"}],"wp:featuredmedia":[{"embeddable":true,"href":"https:\/\/www.europesays.com\/es\/wp-json\/wp\/v2\/media\/745869"}],"wp:attachment":[{"href":"https:\/\/www.europesays.com\/es\/wp-json\/wp\/v2\/media?parent=745868"}],"wp:term":[{"taxonomy":"category","embeddable":true,"href":"https:\/\/www.europesays.com\/es\/wp-json\/wp\/v2\/categories?post=745868"},{"taxonomy":"post_tag","embeddable":true,"href":"https:\/\/www.europesays.com\/es\/wp-json\/wp\/v2\/tags?post=745868"}],"curies":[{"name":"wp","href":"https:\/\/api.w.org\/{rel}","templated":true}]}}