{"id":745886,"date":"2026-09-03T18:16:15","date_gmt":"2026-09-03T18:16:15","guid":{"rendered":"https:\/\/www.europesays.com\/es\/745886\/"},"modified":"2026-09-03T18:16:15","modified_gmt":"2026-09-03T18:16:15","slug":"la-ue-insiste-que-no-ve-avances-suficientes-de-meta-para-proteger-a-los-menores-en-internet-la-voz-de-galicia","status":"publish","type":"post","link":"https:\/\/www.europesays.com\/es\/745886\/","title":{"rendered":"La UE insiste que no ve avances suficientes de Meta para proteger a los menores en internet &#8211; La Voz de Galicia"},"content":{"rendered":"<ol>\n<li><a href=\"https:\/\/news.google.com\/rss\/articles\/CBMi5AFBVV95cUxPOHEyTTYtZFJyX2lmZnZvSldMQWRkMHNUYWFHYy13Z2V2OVdNSmJoVll2UGpqMVdOTUtsRktHWEttcEQ2ejNFQ1MyY2VGc0pIVWlpdXQtYVpILW4zRVVzT2lnSlgwZnA4X0NSZ3hOVV9jTmw1OTY5a2lRSVBGRG9mM1FOcklIWUc1M1NuN2luX0I4YW5TbTRCbmJobXJ0ejR3bmFFUExvdUt4REdJMmctUWw0WVpWLVVJenFLTkZLMklwMG9ZaHZ1bDQ2cW5kWnVPQkxYTnFTeHl6eHpoRnFXdEctbjTSAYACQVVfeXFMUElqcTRfdWowLVJNRmFNakRxSzJCd0lJM09YYlBPQnhSRmRkYXVrN2RiQWx5c19PTEIxVzdwVjQxT1BaR1lWaUY0Tnc0QUZCZG9CV0hEYzFsRGVacTlHSWR2WjdwSVdwakUwWEg5N1RCMjN0bnNqRmhXelJfRVFQQTJGdXp4dXJWRHJxM2dGSnNTY1J2X1BiZW81OWM1empiLVJnZ2RkVEhPSmxpOC1RZ3RvYmQ0bUdXLVh6SmdPUUFkRjJBV1RsTkFPcFBQUFFmb21DSW5DX1doQlFPOWRQUjljeFY1UGlscGVkWl9pME5sT1VvMEFFS1B5MVh6b052bw?oc=5\" target=\"_blank\" rel=\"nofollow noopener\">La UE insiste que no ve avances suficientes de Meta para proteger a los menores en internet<\/a>&nbsp;&nbsp;La Voz de Galicia<\/li>\n<li><a href=\"https:\/\/news.google.com\/rss\/articles\/CBMiekFVX3lxTFBXN0xNTVowMlBCa0pndVltWVBRaXZOLWk4LXZrSTR6WTI5WWtJcS1FaUJNT2xQcVRVSHVlRy00Vk1UZG01a3JwQzdBejRmenNMbFZ3LWNIZFFkV2dfWXVSb3FndkJuWUR6RGs5dkNIRWhxTWl6eWdjRUNn?oc=5\" target=\"_blank\" rel=\"nofollow noopener\">El acuerdo que salv\u00f3 a Meta<\/a>&nbsp;&nbsp;EL PA\u00cdS<\/li>\n<li><a href=\"https:\/\/news.google.com\/rss\/articles\/CBMihgFBVV95cUxOdDh1VnFjUGxoaktZbWVadFlyNU1NcW40WG4tX0xXZGJFTVFtMEVFLTBrMFFzbGZzQ3F4NnIxT3BLeUIyTUx6QkNtSklQQVV1YzR3R1A4UE9LdHNYZHFLUVVubVVITkxmNFI1QjR3NkNubkFqT21YUlBxZFd3TXZvMlJVcnk1Z9IBiwFBVV95cUxNbFJfLWNzbkpnZTN4SkNfYTlkX2k2Q0kzWkVMbEVfRjVjTEFHUmNXal9veUhxUVlIelRTTGVJOW5MeUc5ckxGLTBfTUR2b3ZVVXF5dnZJX0VqM2NZZDNneGI0WUxNa2xrWURCcEw2UUEyWi0wTjBLTzllZjhOeHhqUVgxbndqUDZOTmtr?oc=5\" target=\"_blank\" rel=\"nofollow noopener\">El d\u00eda que murieron las redes<\/a>&nbsp;&nbsp;La Vanguardia<\/li>\n<li><a href=\"https:\/\/news.google.com\/rss\/articles\/CBMi7wFBVV95cUxPNVFnaUtIUTl3dXpJZjMwMVlyZU1ZbHRQYVZ4MWh0UDdGMi1Tem5iTG4yMHVMRVU2WWhSQXh1T1dPMTdIVzFKaXpkM01CdjRBVDdXMXJwMEN0TjVMLTRpazJ5ZXltcm1leE84dDhvU0pUbHZKSkNfNERIOVVfTGVUT0N2blVHRmNmVW1GNV9EN3UtVmpNSnVnTElNblJqR3ZvLUZQTFRMMm1OY09LMnFXakZDMjlzZzluREdIYzMwdXdRWERCU05PVzBId09JYWdBOS0tMFFBTFVqekIwWm80SGs5Z1htdUFjYlJCR0d5NA?oc=5\" target=\"_blank\" rel=\"nofollow noopener\">\u00abLas redes sociales tienen la culpa, pero algunos padres tambi\u00e9n\u00bb: qu\u00e9 supone el pacto de Meta por el da\u00f1o a menores, seg\u00fan expertos espa\u00f1oles en derecho y tecnolog\u00eda<\/a>&nbsp;&nbsp;El HuffPost<\/li>\n<li><a href=\"https:\/\/news.google.com\/rss\/articles\/CBMixAFBVV95cUxNUHo1OUF3NzNZM2NFZlg0eVhVaVBaTzZTUWxpWDRud1NDRnFkMW13U3hPMUpvUXVuajZyMXZYLTczX2NoZWticER1MmxEcVNTT1E1YUdaVW1nbm4ydE03Z0syMFVaS183anE1clZCQmYxY0x3MUttMXBUUEtpU0lROGFCZHZvem5RRUZVWk93eVFHRDIxNWZpZFZpN2NTNGpXVmZRYzNmRG1yMDY3VnFNTXZvbGN5WDVTOG9mNXFxZWgyYWJh?oc=5\" target=\"_blank\" rel=\"nofollow noopener\">\u00bfFuncionar\u00e1n las nuevas medidas de Instagram y Facebook para proteger a los adolescentes?<\/a>&nbsp;&nbsp;El Correo<\/li>\n<\/ol>\n","protected":false},"excerpt":{"rendered":"La UE insiste que no ve avances suficientes de Meta para proteger a los menores en internet&nbsp;&nbsp;La Voz&hellip;\n","protected":false},"author":2,"featured_media":745887,"comment_status":"","ping_status":"","sticky":false,"template":"","format":"standard","meta":{"footnotes":""},"categories":[42],"tags":[17,18,142,13,14,11,4536,61,62,63,64,19,20,138,9,10,15,16,1922,12,21,22,65,66,67],"class_list":["post-745886","post","type-post","status-publish","format-standard","has-post-thumbnail","category-internacional","tag-breaking-news","tag-breakingnews","tag-facebook","tag-featured-news","tag-featurednews","tag-headlines","tag-instagram","tag-internacional","tag-international","tag-international-news","tag-internationalnews","tag-latest-news","tag-latestnews","tag-meta","tag-news","tag-noticias","tag-noticias-destacadas","tag-noticiasdestacadas","tag-redes-sociales","tag-titulares","tag-ultimas-noticias","tag-ultimasnoticias","tag-world","tag-world-news","tag-worldnews"],"share_on_mastodon":{"url":"https:\/\/pubeurope.com\/@es\/117208481039228514","error":""},"_links":{"self":[{"href":"https:\/\/www.europesays.com\/es\/wp-json\/wp\/v2\/posts\/745886","targetHints":{"allow":["GET"]}}],"collection":[{"href":"https:\/\/www.europesays.com\/es\/wp-json\/wp\/v2\/posts"}],"about":[{"href":"https:\/\/www.europesays.com\/es\/wp-json\/wp\/v2\/types\/post"}],"author":[{"embeddable":true,"href":"https:\/\/www.europesays.com\/es\/wp-json\/wp\/v2\/users\/2"}],"replies":[{"embeddable":true,"href":"https:\/\/www.europesays.com\/es\/wp-json\/wp\/v2\/comments?post=745886"}],"version-history":[{"count":0,"href":"https:\/\/www.europesays.com\/es\/wp-json\/wp\/v2\/posts\/745886\/revisions"}],"wp:featuredmedia":[{"embeddable":true,"href":"https:\/\/www.europesays.com\/es\/wp-json\/wp\/v2\/media\/745887"}],"wp:attachment":[{"href":"https:\/\/www.europesays.com\/es\/wp-json\/wp\/v2\/media?parent=745886"}],"wp:term":[{"taxonomy":"category","embeddable":true,"href":"https:\/\/www.europesays.com\/es\/wp-json\/wp\/v2\/categories?post=745886"},{"taxonomy":"post_tag","embeddable":true,"href":"https:\/\/www.europesays.com\/es\/wp-json\/wp\/v2\/tags?post=745886"}],"curies":[{"name":"wp","href":"https:\/\/api.w.org\/{rel}","templated":true}]}}