{"id":745894,"date":"2026-09-03T18:23:08","date_gmt":"2026-09-03T18:23:08","guid":{"rendered":"https:\/\/www.europesays.com\/es\/745894\/"},"modified":"2026-09-03T18:23:08","modified_gmt":"2026-09-03T18:23:08","slug":"rafa-nadal-presencia-la-jornada-de-octavos-de-final-del-rafa-nadal-open-by-movistar","status":"publish","type":"post","link":"https:\/\/www.europesays.com\/es\/745894\/","title":{"rendered":"Rafa Nadal presencia la jornada de octavos de final del Rafa Nadal Open by Movistar"},"content":{"rendered":"<p class=\"ft-text ft-helper-closenews ft-helper-align-justify\">El <strong>Rafa Nadal Open by Movistar<\/strong> ha vivido este jueves una jornada muy especial con la presencia de <strong>Rafa Nadal<\/strong> en las gradas de la pista central de la Academia. El ganador de <strong>22 t\u00edtulos de Grand Slam<\/strong> no quiso perderse la jornada de octavos de final del torneo perteneciente al ATP Challenger Tour que se disputa esta semana en Manacor.<\/p>\n<p class=\"ft-text ft-helper-align-justify\">Rafa presenci\u00f3 el encuentro entre <strong>Dani Rinc\u00f3n<\/strong>, vigente campe\u00f3n del torneo y jugador de la Rafa Nadal Academy, e <strong>I\u00f1aki Montes-De La Torre<\/strong>, uno de los partidos destacados de la jornada.<\/p>\n<p class=\"ft-text ft-helper-align-justify\">La presencia de Rafa Nadal en las gradas tiene adem\u00e1s un significado especial por su estrecha vinculaci\u00f3n con el <strong>ATP Challenger Tour<\/strong>, circuito en el que conquist\u00f3 dos de sus primeros t\u00edtulos como profesional. En 2003, todav\u00eda con 16 a\u00f1os, se proclam\u00f3 campe\u00f3n en <strong>Barletta<\/strong>, convirti\u00e9ndose en uno de los jugadores m\u00e1s j\u00f3venes de la historia en ganar un torneo de esta categor\u00eda. Semanas despu\u00e9s, ya con 17 a\u00f1os, volvi\u00f3 a levantar el trofeo en <strong>El Espinar (Segovia)<\/strong>. Dos t\u00edtulos que supusieron un importante trampol\u00edn en su carrera y que actualmente ocupan un lugar destacado en el renovado <strong>Rafa Nadal Museum<\/strong>.<\/p>\n<p class=\"ft-text ft-helper-align-justify\">Desde 2018, esa vinculaci\u00f3n con el circuito tiene continuidad en Manacor a trav\u00e9s del <strong>Rafa Nadal Open by Movistar<\/strong>, el ATP Challenger Tour que cada a\u00f1o re\u00fane en la Rafa Nadal Academy a jugadores consolidados y a algunas de las grandes promesas del tenis internacional como Andy Murray, Fernando Verdasco o Carlos Alcaraz<\/p>\n<p class=\"ft-text ft-helper-align-justify\">Esta octava edici\u00f3n del torneo est\u00e1 contando con una importante representaci\u00f3n de la Rafa Nadal Academy, con la participaci\u00f3n de <strong>Ivan Ivanov y Ziga Sesko<\/strong>, adem\u00e1s de Dani Rinc\u00f3n. Los tres jugadores saben lo que es conquistar un t\u00edtulo de Grand Slam en categor\u00eda j\u00fanior.<\/p>\n<p class=\"ft-text ft-helper-align-justify\">El <strong>Rafa Nadal Open by Movistar<\/strong> afronta ya sus jornadas decisivas y continuar\u00e1 hasta el pr\u00f3ximo <strong>domingo 6 de septiembre<\/strong>, cuando se disputar\u00e1 la final.<\/p>\n<p class=\"ft-text ft-helper-align-justify\">Adem\u00e1s de la competici\u00f3n, el torneo ofrece durante toda la semana propuestas de gastronom\u00eda, m\u00fasica y actividades para ni\u00f1os y familias. <strong>Este jueves tendr\u00e1 lugar uno de los eventos que mayor expectaci\u00f3n ha generado de esta edici\u00f3n, <\/strong><a class=\"ft-link ft-link--decoration\" href=\"https:\/\/www.diariodemallorca.es\/sociedad\/2026\/08\/28\/rafa-nadal-academy-manacor-convierte-133673684.html\" rel=\"nofollow noopener\" target=\"_blank\">\u2018El Tie-Break: Vinos y Tapas\u2019<\/a>, un tardeo que reunir\u00e1 propuestas gastron\u00f3micas de <strong>Grupo Maca de Castro, Santi Taura, La Loba, \u00dcbeck, Cassai y Roland-Garros<\/strong>, junto a vinos de <strong>Casa Rojo, Can Axartell, Gallinas i Focas, Ribas, 4 Kilos y Binigrau<\/strong>, adem\u00e1s de m\u00fasica en directo y DJs.Como en ediciones anteriores, <strong>el acceso al Rafa Nadal Open by Movistar es gratuito<\/strong>, previa descarga de la entrada a trav\u00e9s de la web oficial del evento.<\/p>\n<p data-close=\"closedContent\" class=\"subscribeHideForDisplay\">Suscr\u00edbete para seguir leyendo<\/p>\n","protected":false},"excerpt":{"rendered":"El Rafa Nadal Open by Movistar ha vivido este jueves una jornada muy especial con la presencia de&hellip;\n","protected":false},"author":2,"featured_media":745895,"comment_status":"","ping_status":"","sticky":false,"template":"","format":"standard","meta":{"footnotes":""},"categories":[274],"tags":[168,25,24,293,3489,20828,2682,12830,6894,23,167,327,326],"class_list":["post-745894","post","type-post","status-publish","format-standard","has-post-thumbnail","category-tenis","tag-deportes","tag-es","tag-espana","tag-jornada","tag-nadal","tag-octavos","tag-presencia","tag-rafa","tag-rafa-nadal","tag-spain","tag-sports","tag-tenis","tag-tennis"],"share_on_mastodon":{"url":"https:\/\/pubeurope.com\/@es\/117208508245563937","error":""},"_links":{"self":[{"href":"https:\/\/www.europesays.com\/es\/wp-json\/wp\/v2\/posts\/745894","targetHints":{"allow":["GET"]}}],"collection":[{"href":"https:\/\/www.europesays.com\/es\/wp-json\/wp\/v2\/posts"}],"about":[{"href":"https:\/\/www.europesays.com\/es\/wp-json\/wp\/v2\/types\/post"}],"author":[{"embeddable":true,"href":"https:\/\/www.europesays.com\/es\/wp-json\/wp\/v2\/users\/2"}],"replies":[{"embeddable":true,"href":"https:\/\/www.europesays.com\/es\/wp-json\/wp\/v2\/comments?post=745894"}],"version-history":[{"count":0,"href":"https:\/\/www.europesays.com\/es\/wp-json\/wp\/v2\/posts\/745894\/revisions"}],"wp:featuredmedia":[{"embeddable":true,"href":"https:\/\/www.europesays.com\/es\/wp-json\/wp\/v2\/media\/745895"}],"wp:attachment":[{"href":"https:\/\/www.europesays.com\/es\/wp-json\/wp\/v2\/media?parent=745894"}],"wp:term":[{"taxonomy":"category","embeddable":true,"href":"https:\/\/www.europesays.com\/es\/wp-json\/wp\/v2\/categories?post=745894"},{"taxonomy":"post_tag","embeddable":true,"href":"https:\/\/www.europesays.com\/es\/wp-json\/wp\/v2\/tags?post=745894"}],"curies":[{"name":"wp","href":"https:\/\/api.w.org\/{rel}","templated":true}]}}