{"id":745912,"date":"2026-09-03T18:34:17","date_gmt":"2026-09-03T18:34:17","guid":{"rendered":"https:\/\/www.europesays.com\/es\/745912\/"},"modified":"2026-09-03T18:34:17","modified_gmt":"2026-09-03T18:34:17","slug":"el-valencia-en-una-economia-de-guerra-fia-su-futuro-al-nuevo-mestalla-futbol-deportes","status":"publish","type":"post","link":"https:\/\/www.europesays.com\/es\/745912\/","title":{"rendered":"El Valencia, en una econom\u00eda de guerra, f\u00eda su futuro al Nuevo Mestalla | F\u00fatbol | Deportes"},"content":{"rendered":"<p class=\"\">El Valencia ha vuelto a entrar con el pie izquierdo en la Liga. Otra vez. En tres partidos, un punto, un gol y no m\u00e1s de media docena de ocasiones claras. La afici\u00f3n, que vuelve a llenar Mestalla cada jornada en casa, y m\u00e1s ahora que se ha adentrado en la temporada de la despedida del estadio m\u00e1s antiguo de Primera, se siente entre frustrada y estafada. Este Valencia no se reconoce ante su pasado. Parece una imagen desfigurada en el espejo. Pero <a href=\"https:\/\/elpais.com\/deportes\/futbol\/2025-08-13\/ron-gourlay-ceo-del-valencia-cf-fia-su-plan-a-carlos-corberan-el-ano-pasado-estabamos-en-modo-supervivencia-este-es-diferente.html?event_log=oklogin\" target=\"_self\" rel=\"nofollow noopener\" title=\"https:\/\/elpais.com\/deportes\/futbol\/2025-08-13\/ron-gourlay-ceo-del-valencia-cf-fia-su-plan-a-carlos-corberan-el-ano-pasado-estabamos-en-modo-supervivencia-este-es-diferente.html?event_log=oklogin\">Ron Gourlay, el escoc\u00e9s a quien el empresario de Singapur Peter Lim convirti\u00f3 en su CEO de f\u00fatbol hace 13 meses<\/a>, intenta enarbolar una peque\u00f1a bandera del optimismo.<\/p>\n<p class=\"\">Este veterano del negocio, 35 a\u00f1os de experiencia a sus espaldas, con periodos de gloria en el Chelsea y el Manchester United, se aferra a la segunda vuelta del equipo la pasada temporada, en la que fue el tercero que m\u00e1s puntos sum\u00f3 (32), y en <a href=\"https:\/\/elpais.com\/deportes\/futbol\/2025-01-10\/el-valencia-reanuda-este-viernes-las-obras-del-nou-mestalla-paralizadas-desde-2009.html\" target=\"_self\" rel=\"nofollow noopener\" title=\"https:\/\/elpais.com\/deportes\/futbol\/2025-01-10\/el-valencia-reanuda-este-viernes-las-obras-del-nou-mestalla-paralizadas-desde-2009.html\">el Nuevo Mestalla, el nuevo coliseo, con un aforo pr\u00f3ximo a los 70.000 espectadores<\/a>, que deber\u00eda estar listo para el pr\u00f3ximo curso y en el que conf\u00eda para revitalizar la econom\u00eda de una entidad que este verano solo ha invertido 9,4 millones de euros, menos que otros 13 clubes de LaLiga, la mitad que el Getafe, y casi un tercio de lo que ha gastado el Deportivo, un reci\u00e9n ascendido.<\/p>\n<p class=\"\">Gourlay, un hombre de 64 a\u00f1os al borde de la jubilaci\u00f3n -lleg\u00f3 a Valencia hace 13 meses y asegura que pretende estar tres ejercicios completos antes de retirarse-, estuvo, traducci\u00f3n mediante, casi dos horas explicando su visi\u00f3n del mercado de fichajes. El brit\u00e1nico presumi\u00f3 de haber hecho tres buenas incorporaciones -Justin de Haas, Aliou Dieng y Ryunosuke Sato- y de <a href=\"https:\/\/elpais.com\/deportes\/futbol\/2026-08-22\/el-nuevo-valencia-identico-al-viejo-es-incapaz-de-crearle-peligro-al-celta.html\" target=\"_self\" rel=\"nofollow noopener\" title=\"https:\/\/elpais.com\/deportes\/futbol\/2026-08-22\/el-nuevo-valencia-identico-al-viejo-es-incapaz-de-crearle-peligro-al-celta.html\">haber atado a \u201cdos jugadores top\u201d, como calific\u00f3 al delantero japon\u00e9s de 19 a\u00f1os y a Guido, el centrocampista argentino de 32 que lleg\u00f3 cedido la pasada temporada<\/a>.<\/p>\n<p>M\u00e1s informaci\u00f3n<\/p>\n<p class=\"\">El responsable deportivo de este club centenario se excus\u00f3 en el fair play financiero para justificar el escueto gasto en fichar a jugadores aparentemente irrelevantes que no han conseguido despertar la ilusi\u00f3n de una hinchada que incluso amenaza con dejar vac\u00edo Mestalla, en se\u00f1al de protesta, el domingo en la visita de un Barcelona que este verano ha aflojado 18 veces m\u00e1s dinero que el Valencia.<\/p>\n<p class=\"\">El fair play de este club con seis Ligas, ocho Copas del Rey, tres Copas de la UEFA (las dos primeras bajo el nombre de Copa de Ferias), una Recopa, dos Supercopas de Europa y dos finales de Champions, ronda, tras vender \u00fanicamente a un jugador y ceder a otro, los 80 millones de euros. Ese es el dinero que se puede gastar en la plantilla. La pr\u00f3xima temporada, con los ingresos que traer\u00e1 el nuevo estadio, en la otra punta de la ciudad, a\u00fan en construcci\u00f3n, podr\u00eda superar los 130. El Valencia ahora mismo tiene una deuda pr\u00f3xima a los 380 millones de euros y Peter Lim, el propietario del club desde hace 12 a\u00f1os, no est\u00e1 dispuesto a poner m\u00e1s dinero para aumentar la capacidad financiera de un equipo muy venido a menos.<\/p>\n<blockquote class=\"a_q\">\n<p>Cuando yo era ni\u00f1o tambi\u00e9n me gustaba ilusionarme cada verano con los fichajes y por eso entiendo la frustraci\u00f3n de los aficionados\u201d<\/p>\n<p>Ron Gourlay, CEO de f\u00fatbol del Valencia CF<\/p><\/blockquote>\n<p class=\"\">Gourlay repiti\u00f3 sus argumentos hasta la saciedad e insisti\u00f3 en que, desde su punto de vista, el club no ha dejado de avanzar y mejorar. \u201cLas decisiones que se han tomado son las correctas. Desde hace 13 meses se han producido 23 transacciones y dos fichajes de jugadores top, <a href=\"https:\/\/elpais.com\/deportes\/futbol\/2026-03-21\/el-valencia-deja-al-sevilla-al-borde-del-abismo.html\" target=\"_self\" rel=\"nofollow noopener\" title=\"https:\/\/elpais.com\/deportes\/futbol\/2026-03-21\/el-valencia-deja-al-sevilla-al-borde-del-abismo.html\">como Guido o Sato<\/a>\u201d, esgrimi\u00f3. \u201cLos jugadores necesitan tiempo para adaptarse, ya lo vimos el a\u00f1o pasado. Salieron nueve y llegaron ocho, y su desempe\u00f1o fue muy bueno y sacamos 32 puntos en la segunda vuelta\u201d. El directivo concret\u00f3 cu\u00e1l es la espina dorsal de su proyecto: \u201cel Nuevo Mestalla y el desarrollo de talento a trav\u00e9s de la cantera\u201d. Pura econom\u00eda de guerra.<\/p>\n<p class=\"\"><a href=\"https:\/\/elpais.com\/deportes\/futbol\/2026-02-08\/mestalla-dicta-sentencia-contra-corberan.html\" target=\"_self\" rel=\"nofollow noopener\" title=\"https:\/\/elpais.com\/deportes\/futbol\/2026-02-08\/mestalla-dicta-sentencia-contra-corberan.html\">Carlos Corber\u00e1n parece intocable al frente del grupo<\/a>. \u201c\u00c9l es la persona adecuada para liderar este proyecto. Estamos en un gran club, pero necesitamos estabilidad y eso nos permitir\u00e1 avanzar como en la segunda mitad de la pasada temporada, en la que nos quedamos a un punto de Europa\u201d. Gourlay, que dej\u00f3 claro que nunca ha pensado en dimitir y que, como todos los aficionados, se siente decepcionado por este arranque de Liga, evit\u00f3 hablar esta vez -s\u00ed lo hizo en su anterior comparecencia- de devolver al equipo a Europa, por donde no aparece desde hace ocho temporadas. Un objetivo que parece complicado sin grandes referentes en la plantilla. <\/p>\n<p class=\"\">Gourlay dijo que ya se ha aprendido la historia del club, que conoce las leyendas que ha dado este equipo una d\u00e9cada tras otra, y reconoci\u00f3 que ahora no hay nadie a la altura de gente como <a href=\"https:\/\/elpais.com\/deportes\/futbol\/2026-03-12\/apollo-desembarca-en-el-atletico-de-madrid-con-david-villa-como-consejero.html\" target=\"_self\" rel=\"nofollow noopener\" title=\"https:\/\/elpais.com\/deportes\/futbol\/2026-03-12\/apollo-desembarca-en-el-atletico-de-madrid-con-david-villa-como-consejero.html\">David Villa, Rub\u00e9n Baraja<\/a>, \u2018Piojo\u2019 L\u00f3pez, Fabi\u00e1n Ayala, Mario Kempes, Puchades o Mundo. \u201cEl valor de este equipo hace diez a\u00f1os era el doble o el triple que el actual. Cuando yo era ni\u00f1o tambi\u00e9n me gustaba ilusionarme cada verano con los fichajes y por eso entiendo la frustraci\u00f3n de los aficionados\u201d.<\/p>\n","protected":false},"excerpt":{"rendered":"El Valencia ha vuelto a entrar con el pie izquierdo en la Liga. Otra vez. En tres partidos,&hellip;\n","protected":false},"author":2,"featured_media":745913,"comment_status":"","ping_status":"","sticky":false,"template":"","format":"standard","meta":{"footnotes":""},"categories":[93],"tags":[27893,1540,168,1539,25,24,285,282,1538,1210,21336,58238,23,167,5419],"class_list":["post-745912","post","type-post","status-publish","format-standard","has-post-thumbnail","category-deportes","tag-carlos-corberan","tag-competiciones","tag-deportes","tag-entrenadores","tag-es","tag-espana","tag-fichajes","tag-futbol","tag-futbolistas","tag-laliga-ea-sports","tag-peter-lim","tag-ron-gourlay","tag-spain","tag-sports","tag-valencia-cf"],"share_on_mastodon":{"url":"https:\/\/pubeurope.com\/@es\/117208551677283870","error":""},"_links":{"self":[{"href":"https:\/\/www.europesays.com\/es\/wp-json\/wp\/v2\/posts\/745912","targetHints":{"allow":["GET"]}}],"collection":[{"href":"https:\/\/www.europesays.com\/es\/wp-json\/wp\/v2\/posts"}],"about":[{"href":"https:\/\/www.europesays.com\/es\/wp-json\/wp\/v2\/types\/post"}],"author":[{"embeddable":true,"href":"https:\/\/www.europesays.com\/es\/wp-json\/wp\/v2\/users\/2"}],"replies":[{"embeddable":true,"href":"https:\/\/www.europesays.com\/es\/wp-json\/wp\/v2\/comments?post=745912"}],"version-history":[{"count":0,"href":"https:\/\/www.europesays.com\/es\/wp-json\/wp\/v2\/posts\/745912\/revisions"}],"wp:featuredmedia":[{"embeddable":true,"href":"https:\/\/www.europesays.com\/es\/wp-json\/wp\/v2\/media\/745913"}],"wp:attachment":[{"href":"https:\/\/www.europesays.com\/es\/wp-json\/wp\/v2\/media?parent=745912"}],"wp:term":[{"taxonomy":"category","embeddable":true,"href":"https:\/\/www.europesays.com\/es\/wp-json\/wp\/v2\/categories?post=745912"},{"taxonomy":"post_tag","embeddable":true,"href":"https:\/\/www.europesays.com\/es\/wp-json\/wp\/v2\/tags?post=745912"}],"curies":[{"name":"wp","href":"https:\/\/api.w.org\/{rel}","templated":true}]}}