{"id":745922,"date":"2026-09-03T18:39:16","date_gmt":"2026-09-03T18:39:16","guid":{"rendered":"https:\/\/www.europesays.com\/es\/745922\/"},"modified":"2026-09-03T18:39:16","modified_gmt":"2026-09-03T18:39:16","slug":"rusia-convoca-al-embajador-noruego-en-moscu-para-protestar-por-la-confiscacion-de-uno-de-los-buques-de-su-flota-en-la-sombra-internacional","status":"publish","type":"post","link":"https:\/\/www.europesays.com\/es\/745922\/","title":{"rendered":"Rusia convoca al embajador noruego en Mosc\u00fa para protestar por la confiscaci\u00f3n de uno de los buques de su flota en la sombra | Internacional"},"content":{"rendered":"<p class=\"loc\">Madrid <\/p>\n<p>Rusia present\u00f3 una protesta formal ante el embajador de Noruega en Mosc\u00fa el jueves despu\u00e9s de que las autoridades noruegas incautaran un buque ruso. El carguero Profesor Molchanov, que navegaba por el \u00c1rtico, ha sido embargado para hacer valer una indemnizaci\u00f3n de 4.220 millones de d\u00f3lares obtenida por la empresa energ\u00e9tica ucraniana Naftogaz por la confiscaci\u00f3n de sus activos por parte de Mosc\u00fa tras la anexi\u00f3n de Crimea en 2014.<\/p>\n<p>El Ministerio de Asuntos Exteriores ruso declar\u00f3 que Mosc\u00fa hab\u00eda exigido la liberaci\u00f3n del buque y que trabajar\u00eda para lograr su devoluci\u00f3n. Este buque, supuestamente dedicado a labores de investigaci\u00f3n, navegaba cerca del archipi\u00e9lago de Svalbard, el m\u00e1s septentrional habitado del mundo. Desde Mosc\u00fa hablan de pirater\u00eda e ilegalidad.<\/p>\n<p>Rusia debe pagar m\u00e1s de 4.000 millones de d\u00f3lares por los bienes incautados en Crimea<\/p>\n<p>La empresa ucraniana Naftogaz est\u00e1 haciendo cumplir un fallo del Tribunal de La Haya de 2023 por el que Rusia debe pagar m\u00e1s de 4.220 millones de d\u00f3lares, m\u00e1s intereses, por los bienes incautados en Crimea tras la anexi\u00f3n de 2014. Rusia rechaza el fallo y se niega a abonarlo, por lo que Ucrania est\u00e1 reclamando activos estatales rusos en el extranjero.<\/p>\n<p>Esta es una de las incautaciones de activos m\u00e1s directas contra propiedades estatales rusas hasta la fecha. Sienta un precedente: las sentencias judiciales derivadas de la guerra se est\u00e1n ejecutando activamente contra activos rusos en todo el mundo, y Rusia no tiene capacidad para impedirlo.<\/p>\n<p>En Mosc\u00fa, adem\u00e1s de haber llamado a consultas al embajador noruego, han solicitado por cauces formales la devoluci\u00f3n del buque.<\/p>\n","protected":false},"excerpt":{"rendered":"Madrid Rusia present\u00f3 una protesta formal ante el embajador de Noruega en Mosc\u00fa el jueves despu\u00e9s de que&hellip;\n","protected":false},"author":2,"featured_media":745923,"comment_status":"","ping_status":"","sticky":false,"template":"","format":"standard","meta":{"footnotes":""},"categories":[42],"tags":[17,18,132415,13,14,11,61,62,63,64,19,20,9,10,15,16,132416,132417,132418,12,21,22,65,66,67],"class_list":["post-745922","post","type-post","status-publish","format-standard","has-post-thumbnail","category-internacional","tag-breaking-news","tag-breakingnews","tag-eucom","tag-featured-news","tag-featurednews","tag-headlines","tag-internacional","tag-international","tag-international-news","tag-internationalnews","tag-latest-news","tag-latestnews","tag-news","tag-noticias","tag-noticias-destacadas","tag-noticiasdestacadas","tag-oil-tanker","tag-sanctioned-vessel","tag-seized","tag-titulares","tag-ultimas-noticias","tag-ultimasnoticias","tag-world","tag-world-news","tag-worldnews"],"share_on_mastodon":{"url":"https:\/\/pubeurope.com\/@es\/117208571540847271","error":""},"_links":{"self":[{"href":"https:\/\/www.europesays.com\/es\/wp-json\/wp\/v2\/posts\/745922","targetHints":{"allow":["GET"]}}],"collection":[{"href":"https:\/\/www.europesays.com\/es\/wp-json\/wp\/v2\/posts"}],"about":[{"href":"https:\/\/www.europesays.com\/es\/wp-json\/wp\/v2\/types\/post"}],"author":[{"embeddable":true,"href":"https:\/\/www.europesays.com\/es\/wp-json\/wp\/v2\/users\/2"}],"replies":[{"embeddable":true,"href":"https:\/\/www.europesays.com\/es\/wp-json\/wp\/v2\/comments?post=745922"}],"version-history":[{"count":0,"href":"https:\/\/www.europesays.com\/es\/wp-json\/wp\/v2\/posts\/745922\/revisions"}],"wp:featuredmedia":[{"embeddable":true,"href":"https:\/\/www.europesays.com\/es\/wp-json\/wp\/v2\/media\/745923"}],"wp:attachment":[{"href":"https:\/\/www.europesays.com\/es\/wp-json\/wp\/v2\/media?parent=745922"}],"wp:term":[{"taxonomy":"category","embeddable":true,"href":"https:\/\/www.europesays.com\/es\/wp-json\/wp\/v2\/categories?post=745922"},{"taxonomy":"post_tag","embeddable":true,"href":"https:\/\/www.europesays.com\/es\/wp-json\/wp\/v2\/tags?post=745922"}],"curies":[{"name":"wp","href":"https:\/\/api.w.org\/{rel}","templated":true}]}}