{"id":745940,"date":"2026-09-03T18:52:16","date_gmt":"2026-09-03T18:52:16","guid":{"rendered":"https:\/\/www.europesays.com\/es\/745940\/"},"modified":"2026-09-03T18:52:16","modified_gmt":"2026-09-03T18:52:16","slug":"antonio-pedrero-exhibe-en-madrid-el-alma-de-la-provincia-de-zamora","status":"publish","type":"post","link":"https:\/\/www.europesays.com\/es\/745940\/","title":{"rendered":"Antonio Pedrero exhibe en Madrid el alma de la provincia de Zamora"},"content":{"rendered":"<p>No es f\u00e1cil contemplar el fruto de m\u00e1s de 75 a\u00f1os dedicados al arte con el autor vivo. El pintor y escultor zamorano <strong>Antonio Pedrero<\/strong> lo ha hecho. La <strong>exposici\u00f3n<\/strong> \u00abAntonio Pedrero. Antol\u00f3gica. 1952-2026\u00bb re\u00fane en Casa de Vacas (en El Retiro  &#8230; madrile\u00f1o) m\u00e1s de un centenar de piezas realizadas por el artista, que a<strong> sus 87 a\u00f1os regresa a Madrid<\/strong> como \u00abun veterano maestro\u00bb.<\/p>\n<p class=\"v-d-p\">Organizada por la familia Pedrero, con la selecci\u00f3n de obras a cargo del propio artista y el comisariado t\u00e9cnico de su hija, Ana Pedrero; y patrocinada por la Diputaci\u00f3n Provincial de Zamora -que ya hace 40 a\u00f1os organizaba en Zamora una gran monogr\u00e1fica sobre el pintor y escultor-, la exposici\u00f3n supone un homenaje y reconocimiento a Antonio Pedrero Y\u00e9boles (Zamora, 1939), el pintor zamorano m\u00e1s representativo de la segunda mitad del siglo XX y primer tercio del siglo XXI, que siendo un ni\u00f1o de diez a\u00f1os curs\u00f3 estudios en la Escuela de San Ildefonso de Zamora para ingresar despu\u00e9s, con <strong>tan solo catorce a\u00f1os<\/strong>, en la Real Escuela de Bellas Artes de San Fernando de Madrid.<\/p>\n<p class=\"v-d-p\">La emoci\u00f3n era palpable en Casa de Vacas, que sostiene entre sus muros la trayectoria vital del artista con obras de mediano y gran formato. La muestra arranca en la infancia y adolescencia del zamorano, con dibujos y \u00f3leos tanto de su paso por Madrid -becado precisamente por la Diputaci\u00f3n Provincial de Zamora- como de su obra posterior, asentado en su ciudad natal, y supone un recorrido por distintos estilos y \u00e9pocas y variadas tem\u00e1ticas. Mostrando al mundo <strong>el alma de la provincia zamorana<\/strong> y de sus gentes, extensivo al mundo rural de Castilla y Le\u00f3n.<\/p>\n<ul class=\"v-cmp-rld__u\">\n<li class=\"v-cmp-rld__l\">\n<p><a class=\"v-a-lnk\" href=\"http:\/\/www.abc.es\/espana\/castilla-leon\/museo-nacional-escultura-ultima-desembarco-louvre-20260819010627-nt.html#vtm_modulosEngag=noticiasrelacionadas-cmp-uno:espana:noticia:1\" data-voc-vtm-id=\"in-text-traffic\" rel=\"nofollow noopener\" target=\"_blank\"><br \/>\n<img decoding=\"async\" loading=\"lazy\" src=\"https:\/\/www.europesays.com\/es\/wp-content\/uploads\/2026\/09\/20260818_escultura_louvre_805-U85117154247piO-366x256@diario_abc.jpg\" class=\"v-a-img\" width=\"258\" height=\"180\" alt=\"El Museo Nacional de Escultura ultima su desembarco en el Louvre\"\/><br \/>\n<\/a><\/p>\n<\/li>\n<\/ul>\n<p class=\"v-d-p\">Los dibujos, \u00f3leos, murales y maquetas escult\u00f3ricas que conforman la exposici\u00f3n abarcan desde los primeros a\u00f1os de academia, con retratos de compa\u00f1eros y amigos miembros de aquella prodigiosa generaci\u00f3n art\u00edstica que puso a la<strong> peque\u00f1a Zamora en la Vanguardia<\/strong>, hasta \u00f3leos fechados en 2024 -en la actualidad Pedrero trabaja en un gran mural-, incluyendo autorretratos de distintas \u00e9pocas, escenas cotidianas llenas de encanto y tradiciones.<\/p>\n<p class=\"v-d-p\">Las obras proceden de <strong>numerosas colecciones privadas<\/strong> de Zamora, Salamanca, Valladolid, Le\u00f3n, Madrid, Valencia y Granada; la propia colecci\u00f3n del artista; y de los fondos de instituciones y entidades como la Junta de Castilla y Le\u00f3n, Diputaci\u00f3n de Zamora, Ayuntamiento de Zamora, Caja Rural de Zamora, Obispado de Zamora, Fundos, Unicaja, Museo Etnogr\u00e1fico de Castilla y Le\u00f3n, Seminario Permanente Claudio Rodr\u00edguez, cofrad\u00eda de Jes\u00fas del V\u00eda Crucis de Zamora y Fundaci\u00f3n Andaluza Rodr\u00edguez Acosta de Granada.<\/p>\n<p class=\"v-d-p\">La tem\u00e1tica, variada, recorre la arquitectura y paisaje de la provincia zamorana con estampas de Toro, Aliste, Benavente, Sayago o Tierra de Campos; escenas y tipos rurales y una selecci\u00f3n dedicada a Sanabria y su Lago, donde el artista ha veraneado durante m\u00e1s de 60 a\u00f1os. Tambi\u00e9n la Semana Santa zamorana,<strong> primera inspiraci\u00f3n art\u00edstica de Pedrero<\/strong> y con la que mantiene un fuerte v\u00ednculo desde la ni\u00f1ez, cuenta con un espacio propio en esta muestra, que permanecer\u00e1 abierta en Madrid hasta el 27 de septiembre.<\/p>\n<p class=\"v-d-p\">Retratos de personajes zamoranos y \u00f3leos y dibujos sobre Zamora capital, con el personal \u00abskyline\u00bb de la ciudad desde la margen izquierda del Duero, en cuyas aguas se refleja la piedra de la Catedral y las murallas, forman parte de esta exposici\u00f3n, que es una ventana al particular y rico universo de Pedrero.<\/p>\n<p class=\"v-d-p\">Grandes murales del artista, como el dedicado a \u00abLa Golondrina\u00bb (el bar-restaurante de sus padres, que es una cr\u00f3nica social de las peque\u00f1as ciudades de los a\u00f1os 50), \u00abNi\u00f1os y cometas\u00bb -perteneciente a la colecci\u00f3n de Unicaja- o el Voto a la Inmaculada de Villalpando, entre otros, figuran junto a bocetos de otras obras de gran formato, mostrando as\u00ed el proceso de creaci\u00f3n.<\/p>\n<p class=\"v-a-t\">\nLas obras, que abarcan de la infancia a la actualidad, proceden colecciones privadas e instituciones p\u00fablicas\n<\/p>\n<p class=\"v-d-p\">Completa la exposici\u00f3n una peque\u00f1a representaci\u00f3n de su faceta escult\u00f3rica con maquetas de diferentes obras -el famoso Merl\u00fa de la Plaza Mayor de Zamora o el monumento a la Semana Santa de C\u00e1ceres- y reproducciones fotogr\u00e1ficas de sus instalaciones como las veletas del Peromato y La Gobierna, el monumento a Sor Ignacia Idoate o el Nazareno de La Congregaci\u00f3n, que sale a las calles en la madrugada del Viernes Santo de Zamora.<\/p>\n<p class=\"v-d-p\">A la apertura de la muestra acudieron la vicepresidenta segunda de la Junta de Castilla y Le\u00f3n, Isabel Blanco, y el presidente de la Diputaci\u00f3n de Zamora, Javier Fa\u00fandez, entre otros. \u00abAntonio Pedrero es uno de los artistas contempor\u00e1neos m\u00e1s importantes de Zamora y una de las figuras esenciales para entender la pintura zamorana de las \u00faltimas d\u00e9cadas\u00ab, se\u00f1alaba el presidente de la instituci\u00f3n provincial. \u00bbEsta muestra es mucho m\u00e1s que una recopilaci\u00f3n de obras al uso, ya que es un recorrido por toda una vida dedicada al arte, con 75 a\u00f1os de creaci\u00f3n, b\u00fasqueda y compromiso con la pintura y, tambi\u00e9n, un recorrido por Zamora\u00bb, se\u00f1alaba. <\/p>\n","protected":false},"excerpt":{"rendered":"No es f\u00e1cil contemplar el fruto de m\u00e1s de 75 a\u00f1os dedicados al arte con el autor vivo.&hellip;\n","protected":false},"author":2,"featured_media":745941,"comment_status":"","ping_status":"","sticky":false,"template":"","format":"standard","meta":{"footnotes":""},"categories":[173],"tags":[1247,229,233,231,230,232,234,146,147,25,24,2003,205,66218,2902,38787,23,9577],"class_list":["post-745940","post","type-post","status-publish","format-standard","has-post-thumbnail","category-arte-y-diseno","tag-antonio","tag-arte","tag-arte-y-diseno","tag-arts","tag-arts-and-design","tag-design","tag-diseno","tag-entertainment","tag-entretenimiento","tag-es","tag-espana","tag-exposicion","tag-madrid","tag-pedrero","tag-regresa","tag-repasa","tag-spain","tag-trayectoria"],"share_on_mastodon":{"url":"https:\/\/pubeurope.com\/@es\/117208623592493613","error":""},"_links":{"self":[{"href":"https:\/\/www.europesays.com\/es\/wp-json\/wp\/v2\/posts\/745940","targetHints":{"allow":["GET"]}}],"collection":[{"href":"https:\/\/www.europesays.com\/es\/wp-json\/wp\/v2\/posts"}],"about":[{"href":"https:\/\/www.europesays.com\/es\/wp-json\/wp\/v2\/types\/post"}],"author":[{"embeddable":true,"href":"https:\/\/www.europesays.com\/es\/wp-json\/wp\/v2\/users\/2"}],"replies":[{"embeddable":true,"href":"https:\/\/www.europesays.com\/es\/wp-json\/wp\/v2\/comments?post=745940"}],"version-history":[{"count":0,"href":"https:\/\/www.europesays.com\/es\/wp-json\/wp\/v2\/posts\/745940\/revisions"}],"wp:featuredmedia":[{"embeddable":true,"href":"https:\/\/www.europesays.com\/es\/wp-json\/wp\/v2\/media\/745941"}],"wp:attachment":[{"href":"https:\/\/www.europesays.com\/es\/wp-json\/wp\/v2\/media?parent=745940"}],"wp:term":[{"taxonomy":"category","embeddable":true,"href":"https:\/\/www.europesays.com\/es\/wp-json\/wp\/v2\/categories?post=745940"},{"taxonomy":"post_tag","embeddable":true,"href":"https:\/\/www.europesays.com\/es\/wp-json\/wp\/v2\/tags?post=745940"}],"curies":[{"name":"wp","href":"https:\/\/api.w.org\/{rel}","templated":true}]}}