{"id":745942,"date":"2026-09-03T18:54:10","date_gmt":"2026-09-03T18:54:10","guid":{"rendered":"https:\/\/www.europesays.com\/es\/745942\/"},"modified":"2026-09-03T18:54:10","modified_gmt":"2026-09-03T18:54:10","slug":"supervivientes-all-stars-recupera-a-omar-sanchez-y-yulen-pereira-para-su-tercera-edicion","status":"publish","type":"post","link":"https:\/\/www.europesays.com\/es\/745942\/","title":{"rendered":"&#8216;Supervivientes All Stars&#8217; recupera a Omar S\u00e1nchez y Yulen Pereira para su tercera edici\u00f3n"},"content":{"rendered":"<p>La <b>tercera edici\u00f3n de &#8216;Supervivientes All Stars&#8217;<\/b> ya tiene a su d\u00e9cimo y und\u00e9cimo concursante, y los dos est\u00e1n unidos por la misma persona de la familia Pantoja. Por un lado, <b>Omar S\u00e1nchez regresar\u00e1 a Honduras <\/b>cinco a\u00f1os despu\u00e9s de su paso por el reality de supervivencia, esta vez para intentar, al menos, llegar a una final que no pudo vivir en &#8216;Supervivientes 2021&#8217; al convertirse en el noveno expulsado de aquella edici\u00f3n que acabar\u00eda ganando la sevillana y mujer de Antonio David Flores, Olga Moreno. Por otro lado, el programa de Mediaset tambi\u00e9n suma a <b>Yulen Pereira<\/b>, el deportista espa\u00f1ol que compite en esgrima en la modalidad de espada y que en 2022 no pas\u00f3 de los 80 d\u00edas en la isla tras ser el d\u00e9cimo expulsado.<\/p>\n<p>Desde hace una semana, <b>Telecinco<\/b> ha decidido anunciar a un concursante cada d\u00eda, pero este jueves el anuncio ha venido por partida doble, durante una de las \u00faltimas entregas de &#8216;De lunes a viernes&#8217;, <a title=\"cancelado tras dos meses en emisi\u00f3n\" href=\"https:\/\/www.larazon.es\/television\/programas\/telecinco-reestructura-tardes-cancela-lunes-viernes_202609026a9833244941316b1e750215.html\" target=\"_blank\" rel=\"nofollow noopener\">cancelado tras dos meses en emisi\u00f3n<\/a>, ha sido el turno del <b>exmarido de Anabel Pantoja y de quien tuviera una fugaz relaci\u00f3n con la sobrina de la tonadillera <\/b>despu\u00e9s de enamorarse de ella, precisamente, durante su experiencia en el concurso.<\/p>\n<p>Dos deportistas preparados para la aventura<\/p>\n<p>Omar S\u00e1nchez, de Las Palmas, es empresario y deportista, dedicado especialmente a los deportes acu\u00e1ticos y al surf. A sus 29 a\u00f1os, permaneci\u00f3 <b>80 d\u00edas en su anterior periplo en los Cayos Cochinos<\/b> tras haber sido nominado en tres galas.<\/p>\n<p>Durante aquella experiencia mostr\u00f3 que est\u00e1 <b>completamente capacitado por su condici\u00f3n f\u00edsica para ser un gran superviviente<\/b>, pero su concurso tambi\u00e9n qued\u00f3 marcado por algunos bajones f\u00edsicos como an\u00edmicos que sufri\u00f3 cuando pasaron las semanas, tal y como recuerda la cadena de <a title=\"Mediaset\" href=\"https:\/\/www.mediasetinfinity.es\/noticias\/supervivientes\/all-stars-2026-lista-oficial-concursantes_MS000000111672_t2g3kkqZLNOqoEeH4HvUKsp\" target=\"_blank\" rel=\"nofollow noopener\">Mediaset<\/a>.<\/p>\n<p>Ahora, al igual que el resto de sus compa\u00f1eros, S\u00e1nchez quiere demostrar que est\u00e1 completamente preparado como una de las leyendas de esta edici\u00f3n, y <b>buscar\u00e1 mejorar el resultado obtenido en &#8216;Supervivientes 2021&#8217;. <\/b><\/p>\n<p>En cuanto al esgrimista,<b> Pereira comenz\u00f3 su carrera internacional en 2009 <\/b>y cinco a\u00f1os despu\u00e9s obtuvo su primera medalla en la categor\u00eda absoluta, plata por equipos, en el Campeonato Europeo de 2014. Entre 2018 y 2024 acumul\u00f3 tres logros destacados: una medalla de oro individual en los Juegos Mediterr\u00e1neos de Tarragona (2018), su primer podio individual en el Gran Prix de Doha con una plata (2019) y un bronce por equipos en el Campeonato Europeo (2024).<\/p>\n<p>Su paso por el concurso de supervivencia se produjo en 2022, una edici\u00f3n que gan\u00f3 Alejandro Nieto, pero que <b>para Pereira fue m\u00e1s que una simple competici\u00f3n<\/b>. Con Anabel surgi\u00f3 una conexi\u00f3n instant\u00e1nea que sus ojos no pod\u00edan ocultar. Sentados sobre la arena, compartiendo confidencias, <b>lleg\u00f3 ese primer beso que desat\u00f3 la pasi\u00f3n<\/b>, amparados por las estrellas hondure\u00f1as y la complicidad de un saco de dormir. Sin embargo, su amor fue fugaz y en 2023 separaron sus caminos.<\/p>\n<p>Una semana para el estreno<\/p>\n<p>Por el momento, el <b>casting oficial<\/b> de la nueva edici\u00f3n del &#8216;All Stars&#8217; se compone de 11 participantes: <b>Rosa Benito, Arkano, Alma Bollo, Asraf Beno, Almudena Mart\u00ednez (Chiqui), Ivana Icardi, Dami\u00e1n Quintero, Mar\u00eda Jes\u00fas Ruiz, Yola Berrocal, el windsurfista Omar S\u00e1nchez y Yulen Pereira. <\/b><\/p>\n<p>El estreno del formato producido por Cuarzo Producciones ser\u00e1 el <b>pr\u00f3ximo jueves 10 de septiembre a partir de las 21:45 horas en Telecinco<\/b> y al programa regresan como presentadores Jorge Javier V\u00e1zquez, Sandra Barneda y Mar\u00eda Lamela, esta \u00faltima por segunda vez tras haber sustituido a Laura Madrue\u00f1o en &#8216;Supervivientes 2026&#8217;.<\/p>\n","protected":false},"excerpt":{"rendered":"La tercera edici\u00f3n de &#8216;Supervivientes All Stars&#8217; ya tiene a su d\u00e9cimo y und\u00e9cimo concursante, y los dos&hellip;\n","protected":false},"author":2,"featured_media":745943,"comment_status":"","ping_status":"","sticky":false,"template":"","format":"standard","meta":{"footnotes":""},"categories":[171],"tags":[146,147,25,24,955,2662,23,3947,692,807,214],"class_list":["post-745942","post","type-post","status-publish","format-standard","has-post-thumbnail","category-tv","tag-entertainment","tag-entretenimiento","tag-es","tag-espana","tag-mediaset","tag-programas-de-television","tag-spain","tag-supervivientes","tag-telecinco","tag-television","tag-tv"],"share_on_mastodon":{"url":"","error":""},"_links":{"self":[{"href":"https:\/\/www.europesays.com\/es\/wp-json\/wp\/v2\/posts\/745942","targetHints":{"allow":["GET"]}}],"collection":[{"href":"https:\/\/www.europesays.com\/es\/wp-json\/wp\/v2\/posts"}],"about":[{"href":"https:\/\/www.europesays.com\/es\/wp-json\/wp\/v2\/types\/post"}],"author":[{"embeddable":true,"href":"https:\/\/www.europesays.com\/es\/wp-json\/wp\/v2\/users\/2"}],"replies":[{"embeddable":true,"href":"https:\/\/www.europesays.com\/es\/wp-json\/wp\/v2\/comments?post=745942"}],"version-history":[{"count":0,"href":"https:\/\/www.europesays.com\/es\/wp-json\/wp\/v2\/posts\/745942\/revisions"}],"wp:featuredmedia":[{"embeddable":true,"href":"https:\/\/www.europesays.com\/es\/wp-json\/wp\/v2\/media\/745943"}],"wp:attachment":[{"href":"https:\/\/www.europesays.com\/es\/wp-json\/wp\/v2\/media?parent=745942"}],"wp:term":[{"taxonomy":"category","embeddable":true,"href":"https:\/\/www.europesays.com\/es\/wp-json\/wp\/v2\/categories?post=745942"},{"taxonomy":"post_tag","embeddable":true,"href":"https:\/\/www.europesays.com\/es\/wp-json\/wp\/v2\/tags?post=745942"}],"curies":[{"name":"wp","href":"https:\/\/api.w.org\/{rel}","templated":true}]}}