{"id":745944,"date":"2026-09-03T18:55:20","date_gmt":"2026-09-03T18:55:20","guid":{"rendered":"https:\/\/www.europesays.com\/es\/745944\/"},"modified":"2026-09-03T18:55:20","modified_gmt":"2026-09-03T18:55:20","slug":"premios-juventud-en-marbella-shakira-bad-bunny-y-aitana-confirman-su-superestrella","status":"publish","type":"post","link":"https:\/\/www.europesays.com\/es\/745944\/","title":{"rendered":"Premios Juventud en Marbella: Shakira, Bad Bunny y Aitana confirman su superestrella"},"content":{"rendered":"<p>Todo a punto en la Cantera de Nag\u00fceles para que comiencen esta jueves noche los Premios Juventud en el escenario de Starlite Marbella, cuando este  &#8230; primera edici\u00f3n de los galardones que se celebran en Europa han dado la sorpresa anunciando a primera hora de la tarde en redes sociales sus primeros galardonados. Y no son nombres de relleno, ya que entre los que ya han subido al palmar\u00e9s est\u00e1n el artista del momento, Bud Bunny; la mism\u00edsima cantante colombiana Shakira y su himno futbolero del a\u00f1o; Aitana y su coreada &#8216;Superestrella&#8217;; el tr\u00edo Ozuna, Be\u00e9le y Ovy on the drums; el rey de la bachata, el estadounidense Romeo Santos, y el t\u00e1ndem mexicano Alejandro Fern\u00e1ndez y Car\u00edn Le\u00f3n. Este \u00faltimo, uno de los favoritos de esta edici\u00f3n ya puede decir que ha logrado la primera de sus nueve nominaciones de la jornada.<\/p>\n<p class=\"v-d-p\">La lista de triunfadores la ha abierto Shakira y el nigeriano Burna Boy, que se han llevado el galard\u00f3n de Colaboraci\u00f3n OMG por su tema &#8216;Dai Dai&#8217;, tema oficial de la Copa Mundial de la FIFA 2026; el mejor tema en cumbia ha sido para &#8216;Con otra&#8217; de Cazzu; la mejor colaboraci\u00f3n en m\u00fasica mexicana suena al Grupo Firme y Grupo Frontera por la canci\u00f3n &#8216;Modo dif\u00edcil&#8217;; el Tropical hit lo ganado la bachata &#8216;Dardos&#8217; de Romeo Santos, junto al actor y cantante Prince Royce; y el Afrobeat Latino del A\u00f1o cay\u00f3 del lado de Ozuna, Be\u00e9le y Ovy on the drums por &#8216;Enemigos&#8217;.<\/p>\n<ul class=\"v-cmp-rld__u\">\n<li class=\"v-cmp-rld__l\">\n<p><a class=\"v-a-lnk\" href=\"http:\/\/www.diariosur.es\/culturas\/musica\/marc-anthony-ana-mena-quevedo-oreja-van-20260824231634-nt.html#vtm_modulosEngag=noticiasrelacionadas-cmp-uno:culturas:noticia:1\" data-voc-vtm-id=\"in-text-traffic\" rel=\"nofollow noopener\" target=\"_blank\"><br \/>\n<img decoding=\"async\" loading=\"lazy\" src=\"https:\/\/www.europesays.com\/es\/wp-content\/uploads\/2026\/09\/newspaint-1787573284457-1200x840-U41355277375gUH-366x256@Diario Sur.jpg\" class=\"v-a-img\" width=\"258\" height=\"180\" alt=\"Marc Anthony, Ana Mena, Quevedo y La Oreja de Van Gogh, confirmados en los Premios Juventud en Marbella\"\/><br \/>\n<\/a><\/p>\n<\/li>\n<\/ul>\n<p class=\"v-d-p\">Por su parte, &#8216;Me est\u00e1 doliendo&#8217;, de los mexicanos Car\u00edn Le\u00f3n y Alejandro Fern\u00e1ndez, se ha alzado con el t\u00edtulo de &#8216;Mi track favorito&#8217;, una categor\u00eda muy disputada en la que se han impuesto a otros candidatos de categor\u00eda internacional como Rauw Alejandro, Karol G &amp; Marco Antonio Sol\u00eds, Danny Ocean y la mism\u00edsima Rosal\u00eda, junto a Yahritza y Su Esencia. <\/p>\n<p class=\"v-d-p\">A la par de estos primeros premiados, los cantantes y &#8216;celebrities&#8217; han comenzado a posar en la alfombra roja, como uno de los nombre de la noche, Marc Anthony, que adem\u00e1s ha protagonizado uno de los encuentros de la noche cuando ha saludado al colombiano Camilo, que ha hecho una genuflexi\u00f3n y se ha dirigido al norteamericano como \u00abmaestro\u00bb. Por el pase\u00edllo previo, tambi\u00e9n se ha visto a la &#8216;influencer&#8217; Ludmila Soleimani, al artista venezolano Alleh o al colombiano Juan Duque. <\/p>\n<p class=\"v-d-p\">Por su parte, el cantante del a\u00f1o, Bud Bunny tambi\u00e9n se ha unido al palmar\u00e9s de los Premios Juventud en una categor\u00eda cantada, mejor gira del a\u00f1o, despu\u00e9s de llenar estadios de todo el mundo con el tour &#8216;Deb\u00ed Tirar M\u00e1s Fotos World Tour&#8217;. A la lista de elegidos tambi\u00e9n se ha sumado Bizzarap, como mejor productor, mientras que la mejor pareja del a\u00f1o, premio &#8216;Couple Goals&#8217;, ha sido para Aitana y su novio, el creador de contenido Plex. Y la mejor canci\u00f3n dembow&#8217; ha reca\u00eddo en &#8216;Saca punta&#8217; de Arlene MC, Alofoke Music, Jey One y La M\u00e1s Doll. Alejandro Fern\u00e1ndez ha hecho doblete con el premio a la mejor canci\u00f3n de una banda mexicana con su versi\u00f3n del cl\u00e1sico &#8216;El rey&#8217;.<\/p>\n<p class=\"v-d-p\">El resto de categor\u00eda se conocer\u00e1n a partir de las 22,30 horas, en la gala presentada por Jes\u00fas V\u00e1zquez, Alejandra Espinoza y Clarissa Molina, que ser\u00e1 televisada para 20 pa\u00edses. En Espa\u00f1a se podr\u00e1 ver por La 2 de TVE y, adem\u00e1s de los galardones, est\u00e1 prevista la actuaci\u00f3n en directo de Marc Anthony, Quevedo, Morat, Manuel Carrasco, La Oreja de Van Gogh, Camilo, Wisin y Yandel, Juan Mag\u00e1n y la malague\u00f1a Ana Mena.<\/p>\n","protected":false},"excerpt":{"rendered":"Todo a punto en la Cantera de Nag\u00fceles para que comiencen esta jueves noche los Premios Juventud en&hellip;\n","protected":false},"author":2,"featured_media":745945,"comment_status":"","ping_status":"","sticky":false,"template":"","format":"standard","meta":{"footnotes":""},"categories":[170],"tags":[6618,132421,146,147,25,24,6850,4108,2492,184,185,86395,23325,532,566,4359,9593,12504,5785,23],"class_list":["post-745944","post","type-post","status-publish","format-standard","has-post-thumbnail","category-musica","tag-anuncian","tag-carin","tag-entertainment","tag-entretenimiento","tag-es","tag-espana","tag-juventud","tag-leon","tag-marbella","tag-music","tag-musica","tag-ozuna","tag-premiados","tag-premios","tag-primeros","tag-romeo","tag-santos","tag-shakira","tag-sorpresa","tag-spain"],"share_on_mastodon":{"url":"https:\/\/pubeurope.com\/@es\/117208635216943564","error":""},"_links":{"self":[{"href":"https:\/\/www.europesays.com\/es\/wp-json\/wp\/v2\/posts\/745944","targetHints":{"allow":["GET"]}}],"collection":[{"href":"https:\/\/www.europesays.com\/es\/wp-json\/wp\/v2\/posts"}],"about":[{"href":"https:\/\/www.europesays.com\/es\/wp-json\/wp\/v2\/types\/post"}],"author":[{"embeddable":true,"href":"https:\/\/www.europesays.com\/es\/wp-json\/wp\/v2\/users\/2"}],"replies":[{"embeddable":true,"href":"https:\/\/www.europesays.com\/es\/wp-json\/wp\/v2\/comments?post=745944"}],"version-history":[{"count":0,"href":"https:\/\/www.europesays.com\/es\/wp-json\/wp\/v2\/posts\/745944\/revisions"}],"wp:featuredmedia":[{"embeddable":true,"href":"https:\/\/www.europesays.com\/es\/wp-json\/wp\/v2\/media\/745945"}],"wp:attachment":[{"href":"https:\/\/www.europesays.com\/es\/wp-json\/wp\/v2\/media?parent=745944"}],"wp:term":[{"taxonomy":"category","embeddable":true,"href":"https:\/\/www.europesays.com\/es\/wp-json\/wp\/v2\/categories?post=745944"},{"taxonomy":"post_tag","embeddable":true,"href":"https:\/\/www.europesays.com\/es\/wp-json\/wp\/v2\/tags?post=745944"}],"curies":[{"name":"wp","href":"https:\/\/api.w.org\/{rel}","templated":true}]}}