{"id":745960,"date":"2026-09-03T19:03:18","date_gmt":"2026-09-03T19:03:18","guid":{"rendered":"https:\/\/www.europesays.com\/es\/745960\/"},"modified":"2026-09-03T19:03:18","modified_gmt":"2026-09-03T19:03:18","slug":"el-cgpj-descarta-una-queja-de-marlaska","status":"publish","type":"post","link":"https:\/\/www.europesays.com\/es\/745960\/","title":{"rendered":"El CGPJ descarta una queja de Marlaska"},"content":{"rendered":"<p>La <strong>presidenta <\/strong>del Tribunal <strong>Supremo<\/strong> y del Consejo General del Poder  Judicial (CGPJ), <strong>Isabel Perell\u00f3<\/strong>, ha <strong>defendido <\/strong>que la <strong>jueza <\/strong>de la  Audiencia Nacional Mar\u00eda Tard\u00f3n ha actuado en el \u00abejercicio de sus  funciones constitucionales\u00bb con el informe policial que encarg\u00f3 respecto a la entrada masiva de inmigrantes en <strong>Ceuta<\/strong>, despu\u00e9s de las cr\u00edticas del Gobierno. <strong>Perell\u00f3 responde as\u00ed <\/strong>y pide \u00abel <strong>m\u00e1ximo respeto\u00bb <\/strong>en respuesta a la carta que le ha enviado el ministro del Interior, Fernando Grande-<strong>Marlaska<\/strong>, mostrando  \u00abpreocupaci\u00f3n\u00bb por la decisi\u00f3n de la instructora de prohibir al  equipo investigador de la Polic\u00eda Nacional informar a sus  superiores. <\/p>\n<p>Seg\u00fan ha comunicado este jueves el CGPJ, Perell\u00f3 ha contestado con  otra carta a Marlaska para subrayar que los \u00f3rganos de gobierno del  Poder Judicial<strong> \u00abtienen constitucional y legalmente vedado aprobar,  censurar o corregir actuaciones judiciales\u00bb. <\/strong><\/p>\n<p>Asimismo, ha recordado que la Constituci\u00f3n Espa\u00f1ola establece el  deber de prestar la colaboraci\u00f3n requerida por los \u00f3rganos  judiciales, que es \u00abgeneral\u00bb para todos los ciudadanos y \u00abespecial\u00bb  para la polic\u00eda judicial. <\/p>\n<p>Y que las leyes &#8211;ha insistido&#8211; establecen que la funci\u00f3n de  polic\u00eda judicial \u00abcorresponde a todos los miembros de las Fuerzas y  Cuerpos de Seguridad del Estado, cualquiera que sea su naturaleza y  dependencia\u00bb.<\/p>\n<p><strong>\u00abEn definitiva, estoy, como no puede ser de otra manera,  plenamente de acuerdo contigo en tus apreciaciones sobre la gravedad <\/strong> y el car\u00e1cter extraordinario de la crisis que estamos enfrentando,  as\u00ed como en que la actuaci\u00f3n de la magistrada responde al ejercicio  de sus funciones constitucionales, por las que todos debemos mostrar  el m\u00e1ximo respeto\u00bb, ha trasladado Perell\u00f3 al ministro. <\/p>\n<p>Interior ha comunicado que Marlaska asegura en su carta que, en su  doble condici\u00f3n de ministro del Interior y de magistrado, respeta  \u00abescrupulosamente\u00bb la independencia judicial, el deber de prestar  colaboraci\u00f3n a los \u00f3rganos judiciales y la dependencia exclusiva de  la polic\u00eda judicial de los jueces, tribunales y la Fiscal\u00eda. <\/p>\n<p>Con todo, Marlaska considera que ante una crisis que ha obligado a  declarar la situaci\u00f3n de inter\u00e9s para la seguridad nacional, \u00abno  deber\u00eda ser incompatible\u00bb atender con diligencia los requerimientos  de los \u00f3rganos judiciales con informar a los responsables pol\u00edticos  de las circunstancias que resulten relevantes para la gesti\u00f3n de una  situaci\u00f3n de tal magnitud. <\/p>\n<p>El ministro argumenta que la informaci\u00f3n en manos de la Polic\u00eda  Nacional resulta \u00abde gran inter\u00e9s\u00bb para que el Ejecutivo pueda  ejercer correctamente sus funciones de direcci\u00f3n de la pol\u00edtica  interior y exterior y de defensa del Estado. <\/p>\n<p>Por todo ello, Marlaska concluye que, ante situaciones de extrema  gravedad como la de Ceuta, debe ser compatible que la polic\u00eda  judicial informe a los jueces a la vez que facilita al Gobierno la  informaci\u00f3n necesaria para adoptar las decisiones oportunas en  defensa de la seguridad nacional y p\u00fablica, \u00absin que se resienta la  independencia judicial\u00bb. <\/p>\n<p>El informe elaborado por el Centro Nacional de Inteligencia y  Fronteras (CENIF) de la Polic\u00eda atribuye a gendarmes marroqu\u00edes el  \u00abguiado activo\u00bb de inmigrantes hacia Ceuta el pasado 30 y 31 de  julio. <\/p>\n","protected":false},"excerpt":{"rendered":"La presidenta del Tribunal Supremo y del Consejo General del Poder Judicial (CGPJ), Isabel Perell\u00f3, ha defendido que&hellip;\n","protected":false},"author":2,"featured_media":745961,"comment_status":"","ping_status":"","sticky":false,"template":"","format":"standard","meta":{"footnotes":""},"categories":[8],"tags":[17,18,25,24,13,14,11,19,20,9,10,15,16,23,12,21,22],"class_list":["post-745960","post","type-post","status-publish","format-standard","has-post-thumbnail","category-espana","tag-breaking-news","tag-breakingnews","tag-es","tag-espana","tag-featured-news","tag-featurednews","tag-headlines","tag-latest-news","tag-latestnews","tag-news","tag-noticias","tag-noticias-destacadas","tag-noticiasdestacadas","tag-spain","tag-titulares","tag-ultimas-noticias","tag-ultimasnoticias"],"share_on_mastodon":{"url":"https:\/\/pubeurope.com\/@es\/117208666048770253","error":""},"_links":{"self":[{"href":"https:\/\/www.europesays.com\/es\/wp-json\/wp\/v2\/posts\/745960","targetHints":{"allow":["GET"]}}],"collection":[{"href":"https:\/\/www.europesays.com\/es\/wp-json\/wp\/v2\/posts"}],"about":[{"href":"https:\/\/www.europesays.com\/es\/wp-json\/wp\/v2\/types\/post"}],"author":[{"embeddable":true,"href":"https:\/\/www.europesays.com\/es\/wp-json\/wp\/v2\/users\/2"}],"replies":[{"embeddable":true,"href":"https:\/\/www.europesays.com\/es\/wp-json\/wp\/v2\/comments?post=745960"}],"version-history":[{"count":0,"href":"https:\/\/www.europesays.com\/es\/wp-json\/wp\/v2\/posts\/745960\/revisions"}],"wp:featuredmedia":[{"embeddable":true,"href":"https:\/\/www.europesays.com\/es\/wp-json\/wp\/v2\/media\/745961"}],"wp:attachment":[{"href":"https:\/\/www.europesays.com\/es\/wp-json\/wp\/v2\/media?parent=745960"}],"wp:term":[{"taxonomy":"category","embeddable":true,"href":"https:\/\/www.europesays.com\/es\/wp-json\/wp\/v2\/categories?post=745960"},{"taxonomy":"post_tag","embeddable":true,"href":"https:\/\/www.europesays.com\/es\/wp-json\/wp\/v2\/tags?post=745960"}],"curies":[{"name":"wp","href":"https:\/\/api.w.org\/{rel}","templated":true}]}}