{"id":745962,"date":"2026-09-03T19:04:16","date_gmt":"2026-09-03T19:04:16","guid":{"rendered":"https:\/\/www.europesays.com\/es\/745962\/"},"modified":"2026-09-03T19:04:16","modified_gmt":"2026-09-03T19:04:16","slug":"marlaska-cuestiona-ante-el-cgpj-la-decision-de-la-juez-tardon-sobre-el-informe-policial-de-ceuta","status":"publish","type":"post","link":"https:\/\/www.europesays.com\/es\/745962\/","title":{"rendered":"Marlaska cuestiona ante el CGPJ la decisi\u00f3n de la juez Tard\u00f3n sobre el informe policial de Ceuta"},"content":{"rendered":"<p>\n                    Publicado                 03\/09\/2026 &#8211; 18:17 CEST\u2022\u00faltima actualizaci\u00f3n<br \/>\n                                     20:24\n                                        <\/p>\n<p>El ministro del Interior, <strong>Fernando Grande-Marlaska<\/strong>, traslad\u00f3 a la presidenta del Consejo General del Poder Judicial (CGPJ), <strong>Isabel Perell\u00f3<\/strong>, su \u00abpreocupaci\u00f3n\u00bb por la decisi\u00f3n de la juez de la Audiencia Nacional <strong>Mar\u00eda Tard\u00f3n<\/strong> de \u00abprohibir\u00bb al equipo policial que investiga la entrada de miles de inmigrantes en Ceuta el pasado mes de julio <strong>el compartir sus conclusiones con sus superiores<\/strong>.<\/p>\n<p>          <img decoding=\"async\" class=\"c-ad__placeholder__logo\" src=\"https:\/\/static.euronews.com\/website\/images\/logos\/logo-euronews-stacked-outlined-72x72-grey-9.svg\" width=\"72\" height=\"72\" alt=\"\" loading=\"lazy\"\/><br \/>\n          PUBLICIDAD<\/p>\n<p>          <img decoding=\"async\" class=\"c-ad__placeholder__logo\" src=\"https:\/\/static.euronews.com\/website\/images\/logos\/logo-euronews-stacked-outlined-72x72-grey-9.svg\" width=\"72\" height=\"72\" alt=\"\" loading=\"lazy\"\/><br \/>\n          PUBLICIDAD<\/p>\n<p>A trav\u00e9s de una carta, Grande-Marlaska, expres\u00f3 a Perell\u00f3 que, si bien \u00abcomo ministro del Interior, <strong>y tambi\u00e9n como magistrado<\/strong>, respeta escrupulosamente, como no puede ser de otra manera, la independencia judicial\u00bb, considera que la decisi\u00f3n de la magistrada atenta contra \u00abla gesti\u00f3n de una crisis de tal magnitud\u00bb.<\/p>\n<p>\u00abNo deber\u00eda ser incompatible que se atiendan con toda diligencia los requerimientos de informaci\u00f3n de los \u00f3rganos judiciales con la puesta en conocimiento de <strong>los superiores y responsables pol\u00edticos<\/strong> de cuantas circunstancias puedan ser relevantes para la toma de decisiones\u00bb, reza la misiva.<\/p>\n<p>Por su parte, Perell\u00f3 ya ha contestado, a trav\u00e9s de otra carta, reclam\u00e1ndole al ministro el \u00abm\u00e1ximo respeto\u00bb hacia las acciones de Tard\u00f3n y se\u00f1al\u00e1ndole que <strong>la magistrada est\u00e1 ejerciendo sus \u00abfunciones constitucionales\u00bb<\/strong>.<\/p>\n<p>Asimismo, Perell\u00f3 defiende que tanto ella como el propio CGPJ \u00abtienen constitucional y legalmente vedado <strong>aprobar, censurar o corregir<\/strong> actuaciones judiciales\u00bb y recuerda a Grande-Marlaska el deber que las fuerzas del orden tienen de colaborar con los \u00f3rganos judiciales que recoge la Constituci\u00f3n.<\/p>\n<p>Un informe del Cenif, en el centro de la pol\u00e9mica<\/p>\n<p>El mensaje del jefe de la cartera del Interior se produce despu\u00e9s de que este mi\u00e9rcoles saliera a la luz la existencia de un informe del Centro Nacional de Inmigraci\u00f3n y Fronteras (Cenif) de la Polic\u00eda Nacional en el que <strong>se apunta la posible connivencia de las Fuerzas de Seguridad marroqu\u00edes<\/strong> ante la entrada de unos 80.000 inmigrantes en Ceuta entre el 30 y el 31 de julio. <\/p>\n<p>Tras conocerse la noticia, Grande-Marlaska se reuni\u00f3 con el director general de la Polic\u00eda, <strong>Francisco Pardo<\/strong>, quien <a href=\"https:\/\/es.euronews.com\/my-europe\/2026\/09\/02\/informe-acusa-marruecos-guiar-entrada-ceuta-para-desestabilizar-espana-y-colapsar-cni\" rel=\"nofollow noopener\" target=\"_blank\">le neg\u00f3 la existencia del informe<\/a>. Sin embargo, horas m\u00e1s tarde, el Cenif reconoci\u00f3 la existencia del dossier, si bien aclar\u00f3 que \u00ablas conclusiones del informe remitido a la Autoridad Judicial (AN) se basan, de forma prioritaria, en la recopilaci\u00f3n y an\u00e1lisis de datos obtenidos en el seguimiento de la actividad de diferentes aplicaciones de mensajer\u00eda y redes sociales de car\u00e1cter abierto, as\u00ed como de im\u00e1genes y v\u00eddeos difundidos por diferentes medios de comunicaci\u00f3n\u00bb.<\/p>\n<p>De hecho, <a href=\"https:\/\/es.euronews.com\/my-europe\/2026\/09\/02\/a-policia-identifico-a-32-agentes-marroquies-durante-la-entrada-masiva-de-migrantes-en-ceu\" rel=\"nofollow noopener\" target=\"_blank\">el documento incluye hasta 32 fotograf\u00edas<\/a> en las que se podr\u00eda apreciar c\u00f3mo agentes marroqu\u00edes, tanto uniformados como de paisano, se encontraban apostados en distintos puntos de la principal ruta hacia el Espig\u00f3n de El Tarajal y habr\u00edan desempe\u00f1ado labores de orientaci\u00f3n durante el cruce irregular de la frontera. En cualquier caso, el Cenif matiz\u00f3 que la investigaci\u00f3n llevada a cabo a\u00fan \u00ab<strong>no permite determinar la implicaci\u00f3n y autor\u00eda responsable<\/strong>\u00ab.<\/p>\n<p>En ese sentido, este mismo jueves, el presidente Pedro S\u00e1nchez ha asegurado, durante una comparecencia en el Congreso, que <a href=\"https:\/\/es.euronews.com\/my-europe\/2026\/09\/03\/pedro-sanchez-ceuta-congreso-directo\" rel=\"nofollow noopener\" target=\"_blank\">su Gobierno no tiene \u00abnada que ocultar\u00bb<\/a>, aunque reconoci\u00f3 que a\u00fan hay muchas cuestiones para las que a\u00fan no hay respuestas.<\/p>\n","protected":false},"excerpt":{"rendered":"Publicado 03\/09\/2026 &#8211; 18:17 CEST\u2022\u00faltima actualizaci\u00f3n 20:24 El ministro del Interior, Fernando Grande-Marlaska, traslad\u00f3 a la presidenta del&hellip;\n","protected":false},"author":2,"featured_media":745963,"comment_status":"","ping_status":"","sticky":false,"template":"","format":"standard","meta":{"footnotes":""},"categories":[5],"tags":[17,18,4486,894,25,24,13,14,11,2158,19,20,9,10,15,16,23,12,21,22],"class_list":["post-745962","post","type-post","status-publish","format-standard","has-post-thumbnail","category-titulares","tag-breaking-news","tag-breakingnews","tag-ceuta","tag-crisis-migratoria","tag-es","tag-espana","tag-featured-news","tag-featurednews","tag-headlines","tag-justicia","tag-latest-news","tag-latestnews","tag-news","tag-noticias","tag-noticias-destacadas","tag-noticiasdestacadas","tag-spain","tag-titulares","tag-ultimas-noticias","tag-ultimasnoticias"],"share_on_mastodon":{"url":"https:\/\/pubeurope.com\/@es\/117208671608789040","error":""},"_links":{"self":[{"href":"https:\/\/www.europesays.com\/es\/wp-json\/wp\/v2\/posts\/745962","targetHints":{"allow":["GET"]}}],"collection":[{"href":"https:\/\/www.europesays.com\/es\/wp-json\/wp\/v2\/posts"}],"about":[{"href":"https:\/\/www.europesays.com\/es\/wp-json\/wp\/v2\/types\/post"}],"author":[{"embeddable":true,"href":"https:\/\/www.europesays.com\/es\/wp-json\/wp\/v2\/users\/2"}],"replies":[{"embeddable":true,"href":"https:\/\/www.europesays.com\/es\/wp-json\/wp\/v2\/comments?post=745962"}],"version-history":[{"count":0,"href":"https:\/\/www.europesays.com\/es\/wp-json\/wp\/v2\/posts\/745962\/revisions"}],"wp:featuredmedia":[{"embeddable":true,"href":"https:\/\/www.europesays.com\/es\/wp-json\/wp\/v2\/media\/745963"}],"wp:attachment":[{"href":"https:\/\/www.europesays.com\/es\/wp-json\/wp\/v2\/media?parent=745962"}],"wp:term":[{"taxonomy":"category","embeddable":true,"href":"https:\/\/www.europesays.com\/es\/wp-json\/wp\/v2\/categories?post=745962"},{"taxonomy":"post_tag","embeddable":true,"href":"https:\/\/www.europesays.com\/es\/wp-json\/wp\/v2\/tags?post=745962"}],"curies":[{"name":"wp","href":"https:\/\/api.w.org\/{rel}","templated":true}]}}