{"id":745968,"date":"2026-09-03T19:10:10","date_gmt":"2026-09-03T19:10:10","guid":{"rendered":"https:\/\/www.europesays.com\/es\/745968\/"},"modified":"2026-09-03T19:10:10","modified_gmt":"2026-09-03T19:10:10","slug":"vuelta-a-espana-patxi-vila-roglic-esta-mejor-de-lo-esperado-esciclismo","status":"publish","type":"post","link":"https:\/\/www.europesays.com\/es\/745968\/","title":{"rendered":"Vuelta a Espa\u00f1a: Patxi Vila: &quot;Roglic est\u00e1 mejor de lo esperado&quot; &#8211; Esciclismo"},"content":{"rendered":"<ol>\n<li><a href=\"https:\/\/news.google.com\/rss\/articles\/CBMiakFVX3lxTE84azRfRjBiNnhlWjJ2WTRPVk1SZzFRSUIxV2N3dS1rcW1reVVsd29kdktla2V6QUxJdVp5VTVyYVNRWEJuVi1oYUhQcnpRMkQ2YlZVQWNCOVlEZWRDTWwyMFFjTlZJUHBnbVE?oc=5\" target=\"_blank\" rel=\"nofollow noopener\">Vuelta a Espa\u00f1a: Patxi Vila: \u00abRoglic est\u00e1 mejor de lo esperado\u00bb<\/a>&nbsp;&nbsp;Esciclismo<\/li>\n<li><a href=\"https:\/\/news.google.com\/rss\/articles\/CBMid0FVX3lxTE1HT0JyNTJrd2VJSDIzSV9IZC05WG5UN1gxMUdjNU5HYk94Yk9INTQtWVU0V0lQNkVqSU0xM1BKT2pmVWdpaS13ZWVrcGNzLXJaRThxcW1TaUxDOU9rb1d6c2treFU1QjlqTXpyYUlBdExqSmY1dTFJ0gGLAUFVX3lxTFB5SGE1WUdxaGFrd0F4UzhxNXRXVGtMS3VBV1lsbk0yX1J0cDBhc0hYc01WNGlfVWZzRlcyelA1Mm5lX2xLSUhiTjJvWTl2U0piREc5UjBzY0ZGMmotMFVkVHhlZUlHcXY1R0YteVlaQm8td1JMaTB6YldZVzEyV0c4VnF4Zm1QT2M3ckk?oc=5\" target=\"_blank\" rel=\"nofollow noopener\">Mas debe sacar tiempo a Roglic<\/a>&nbsp;&nbsp;Diario AS<\/li>\n<li><a href=\"https:\/\/news.google.com\/rss\/articles\/CBMif0FVX3lxTE9pTEtrWHN4Y2t1Ri1sZTAweFVsOVZvcXEtTWZUV25KcndMVUlOQTBfUHlhcmpjb25UeGxXRmpiUkU3TzlkclJmVDRvRXRiNlB5RjlWRXlXbjA4bHJaZldiOE0ycVg1VUNfZUdIU25OTU5SZXlMVDhuRXpPR0RJWlk?oc=5\" target=\"_blank\" rel=\"nofollow noopener\">\u00abSolo va a mejorar; hasta ahora estaba pr\u00e1cticamente entrenando\u00bb: la advertencia sobre Rogli\u010d que amenaza a Enric Mas<\/a>&nbsp;&nbsp;Brujulabike.com<\/li>\n<li><a href=\"https:\/\/news.google.com\/rss\/articles\/CBMiywFBVV95cUxOQ0gzSkIybm51WGY5LTRBcGxtYXc3d0tOV0hpcFlyOXpyalRsbVFTVjVzM0ZlTE4xRlBrVmZVSlEyYUdtM2hibURTRzI4NzkyNFMtYW9oWVBjZFVscVduelVpdE1kUmZ4SHpiX3VkX3l4N3FpbkFlTWlGUzBMNmhlTnpjOGtmNVEwQUlEUHliTzduTmJ6ekpYLWJQSEU5bExjTTA5NURELTlnOThSLUZrdk03cU5JSTB2UDBKRDNLNUVCaWZ6b0VZV3dFdw?oc=5\" target=\"_blank\" rel=\"nofollow noopener\">Cautela en Movistar; Mas se\u00f1ala a Roglic y Unzu\u00e9 ampl\u00eda la lista: \u201cNo nos olvidemos de Onley y Gall\u201d<\/a>&nbsp;&nbsp;MARCA<\/li>\n<li><a href=\"https:\/\/news.google.com\/rss\/articles\/CBMi9wFBVV95cUxNTjVqSTF6dnR6VmRXLWhKQzg2OXpnWXoxMVZ6ek9uNVVHR2hXeVltYUhMVGxPYlhDNzN3RG5xXzRxUi1TRzQ1by1fVXUwM01ncXkzUkN6Z0lDZjZpTTM3ZVRUX1dXQ0I3OWw4YlR6MlN6U1p3dlAzbHJ2SldYanpxSkJzcmVTMGFsNzZIbVZVdFA0eXp3cFNZeno2NmlZbkc0Zmp2UER2dUZySU9aT3hMdXd2aHhMOFN2UUpDREZ0eTg4dWFoSHdlQWw4ZEpqUUFZZmtnbHd5WW5VNUNGUWRROTZBa1ZRQnQ5OU1OYS1XbkpWSUMwcnBj?oc=5\" target=\"_blank\" rel=\"nofollow noopener\">Primoz Roglic: un ciclista atropellado antes del inicio de la Vuelta que puede sentenciar la prueba en El Puerto de Santa Mar\u00eda<\/a>&nbsp;&nbsp;El Puerto al minuto<\/li>\n<\/ol>\n","protected":false},"excerpt":{"rendered":"Vuelta a Espa\u00f1a: Patxi Vila: \u00abRoglic est\u00e1 mejor de lo esperado\u00bb&nbsp;&nbsp;Esciclismo Mas debe sacar tiempo a Roglic&nbsp;&nbsp;Diario AS&hellip;\n","protected":false},"author":2,"featured_media":745969,"comment_status":"","ping_status":"","sticky":false,"template":"","format":"standard","meta":{"footnotes":""},"categories":[273],"tags":[4205,1136,38996,7479,7478,313,954,312,168,987,2125,411,3569,4021,25,3871,24,1489,947,6686,5138,7480,888,1684,34886,132425,11676,789,6076,905,6260,11677,8643,23,167,16631,33394,2349,3106,13129,1357],"class_list":["post-745968","post","type-post","status-publish","format-standard","has-post-thumbnail","category-ciclismo","tag-accidente","tag-asegura","tag-aspirante","tag-bora","tag-bull","tag-ciclismo","tag-cuatro","tag-cycling","tag-deportes","tag-despues","tag-directo","tag-director","tag-encuentra","tag-enric","tag-es","tag-esloveno","tag-espana","tag-espanol","tag-esperado","tag-finales","tag-ganador","tag-hansgrohe","tag-julio","tag-mejor","tag-patxi","tag-prepar","tag-primoz","tag-puede","tag-quinto","tag-red","tag-rival","tag-roglic","tag-ser","tag-spain","tag-sports","tag-sufrio","tag-tenido","tag-titulo","tag-veces","tag-vila","tag-vuelta"],"share_on_mastodon":{"url":"https:\/\/pubeurope.com\/@es\/117208693352594232","error":""},"_links":{"self":[{"href":"https:\/\/www.europesays.com\/es\/wp-json\/wp\/v2\/posts\/745968","targetHints":{"allow":["GET"]}}],"collection":[{"href":"https:\/\/www.europesays.com\/es\/wp-json\/wp\/v2\/posts"}],"about":[{"href":"https:\/\/www.europesays.com\/es\/wp-json\/wp\/v2\/types\/post"}],"author":[{"embeddable":true,"href":"https:\/\/www.europesays.com\/es\/wp-json\/wp\/v2\/users\/2"}],"replies":[{"embeddable":true,"href":"https:\/\/www.europesays.com\/es\/wp-json\/wp\/v2\/comments?post=745968"}],"version-history":[{"count":0,"href":"https:\/\/www.europesays.com\/es\/wp-json\/wp\/v2\/posts\/745968\/revisions"}],"wp:featuredmedia":[{"embeddable":true,"href":"https:\/\/www.europesays.com\/es\/wp-json\/wp\/v2\/media\/745969"}],"wp:attachment":[{"href":"https:\/\/www.europesays.com\/es\/wp-json\/wp\/v2\/media?parent=745968"}],"wp:term":[{"taxonomy":"category","embeddable":true,"href":"https:\/\/www.europesays.com\/es\/wp-json\/wp\/v2\/categories?post=745968"},{"taxonomy":"post_tag","embeddable":true,"href":"https:\/\/www.europesays.com\/es\/wp-json\/wp\/v2\/tags?post=745968"}],"curies":[{"name":"wp","href":"https:\/\/api.w.org\/{rel}","templated":true}]}}