{"id":745976,"date":"2026-09-03T19:15:14","date_gmt":"2026-09-03T19:15:14","guid":{"rendered":"https:\/\/www.europesays.com\/es\/745976\/"},"modified":"2026-09-03T19:15:14","modified_gmt":"2026-09-03T19:15:14","slug":"el-louvre-selecciona-a-rodrigo-cuevas-para-representar-a-la-cultura-espanola-contemporanea-en-su-programacion-de-otono","status":"publish","type":"post","link":"https:\/\/www.europesays.com\/es\/745976\/","title":{"rendered":"El Louvre selecciona a Rodrigo Cuevas para representar a la cultura espa\u00f1ola contempor\u00e1nea en su programaci\u00f3n de oto\u00f1o"},"content":{"rendered":"<p class=\"ft-text\">El cantante ovetense<a class=\"ft-link ft-link--decoration\" href=\"https:\/\/www.lne.es\/aviles-y-comarca\/castrillon\/2026\/04\/26\/disenador-vestuario-gira-rodrigo-cuevas-129547872.html\" rel=\"nofollow noopener\" target=\"_blank\"> Rodrigo Cuevas<\/a> es <strong>uno de los artistas espa\u00f1oles invitados a participar en la nueva temporada cultural del Museo del Louvre<\/strong>, que comenzar\u00e1 el pr\u00f3ximo d\u00eda 25 y se prolongar\u00e1 hasta junio de 2027. En esta ocasi\u00f3n, la programaci\u00f3n estar\u00e1 dedicada a Espa\u00f1a y a la cultura espa\u00f1ola, con motivo de dos grandes exposiciones que albergar\u00e1 el museo franc\u00e9s de referencia, <strong>una de ellas dedicada a Zurbar\u00e1n y la otra centrada en obras maestras de la escultura espa\u00f1ola<\/strong>, procedentes del Museo de Escultura de Valladolid. Junto a estas muestras art\u00edsticas el museo tambi\u00e9n acoger\u00e1 una serie de eventos para \u00abcelebrar la cultura espa\u00f1ola, incluyendo un ciclo de cine a cargo de la actriz<strong> Rossy de Palma<\/strong>, as\u00ed como conciertos y programas especiales\u201d, anuncian los responsables de la gran pinacoteca gala. Y entre esos conciertos se ha incluido, como destacada referencia de la creaci\u00f3n espa\u00f1ola contempor\u00e1nea,<a class=\"ft-link ft-link--decoration\" href=\"https:\/\/www.lne.es\/asturias\/n-asturianu\/2026\/08\/15\/santander-rodrigo-cuevas-contierto-133342053.html\" rel=\"nofollow noopener\" target=\"_blank\"> al asturiano Rodrigo Cuevas<\/a>.<\/p>\n<p class=\"ft-text\"><strong>La actuaci\u00f3n se Rodrigo Cuevas tendr\u00e1 lugar en el denominado \u201cGran fin de semana de Espa\u00f1a\u201d<\/strong>, que se celebrar\u00e1 entre el 8 y el 13 de diciembre. Rodrigo Cuevas,  al que en el programa del Louvre se define como<strong> \u201cun agitador folkl\u00f3rico inclasificable\u201d<\/strong>, actuar\u00e1 en el auditorio del museo el s\u00e1bado 12 de diciembre a las 21 horas. Ser\u00e1 en un formato \u201c\u00edntimo y cautivador a modo de velada nocturna\u201d, que lleva por t\u00edtulo \u201c<strong>Al pie del llar\u201d<\/strong>. El Louvre considera a Cuevas como \u201c<strong>una de las figuras m\u00e1s singulares del panorama musical espa\u00f1ol contempor\u00e1neo\u201d<\/strong> y subraya c\u00f3mo su arte se mueve <strong>\u201centre la herencia popular asturiana, el humor, la libertad y la inventiva\u201d.<\/strong><\/p>\n<p class=\"ft-text\">Dentro de ese fin de semana espa\u00f1ol, en el que actuar\u00e1 una muestra de relevantes artistas espa\u00f1oles, se incluye tambi\u00e9n el espect\u00e1culo de danza de<strong> Israel Galv\u00e1n<\/strong> bajo la pir\u00e1mide del Louvre, un concierto de <strong>Caama\u00f1o&amp;Ameixeiras<\/strong> y un podcast en directo de<strong> \u201cLas Hijas de Felipe\u201d<\/strong>, donde las doctoras en Literatura <strong>Ana Garriga y Carmen Urbita<\/strong> exploran con humor y erudici\u00f3n las obras, las figuras y el imaginario del Siglo de Oro espa\u00f1ol.<\/p>\n<p>Carta blanca a Rossy de Palma<\/p>\n<p class=\"ft-text\">Este gran oto\u00f1o dedicado en el Louvre a la cultura espa\u00f1ola tambi\u00e9n est\u00e1 previsto <strong>un ciclo de cine en el que la actriz espa\u00f1ola Rossy de Palma, <\/strong><a class=\"ft-link ft-link--decoration\" href=\"https:\/\/www.lne.es\/gijon\/2024\/11\/16\/rossy-palma-celebra-60-raices-111735670.html\" rel=\"nofollow noopener\" target=\"_blank\"><strong>de padre y madre avilesinos<\/strong><\/a><strong>, ha tenido carta blanca para elegir los filmes que se proyectar\u00e1n.<\/strong> Habr\u00e1 diez pel\u00edculas espa\u00f1ola, \u201cobras maestras imprescindibles y joyas por descubrir\u201d. As\u00ed, se proyectar\u00e1n \u201cSevillanas\u201d, de Carlos Saura; \u201cViridiana\u201d, de Luis Bu\u00f1uel; \u201c20.000 especies de abejas\u201d, de Estibaliz Urresola Solaguren; \u201cKika\u201d, de Pedro Almod\u00f3var; \u201cEl viaje a ninguna parte\u201d, Fernando Fern\u00e1n G\u00f3mez; \u201cAmanece, que no es poco\u201d de Jos\u00e9 Luis Cuerda; \u201cEl verdugo\u201d de Luis Garc\u00eda Berlanga; \u201cJam\u00f3n, jam\u00f3n\u201d de Bigas Luna; \u201cEl perro del hortelano\u201d, de Pilar Mir\u00f3 y \u201cEl esp\u00edritu de la colmena\u201d, De V\u00edctor Erice.<\/p>\n<p class=\"ft-text\">Adem\u00e1s, el Museo del Louvre anuncia una \u201ccolaboraci\u00f3n sin precedentes\u201d con la Com\u00e9die-Fran\u00e7aise, con la que organiza una lectura musical de <strong>\u00abEl burlador de Sevilla\u00bb<\/strong>, a obra de Tirso de Molina. Ser\u00e1 6 de noviembre de 2026 en el escenario del Auditorio del museo.<\/p>\n<p>La audacia de Zurbar\u00e1n <\/p>\n<p class=\"ft-text\"><strong>La exposici\u00f3n dedicada a Zurbar\u00e1n se abrir\u00e1 el pr\u00f3ximo 7 de octubre. Es una muestra organizada conjuntamente por el Louvre, la National Gallery de Londres y el Art Institute of Chicago.<\/strong> Podr\u00e1 contemplarse hasta enero de 2027. El prop\u00f3sito de esta exposici\u00f3n, subraya el museo franc\u00e9s, \u00abno es presentar una monogr\u00e1fica exhaustiva, sino m\u00e1s bien ofrecer una selecci\u00f3n ambiciosa de pinturas de primera categor\u00eda, acompa\u00f1ada de referencias hist\u00f3ricas y culturales, que permita admirar la t\u00e9cnica de Zurbar\u00e1n y su audacia en cuestiones formales e iconogr\u00e1ficas\u00bb. La exposici\u00f3n est\u00e1 organizada en siete secciones, \u00absiguiendo una l\u00f3gica cronotem\u00e1tica que hace honor a las distintas etapas\u00bb de la larga carrera de Zurbar\u00e1n. Es una estructura que \u00abse aleja en ocasiones de la l\u00f3gica temporal para proponer agrupaciones de obras\u00bb. Esta muestra \u00abconceder\u00e1 gran importancia a las pinturas monumentales procedentes de encargos mon\u00e1sticos en Andaluc\u00eda, que son las que hicieron c\u00e9lebre a Zurbar\u00e1n, as\u00ed como a los retratos y a las naturalezas muertas\u00bb. Tambi\u00e9n reservar\u00e1 \u00abun lugar destacado a la escasa producci\u00f3n de su hijo Juan de Zurbar\u00e1n\u00bb.<\/p>\n<p>El esplendor de la escultura religiosa espa\u00f1ola<\/p>\n<p class=\"ft-text\"><strong>\u00abEsculpir el color\u00bb es el t\u00edtulo de la obra exposici\u00f3n de arte espa\u00f1ol que se mostrar\u00e1 este oto\u00f1o en el Louvre.<\/strong> Ser\u00e1 entre el 7 de octubre y el 25 de enero de 2027. Ha sido organizada por el Museo del Louvre con la colaboraci\u00f3n del Museo Nacional de Escultura de Valladolid y ocupa el mismo espacio que la monogr\u00e1fica dedicada a Zurbar\u00e1n.  En este caso, \u00abse trata, en su mayor parte, de esculturas religiosas en madera policromada de un naturalismo sobrecogedor, que permiten comprender mejor el contexto cultural y religioso en el que se enmarca la obra de los grandes pintores espa\u00f1oles del mismo periodo, entre los que destacan Zurbar\u00e1n, Vel\u00e1zquez o Murillo, en una \u00e9poca en la que los v\u00ednculos entre la pintura y la escultura eran muy estrechos\u00bb, explica el museo franc\u00e9s en la presentaci\u00f3n de esta nueva programaci\u00f3n.<\/p>\n<p class=\"ft-helper-fontWeight-800 ft-helper-fontColor-black\" style=\"margin-bottom: 16px;\">Con el patrocinio de:<\/p>\n<p>\t\t\t\t\t\t<a href=\"http:\/\/www.fundacioncajastur.es\/\" title=\"Fundaci\u00f3n Cajastur\" target=\"_blank\" rel=\"sponsored nofollow noopener\"><br \/>\n\t\t\t\t\t\t\t<img decoding=\"async\" src=\"https:\/\/www.europesays.com\/es\/wp-content\/uploads\/2026\/09\/cajastur-fundacion-2025.jpg\" alt=\"Fundaci\u00f3n Cajastur\" style=\"width: 100%; max-width: 280px; height: auto;\"\/><br \/>\n\t\t\t\t\t\t<\/a><\/p>\n<p>\t\t\t\t\t\t<a href=\"https:\/\/www.asturias.es\/\" title=\"Principado de Asturias\" target=\"_blank\" rel=\"sponsored nofollow noopener\"><br \/>\n\t\t\t\t\t\t\t<img decoding=\"async\" src=\"https:\/\/www.lne.es\/estaticos\/la-asturias-exterior\/principado-de-asturias.svg?2\" alt=\"Principado de Asturias\" style=\"width: 100%; max-width: 300px; height: auto;\"\/><br \/>\n\t\t\t\t\t\t<\/a><\/p>\n","protected":false},"excerpt":{"rendered":"El cantante ovetense Rodrigo Cuevas es uno de los artistas espa\u00f1oles invitados a participar en la nueva temporada&hellip;\n","protected":false},"author":2,"featured_media":745977,"comment_status":"","ping_status":"","sticky":false,"template":"","format":"standard","meta":{"footnotes":""},"categories":[173],"tags":[229,233,231,230,8865,232,234,146,147,25,24,9212,25653,7106,68444,77886,23],"class_list":["post-745976","post","type-post","status-publish","format-standard","has-post-thumbnail","category-arte-y-diseno","tag-arte","tag-arte-y-diseno","tag-arts","tag-arts-and-design","tag-cuevas","tag-design","tag-diseno","tag-entertainment","tag-entretenimiento","tag-es","tag-espana","tag-louvre","tag-representar","tag-rodrigo","tag-rodrigo-cuevas","tag-selecciona","tag-spain"],"share_on_mastodon":{"url":"https:\/\/pubeurope.com\/@es\/117208712765350545","error":""},"_links":{"self":[{"href":"https:\/\/www.europesays.com\/es\/wp-json\/wp\/v2\/posts\/745976","targetHints":{"allow":["GET"]}}],"collection":[{"href":"https:\/\/www.europesays.com\/es\/wp-json\/wp\/v2\/posts"}],"about":[{"href":"https:\/\/www.europesays.com\/es\/wp-json\/wp\/v2\/types\/post"}],"author":[{"embeddable":true,"href":"https:\/\/www.europesays.com\/es\/wp-json\/wp\/v2\/users\/2"}],"replies":[{"embeddable":true,"href":"https:\/\/www.europesays.com\/es\/wp-json\/wp\/v2\/comments?post=745976"}],"version-history":[{"count":0,"href":"https:\/\/www.europesays.com\/es\/wp-json\/wp\/v2\/posts\/745976\/revisions"}],"wp:featuredmedia":[{"embeddable":true,"href":"https:\/\/www.europesays.com\/es\/wp-json\/wp\/v2\/media\/745977"}],"wp:attachment":[{"href":"https:\/\/www.europesays.com\/es\/wp-json\/wp\/v2\/media?parent=745976"}],"wp:term":[{"taxonomy":"category","embeddable":true,"href":"https:\/\/www.europesays.com\/es\/wp-json\/wp\/v2\/categories?post=745976"},{"taxonomy":"post_tag","embeddable":true,"href":"https:\/\/www.europesays.com\/es\/wp-json\/wp\/v2\/tags?post=745976"}],"curies":[{"name":"wp","href":"https:\/\/api.w.org\/{rel}","templated":true}]}}