{"id":745982,"date":"2026-09-03T19:19:14","date_gmt":"2026-09-03T19:19:14","guid":{"rendered":"https:\/\/www.europesays.com\/es\/745982\/"},"modified":"2026-09-03T19:19:14","modified_gmt":"2026-09-03T19:19:14","slug":"en-puebla-se-vera-macabro-el-monstruo-favorito-hecho-festival","status":"publish","type":"post","link":"https:\/\/www.europesays.com\/es\/745982\/","title":{"rendered":"En Puebla se ver\u00e1 Macabro, el monstruo favorito hecho festival"},"content":{"rendered":"<p style=\"text-align: justify;\"><strong>Macabro<\/strong>, el festival internacional de <strong>cine de horror<\/strong> llega a su edici\u00f3n 25, consolid\u00e1ndose como el proyecto pionero en la difusi\u00f3n del terror y el cine fant\u00e1stico en el pa\u00eds. Este a\u00f1o, una selecci\u00f3n de la programaci\u00f3n llega a<strong> Puebla<\/strong> para compartir el horror y la fantas\u00eda que \u201cno solo nos asustan, sino que nos unen\u201d, como anota la directora y fundadora Edna Campos.<\/p>\n<p style=\"text-align: justify;\">Luego de ocurrir en la Ciudad de M\u00e9xico, <strong>\u201cel monstruo favorito<\/strong>\u201d llega a la Cinemateca <strong>Luis Bu\u00f1uel<\/strong> desde este jueves 3 hasta el s\u00e1bado 5 de septiembre para proyectar cinco filmes: Altona, de los hermanos Aolter; Historias sobrenaturales, de Mauricio Corco; Insecta, de Mart\u00edn Florio; Santa Zeta, de Antonio Mu\u00f1oz de Mesa; y Body Blow, de Dean Francis.<\/p>\n<p style=\"text-align: justify;\">A lo largo de su trayectoria, este <strong>encuentro cinematogr\u00e1fico<\/strong> ha abierto el camino al cine independiente de dicho g\u00e9nero: siendo una plataforma de proyecci\u00f3n, convocando a distintos p\u00fablicos y reafirmando su diversidad.<\/p>\n<p style=\"text-align: justify;\">Asimismo, <a href=\"https:\/\/macabro.mx\/macabro-puebla\/\" target=\"_blank\" rel=\"noopener nofollow\">Macabro<\/a> destaca porque ha dado reconocimiento a diversas figuras clave dentro de la industria del cine de horror, a la par de ser un parteaguas en la manera de programar y concebir este tipo de producciones.<\/p>\n<p style=\"text-align: justify;\">En la edici\u00f3n 2026 hay<strong> 136 pel\u00edculas<\/strong> en exhibici\u00f3n, siendo que 53 son largometrajes, 24 estrenos nacionales, dos estrenos del continente americano, seis mundiales, 84 cortometrajes, 29 filmes mexicanos, que se ver\u00e1n en 21 sedes siendo una de ellas la Cinemateca Luis Bu\u00f1uel.<\/p>\n<p style=\"text-align: justify;\"><strong>Consulta:\u00a0<a href=\"https:\/\/www.lajornadadeoriente.com.mx\/puebla\/el-circuito-cervantino-llegara-a-puebla\/\" rel=\"nofollow noopener\" target=\"_blank\">El Circuito Cervantino llegar\u00e1 a Puebla<\/a><\/strong><\/p>\n<p style=\"text-align: justify;\">En este espacio ubicado al interior de <a href=\"https:\/\/www.facebook.com\/casaculturapuebla\/?locale=es_LA\" target=\"_blank\" rel=\"noopener nofollow\">Casa de Cultura<\/a> -5 Oriente n\u00famero 5, Centro Hist\u00f3rico de Puebla-, el festival Macabro tendr\u00e1 cinco funciones que inician este jueves 3 de septiembre a las 17 horas con Altona, un documental canadiense de <strong>cr\u00edmenes reales<\/strong> dirigido por los hermanos Aolter que \u201cexamina los profundos efectos de un ataque mortal que destroz\u00f3 a una comunidad, y al superviviente que necesit\u00f3 enfrentar a sus demonios para poder superarlos\u201d.<\/p>\n<p style=\"text-align: justify;\">Luego, a las 19 horas, se proyectar\u00e1 Historias sobrenaturales, de <strong>Mauricio Corco<\/strong>, que se presenta como \u201cuna antolog\u00eda de seis historias de terror que exploran el lado oscuro de las<br \/>relaciones. Cada relato usa lo sobrenatural para revelar conflictos internos, miedos, deseos, y emociones reprimidas, forzando a los personajes a enfrentar sus peores miedos\u201d.<\/p>\n<p style=\"text-align: justify;\">Para el viernes <strong>4 de septiembre<\/strong> a las 17 horas tocar\u00e1 el turno a Insecta, de Mart\u00edn Florio, filme que presenta a \u201cuna c\u00e9lebre escritora de novelas de terror que regresa a una finca aislada para despedirse de su padre moribundo, descubriendo que la joven que cuida de su padre sabe m\u00e1s de lo que dice, y que el monstruoso insecto imaginario que la atorment\u00f3 en su infancia acaso sea m\u00e1s real de lo que pensaba\u201d.<\/p>\n<p style=\"text-align: justify;\">El mismo d\u00eda, pero a las 19 horas, se presentar\u00e1 el programa de Ganadores de <strong>Caostica MX<\/strong> que incluye una conversaci\u00f3n con Xabi Uria, director del festival.<\/p>\n<p>Para el s\u00e1bado <strong>5 de septiembre<\/strong> a las 17 horas, Macabro continuar\u00e1 con Santa Zeta, del espa\u00f1ol Antonio Mu\u00f1oz de Mesa, filme que retrata a Zoe, una influencer de viajes con millones de seguidores que recorre el planeta, quien se convierte en una justiciera al caer la noche embarc\u00e1ndose en una caza a lo largo de tres continentes: de Se\u00fal a Los \u00c1ngeles, hasta su propio pueblo en Espa\u00f1a.<\/p>\n<p>El festival cerrar\u00e1 el mismo s\u00e1bado a las 19 horas con <strong>Body Blow<\/strong>, de Dean Francis, producci\u00f3n australiana que cuenta la historia de un polic\u00eda novato que se infiltra en el submundo criminal, vi\u00e9ndose atrapado en una trama de corrupci\u00f3n y peligro que lo aleja de su misi\u00f3n original.<\/p>\n<p style=\"text-align: justify;\">Las proyecciones de Macabro en la Cinemateca Luis Bu\u00f1uel son<strong> gratuitas<\/strong>, pero con cupo limitado.<\/p>\n<p style=\"text-align: justify;\"><strong>Lee:\u00a0<a href=\"https:\/\/www.lajornadadeoriente.com.mx\/puebla\/malsueno-14-anos-de-abrir-el-horizonte-cinematografico-del-horror\/\" rel=\"nofollow noopener\" target=\"_blank\">Malsue\u00f1o: 14 a\u00f1os de abrir el horizonte cinematogr\u00e1fico del horror<\/a><\/strong><\/p>\n<p>\u00a0<\/p>\n","protected":false},"excerpt":{"rendered":"Macabro, el festival internacional de cine de horror llega a su edici\u00f3n 25, consolid\u00e1ndose como el proyecto pionero&hellip;\n","protected":false},"author":2,"featured_media":745983,"comment_status":"","ping_status":"","sticky":false,"template":"","format":"standard","meta":{"footnotes":""},"categories":[169],"tags":[177,3951,59127,132427,146,147,25,24,132428,176,63791,132429,175,23104,23],"class_list":["post-745982","post","type-post","status-publish","format-standard","has-post-thumbnail","category-cine","tag-cine","tag-cine-de-terror","tag-cine-fantastico","tag-cinemateca-luis-bunuel","tag-entertainment","tag-entretenimiento","tag-es","tag-espana","tag-festival-de-cine-en-puebla","tag-film","tag-macabro","tag-macabro-2026","tag-movies","tag-peliculas-de-terror","tag-spain"],"share_on_mastodon":{"url":"https:\/\/pubeurope.com\/@es\/117208728716153409","error":""},"_links":{"self":[{"href":"https:\/\/www.europesays.com\/es\/wp-json\/wp\/v2\/posts\/745982","targetHints":{"allow":["GET"]}}],"collection":[{"href":"https:\/\/www.europesays.com\/es\/wp-json\/wp\/v2\/posts"}],"about":[{"href":"https:\/\/www.europesays.com\/es\/wp-json\/wp\/v2\/types\/post"}],"author":[{"embeddable":true,"href":"https:\/\/www.europesays.com\/es\/wp-json\/wp\/v2\/users\/2"}],"replies":[{"embeddable":true,"href":"https:\/\/www.europesays.com\/es\/wp-json\/wp\/v2\/comments?post=745982"}],"version-history":[{"count":0,"href":"https:\/\/www.europesays.com\/es\/wp-json\/wp\/v2\/posts\/745982\/revisions"}],"wp:featuredmedia":[{"embeddable":true,"href":"https:\/\/www.europesays.com\/es\/wp-json\/wp\/v2\/media\/745983"}],"wp:attachment":[{"href":"https:\/\/www.europesays.com\/es\/wp-json\/wp\/v2\/media?parent=745982"}],"wp:term":[{"taxonomy":"category","embeddable":true,"href":"https:\/\/www.europesays.com\/es\/wp-json\/wp\/v2\/categories?post=745982"},{"taxonomy":"post_tag","embeddable":true,"href":"https:\/\/www.europesays.com\/es\/wp-json\/wp\/v2\/tags?post=745982"}],"curies":[{"name":"wp","href":"https:\/\/api.w.org\/{rel}","templated":true}]}}