{"id":745994,"date":"2026-09-03T19:25:33","date_gmt":"2026-09-03T19:25:33","guid":{"rendered":"https:\/\/www.europesays.com\/es\/745994\/"},"modified":"2026-09-03T19:25:33","modified_gmt":"2026-09-03T19:25:33","slug":"iran-ataca-objetivos-de-eeuu-en-kuwait-pese-a-las-amenazas-de-trump","status":"publish","type":"post","link":"https:\/\/www.europesays.com\/es\/745994\/","title":{"rendered":"Ir\u00e1n ataca objetivos de EEUU en Kuwait pese a las amenazas de Trump"},"content":{"rendered":"<p>    <img src=\"https:\/\/www.europesays.com\/es\/wp-content\/uploads\/2026\/09\/1788463533_731_2026-09-02T023A243A10Z-91989936.jpg\" width=\"1024\" height=\"682\" alt=\"\" loading=\"eager\" decoding=\"sync\" fetchpriority=\"high\"\/><\/p>\n<p>            afp_tickers        <\/p>\n<p>        Este contenido fue publicado en    <\/p>\n<p>        03 septiembre 2026 &#8211; 20:44\n<\/p>\n<p>Ir\u00e1n volvi\u00f3 a atacar este jueves objetivos militares estadounidenses en Kuwait, haciendo caso omiso de las amenazas del presidente Donald Trump.\u00a0<\/p>\n<p>Las hostilidades se reanudaron el domingo tras un mes de tregua.<\/p>\n<p>El ej\u00e9rcito de Kuwait afirm\u00f3 haber interceptado un ataque procedente de Ir\u00e1n, que reconoci\u00f3 haber lanzado \u00abmisiles y drones\u00bb contra la base a\u00e9rea de Ahmad al Jaber.<\/p>\n<p>El ej\u00e9rcito iran\u00ed tambi\u00e9n asegur\u00f3 haber golpeado la base a\u00e9rea de Al Minhad, en los Emiratos \u00c1rabes Unidos, pero este pa\u00eds del Golfo no dio cuenta de ello.<\/p>\n<p>La v\u00edspera, Ir\u00e1n prometi\u00f3 hacer \u00abpedazos\u00bb al enemigo estadounidense, luego de ataques a su territorio que golpearon varios objetivos, incluida una boda.\u00a0<\/p>\n<p>Seg\u00fan Teher\u00e1n, los bombardeos dejaron un total de 19 muertos, entre ellos siete miembros de las fuerzas armadas y tambi\u00e9n civiles.<\/p>\n<p>Cuatro de las v\u00edctimas asist\u00edan a unas nupcias en el distrito de Sirik, en el sureste del pa\u00eds, donde cerca de 70 personas resultaron heridas seg\u00fan los medios estatales.<\/p>\n<p>\u00a0<\/p>\n<p>\u2013 \u00abRealmente angustiosos\u00bb \u2013<\/p>\n<p>Los iran\u00edes est\u00e1n consternados por la vuelta de las hostilidades.\u00a0<\/p>\n<p>Hosein Moazami, de 50 a\u00f1os, calific\u00f3 los ataques de \u00abrealmente angustiosos\u00bb.\u00a0<\/p>\n<p>\u00abEspero que todos vuelvan a la mesa de negociaciones porque los \u00fanicos que sufren son los iran\u00edes\u00bb, dijo. \u00abLos estadounidenses est\u00e1n al otro lado del mundo y no les pasa nada\u00bb, coment\u00f3.<\/p>\n<p>En este escenario, los mercados del petr\u00f3leo acusaron el golpe con subidas que llevaron el precio del barril de Brent del Mar del Norte para entrega en noviembre a m\u00e1s de 97 d\u00f3lares.<\/p>\n<p>Teher\u00e1n advirti\u00f3 el mi\u00e9rcoles que aplicar\u00e1 una \u00abnueva estrategia\u00bb en la guerra.<\/p>\n<p>El principal negociador y presidente del Parlamento iran\u00ed, Mohamad Baqer Qalibaf, calific\u00f3 a Estados Unidos de \u00abSat\u00e1n\u00bb tras denunciar el ataque a la boda, calificado por el portavoz de la diplomacia iran\u00ed, Esmail Baqai, de \u00abcrimen de guerra\u00bb.<\/p>\n<p>\u00a0<\/p>\n<p>\u2013 \u00abExtremadamente esc\u00e9ptico\u00bb \u2013<\/p>\n<p>El vicepresidente estadounidense, JD Vance, afirm\u00f3 el jueves que se est\u00e1 \u00abinvestigando\u00bb lo sucedido en la boda pero que \u00e9l se muestra \u00abextremadamente esc\u00e9ptico al respecto\u00bb.\u00a0<\/p>\n<p>Vance argument\u00f3 que \u00ablos medios estatales iran\u00edes no han sido cronistas fieles de lo que ha sucedido en el conflicto hasta ahora\u00bb.<\/p>\n<p>El jefe de los Guardianes de la Revoluci\u00f3n iran\u00ed prometi\u00f3 venganza.<\/p>\n<p>\u00abLa sangre pura de estos m\u00e1rtires (\u2026) no quedar\u00e1 impune y sin duda ser\u00e1 vengada\u00bb, afirm\u00f3 este jueves Ahmad Vahidi en un comunicado difundido por la televisi\u00f3n estatal.<\/p>\n<p>Desde que empez\u00f3 el conflicto, Ir\u00e1n ha bloqueado el estrecho de Ormuz, donde la actividad comercial, salvo en ocasiones puntuales, ha estado bajo m\u00ednimos.\u00a0<\/p>\n<p>Por esa v\u00eda mar\u00edtima transitaban antes de la guerra el 20% de las exportaciones mundiales de petr\u00f3leo y gas natural licuado.<\/p>\n<p>Vance asegur\u00f3 que el flujo de petr\u00f3leo a trav\u00e9s de esta v\u00eda mar\u00edtima ha regresado casi \u00abal nivel\u00bb anterior a la guerra.<\/p>\n<p>El presidente estadounidense propuso el mi\u00e9rcoles rebautizarlo como \u00abestrecho de Trump\u00bb, pero luego dio a entender que no hablaba en serio ante una pregunta de la AFP al respecto.<\/p>\n<p>La guerra en Oriente Medio comenz\u00f3 a finales de febrero con la ofensiva estadounidense e israel\u00ed contra Ir\u00e1n, que mat\u00f3 el primer d\u00eda a su l\u00edder supremo, el ayatol\u00e1 Al\u00ed Jamenei.\u00a0<\/p>\n<p>El primer ministro israel\u00ed, Benjamin Netanyahu, consider\u00f3 que el gobierno iran\u00ed podr\u00eda caer pronto.<\/p>\n<p>\u00abEstoy convencido de que podemos eliminar esta amenaza de una vez por todas, es decir, derrocar a este r\u00e9gimen. Esa es la tarea central que a\u00fan tenemos por delante, pero est\u00e1 cerca. No es imposible. Est\u00e1 al alcance de la mano\u00bb, declar\u00f3 este jueves.<\/p>\n<p>Como parte de su promesa de someter a la rep\u00fablica isl\u00e1mica a una \u00abasfixia\u00bb econ\u00f3mica, Washington impuso un bloqueo a los puertos iran\u00edes y, recientemente, una nueva ronda de sanciones secundarias contra los socios comerciales de Teher\u00e1n.<\/p>\n<p>Por otro lado, un equipo de investigadores de la ONU inst\u00f3 a Ir\u00e1n a retirar de inmediato un proyecto de ley, actualmente en el Parlamento, que podr\u00eda derivar en d\u00e9cadas de prisi\u00f3n para quienes se comuniquen con personas o entidades extranjeras.<\/p>\n<p>El grupo advirti\u00f3 que constituye \u00abuna peligrosa escalada en la represi\u00f3n de las libertades fundamentales y en el aislamiento de los iran\u00edes de la comunidad internacional\u00bb.<\/p>\n<p>burs\/th\/jfx\/vel-arm-ahg-jvb-erl\/an<\/p>\n","protected":false},"excerpt":{"rendered":"afp_tickers Este contenido fue publicado en 03 septiembre 2026 &#8211; 20:44 Ir\u00e1n volvi\u00f3 a atacar este jueves objetivos&hellip;\n","protected":false},"author":2,"featured_media":745995,"comment_status":"","ping_status":"","sticky":false,"template":"","format":"standard","meta":{"footnotes":""},"categories":[42],"tags":[635,17,18,82,636,83,13,14,11,61,62,63,86,64,19,20,9,10,15,16,88,90,12,21,22,3191,65,66,67],"class_list":["post-745994","post","type-post","status-publish","format-standard","has-post-thumbnail","category-internacional","tag-armed-conflict","tag-breaking-news","tag-breakingnews","tag-business","tag-conflict","tag-diplomacy","tag-featured-news","tag-featurednews","tag-headlines","tag-internacional","tag-international","tag-international-news","tag-international-relations","tag-internationalnews","tag-latest-news","tag-latestnews","tag-news","tag-noticias","tag-noticias-destacadas","tag-noticiasdestacadas","tag-politics","tag-ticker","tag-titulares","tag-ultimas-noticias","tag-ultimasnoticias","tag-war","tag-world","tag-world-news","tag-worldnews"],"share_on_mastodon":{"url":"https:\/\/pubeurope.com\/@es\/117208752957440219","error":""},"_links":{"self":[{"href":"https:\/\/www.europesays.com\/es\/wp-json\/wp\/v2\/posts\/745994","targetHints":{"allow":["GET"]}}],"collection":[{"href":"https:\/\/www.europesays.com\/es\/wp-json\/wp\/v2\/posts"}],"about":[{"href":"https:\/\/www.europesays.com\/es\/wp-json\/wp\/v2\/types\/post"}],"author":[{"embeddable":true,"href":"https:\/\/www.europesays.com\/es\/wp-json\/wp\/v2\/users\/2"}],"replies":[{"embeddable":true,"href":"https:\/\/www.europesays.com\/es\/wp-json\/wp\/v2\/comments?post=745994"}],"version-history":[{"count":0,"href":"https:\/\/www.europesays.com\/es\/wp-json\/wp\/v2\/posts\/745994\/revisions"}],"wp:featuredmedia":[{"embeddable":true,"href":"https:\/\/www.europesays.com\/es\/wp-json\/wp\/v2\/media\/745995"}],"wp:attachment":[{"href":"https:\/\/www.europesays.com\/es\/wp-json\/wp\/v2\/media?parent=745994"}],"wp:term":[{"taxonomy":"category","embeddable":true,"href":"https:\/\/www.europesays.com\/es\/wp-json\/wp\/v2\/categories?post=745994"},{"taxonomy":"post_tag","embeddable":true,"href":"https:\/\/www.europesays.com\/es\/wp-json\/wp\/v2\/tags?post=745994"}],"curies":[{"name":"wp","href":"https:\/\/api.w.org\/{rel}","templated":true}]}}