{"id":745996,"date":"2026-09-03T19:26:19","date_gmt":"2026-09-03T19:26:19","guid":{"rendered":"https:\/\/www.europesays.com\/es\/745996\/"},"modified":"2026-09-03T19:26:19","modified_gmt":"2026-09-03T19:26:19","slug":"madrid-anuncia-que-no-acudira-a-la-reunion-del-consejo-de-politica-fiscal-y-financiera-de-este-viernes-y-anima-al-resto-de-comunidades-gobernadas-por-el-pp-a-hacer-lo-mismo-politica","status":"publish","type":"post","link":"https:\/\/www.europesays.com\/es\/745996\/","title":{"rendered":"Madrid anuncia que no acudir\u00e1 a la reuni\u00f3n del Consejo de Pol\u00edtica Fiscal y Financiera de este viernes y anima al resto de comunidades gobernadas por el PP a hacer lo mismo | Pol\u00edtica"},"content":{"rendered":"<p class=\"loc\">Madrid<\/p>\n<p>El Gobierno de Isabel D\u00edaz Ayuso cree que el plant\u00f3n de todas las comunidades gobernadas por el Partido Popular ser\u00eda la \u00fanica manera de evitar que el acuerdo no pueda materializarse ma\u00f1ana. En su opini\u00f3n, el nuevo modelo planteado por Hacienda supone la ruptura de la igualdad de todos los espa\u00f1oles y el blanqueamiento de lo que califican como corrupci\u00f3n econ\u00f3mica y pol\u00edtica de los gestores de la Generalitat en las \u00faltimas d\u00e9cadas.<\/p>\n<p>La posici\u00f3n de Madrid, a\u00f1aden en el equipo de Ayuso, se ha debatido en los foros internos del Partido Popular y la decisi\u00f3n de no asistir se ha comunicado a la direcci\u00f3n nacional de Feij\u00f3o. Lo que no concretan es si otras comunidades han decidido ya secundar su boicot al encuentro.<\/p>\n<p>El Ministerio de Hacienda ha convocado ma\u00f1ana el Consejo de Pol\u00edtica Fiscal y Financiera para que vote el nuevo sistema ideado para sustituir al vigente, que se deber\u00eda haber renovado hace m\u00e1s de una d\u00e9cada.<\/p>\n<p>La consejera de Hacienda de la Comunidad de Madrid, Roc\u00edo Albert, no asistir\u00e1 ma\u00f1ana al Consejo de Pol\u00edtica Fiscal y Financiera (CPFF), que va a reunir a sus hom\u00f3logos del resto de comunidades aut\u00f3nomas y a los responsables del Ministerio de Hacienda para votar el nuevo modelo de financiaci\u00f3n auton\u00f3mica. Lo ha confirmado a primera hora de la tarde de este jueves el Gobierno de Isabel D\u00edaz Ayuso, que anima al resto de regiones gobernadas por el Partido Popular a seguir su ejemplo.<\/p>\n<p>\u00abLa \u00fanica manera de que este acuerdo no pueda materializarse ma\u00f1ana en el CPFF es que no haya qu\u00f3rum en la reuni\u00f3n\u00bb, destaca el Gobierno madrile\u00f1o en su comunicado. Isabel D\u00edaz Ayuso, adem\u00e1s, le se\u00f1ala el camino al resto de sus compa\u00f1eros: \u00abLa ausencia de todas las comunidades aut\u00f3nomas gobernadas por el PP supondr\u00eda la paralizaci\u00f3n de esta ruptura de la igualdad de todos los espa\u00f1oles y del blanqueamiento de la corrupci\u00f3n econ\u00f3mica y pol\u00edtica de los gestores de la Generalitat de Catalu\u00f1a en las \u00faltimas d\u00e9cadas\u00bb, indica.<\/p>\n<p>La Comunidad de Madrid no indica si alguna otra regi\u00f3n va a secundar su boicot, aunque asegura que esta posici\u00f3n ha sido abordada con el resto de consejeros auton\u00f3micos conservadores. La decisi\u00f3n, seg\u00fan Sol, se ha tomado tras informar a G\u00e9nova. \u00abLa Comunidad de Madrid ha trasladado su posici\u00f3n durante estos d\u00edas a la direcci\u00f3n nacional del partido\u00bb, reza su comunicado. La aclaraci\u00f3n en s\u00ed misma ya es significativa porque no ser\u00eda la primera vez que una decisi\u00f3n unilateral de la lideresa madrile\u00f1a solivianta al equipo de N\u00fa\u00f1ez Feij\u00f3o y, sobre todo, al resto de barones populares.<\/p>\n<p>El equipo de Isabel D\u00edaz Ayuso se opone desde el primer momento al nuevo sistema de financiaci\u00f3n auton\u00f3mica. \u00abLo han pactado de manera bilateral y de espaldas al resto de comunidades aut\u00f3nomas el Gobierno de Pedro S\u00e1nchez con el Gobierno de Catalu\u00f1a\u00bb.<\/p>\n","protected":false},"excerpt":{"rendered":"Madrid El Gobierno de Isabel D\u00edaz Ayuso cree que el plant\u00f3n de todas las comunidades gobernadas por el&hellip;\n","protected":false},"author":2,"featured_media":745997,"comment_status":"","ping_status":"","sticky":false,"template":"","format":"standard","meta":{"footnotes":""},"categories":[8],"tags":[17,18,25,24,13,14,11,19,20,9,10,15,16,23,12,21,22],"class_list":["post-745996","post","type-post","status-publish","format-standard","has-post-thumbnail","category-espana","tag-breaking-news","tag-breakingnews","tag-es","tag-espana","tag-featured-news","tag-featurednews","tag-headlines","tag-latest-news","tag-latestnews","tag-news","tag-noticias","tag-noticias-destacadas","tag-noticiasdestacadas","tag-spain","tag-titulares","tag-ultimas-noticias","tag-ultimasnoticias"],"share_on_mastodon":{"url":"https:\/\/pubeurope.com\/@es\/117208756520163516","error":""},"_links":{"self":[{"href":"https:\/\/www.europesays.com\/es\/wp-json\/wp\/v2\/posts\/745996","targetHints":{"allow":["GET"]}}],"collection":[{"href":"https:\/\/www.europesays.com\/es\/wp-json\/wp\/v2\/posts"}],"about":[{"href":"https:\/\/www.europesays.com\/es\/wp-json\/wp\/v2\/types\/post"}],"author":[{"embeddable":true,"href":"https:\/\/www.europesays.com\/es\/wp-json\/wp\/v2\/users\/2"}],"replies":[{"embeddable":true,"href":"https:\/\/www.europesays.com\/es\/wp-json\/wp\/v2\/comments?post=745996"}],"version-history":[{"count":0,"href":"https:\/\/www.europesays.com\/es\/wp-json\/wp\/v2\/posts\/745996\/revisions"}],"wp:featuredmedia":[{"embeddable":true,"href":"https:\/\/www.europesays.com\/es\/wp-json\/wp\/v2\/media\/745997"}],"wp:attachment":[{"href":"https:\/\/www.europesays.com\/es\/wp-json\/wp\/v2\/media?parent=745996"}],"wp:term":[{"taxonomy":"category","embeddable":true,"href":"https:\/\/www.europesays.com\/es\/wp-json\/wp\/v2\/categories?post=745996"},{"taxonomy":"post_tag","embeddable":true,"href":"https:\/\/www.europesays.com\/es\/wp-json\/wp\/v2\/tags?post=745996"}],"curies":[{"name":"wp","href":"https:\/\/api.w.org\/{rel}","templated":true}]}}