{"id":746004,"date":"2026-09-03T19:33:21","date_gmt":"2026-09-03T19:33:21","guid":{"rendered":"https:\/\/www.europesays.com\/es\/746004\/"},"modified":"2026-09-03T19:33:21","modified_gmt":"2026-09-03T19:33:21","slug":"el-cole-se-retrasa-hasta-el-viernes-11-en-el-puerto-por-el-paso-de-la-vuelta-ciclista","status":"publish","type":"post","link":"https:\/\/www.europesays.com\/es\/746004\/","title":{"rendered":"El cole se retrasa hasta el viernes 11 en El Puerto por el paso de la vuelta ciclista"},"content":{"rendered":"<p class=\"paragraph-atom&#10;        &#10;        B-510-400-550-N B-525-400-700-N--md&#10;        &#10;        \">\n    El Puerto vivir\u00e1 la jornada de <strong>vuelta al cole el pr\u00f3ximo viernes 11 de septiembre<\/strong>, un d\u00eda despu\u00e9s de lo que marca el calendario escolar, despu\u00e9s de que la Consejer\u00eda de Desarrollo Educativo y Formaci\u00f3n Profesional de la <strong>Junta de Andaluc\u00eda <\/strong>haya autorizado la modificaci\u00f3n del calendario escolar solicitada por el Ayuntamiento.\n    <\/p>\n<p class=\"paragraph-atom&#10;        &#10;        B-510-400-550-N B-525-400-700-N--md&#10;        &#10;        \">\n    La medida permitir\u00e1 que las familias puedan participar<a href=\"https:\/\/www.diariodecadiz.es\/elpuerto\/siguen-preparativos-cara-etapa-vuelta_0_2007794766.html\" target=\"_blank\" rel=\"nofollow noopener\"> en la salida de la etapa 18 de La Vuelta a Espa\u00f1a 2026 desde El Puerto<\/a>, un acontecimiento que convertir\u00e1 por primera vez a la ciudad en punto de partida de una etapa de la ronda espa\u00f1ola.\n    <\/p>\n<p class=\"paragraph-atom&#10;        &#10;        B-510-400-550-N B-525-400-700-N--md&#10;        &#10;        \">\n    Pero, adem\u00e1s, el d\u00eda no lectivo permitir\u00e1 facilitar la organizaci\u00f3n de la ciudad ante las<strong> afecciones y cortes de tr\u00e1fico <\/strong>que ser\u00e1n necesarios con motivo de la celebraci\u00f3n de la etapa, reduciendo los desplazamientos habituales hacia los centros educativos y contribuyendo as\u00ed a evitar mayores dificultades de circulaci\u00f3n durante una jornada excepcional.\n    <\/p>\n<p class=\"paragraph-atom&#10;        &#10;        B-510-400-550-N B-525-400-700-N--md&#10;        &#10;        \">\n    \u201cQuer\u00edamos que los portuenses pudieran vivir La Vuelta y, al mismo tiempo, que la ciudad estuviera mejor preparada para una jornada que va a requerir una importante planificaci\u00f3n de tr\u00e1fico y movilidad. Que el 10 de septiembre no sea lectivo facilita que muchas familias puedan disfrutar de la etapa y tambi\u00e9n nos ayuda a <strong>minimizar los desplazamientos<\/strong> y las afecciones a la circulaci\u00f3n\u201d, ha explicado el alcalde, <strong>Germ\u00e1n Beardo.<\/strong>\n    <\/p>\n<p class=\"paragraph-atom&#10;        &#10;        B-510-400-550-N B-525-400-700-N--md&#10;        &#10;        \">\n    El primer edil ha animado a los portuenses a salir a la calle, acompa\u00f1ar a los corredores y participar en este acontecimiento, que situar\u00e1 a El Puerto como protagonista de una de las grandes citas deportivas del a\u00f1o. \u201c<strong>El 10 de septiembre vamos a hacer historia<\/strong>. Queremos que El Puerto salga a la calle, que las familias puedan vivir La Vuelta y que, al mismo tiempo, tengamos una ciudad organizada y preparada para acogerla\u201d, ha concluido.\n    <\/p>\n<p class=\"paragraph-atom&#10;        &#10;        B-510-400-550-N B-525-400-700-N--md&#10;        &#10;        \">\n    As\u00ed mismo el Ayuntamiento ultima la puesta a punto de los entornos escolares de cara al inicio del curso, con actuaciones destinadas a <strong>mejorar la visibilidad de los pasos de peatones <\/strong>y reforzar la seguridad vial en los accesos a los centros educativos.\n    <\/p>\n<p class=\"paragraph-atom&#10;        &#10;        B-510-400-550-N B-525-400-700-N--md&#10;        &#10;        \">\n    Como principal novedad, el Ayuntamiento est\u00e1 incorporando <strong>grandes l\u00e1pices en los postes de se\u00f1alizaci\u00f3n situados junto a los pasos de peatones de los centros educativos<\/strong>, un elemento visual y reconocible que busca captar la atenci\u00f3n de los conductores y reforzar el mensaje de precauci\u00f3n en zonas especialmente sensibles.\n    <\/p>\n<p class=\"paragraph-atom&#10;        &#10;        B-510-400-550-N B-525-400-700-N--md&#10;        &#10;        \">\n    \u201cQueremos que la vuelta al cole sea segura para nuestros ni\u00f1os y ni\u00f1as y que los conductores identifiquen claramente que est\u00e1n entrando en un entorno escolar, donde hay que extremar la precauci\u00f3n\u201d, ha se\u00f1alado  Beardo.\n    <\/p>\n<p class=\"paragraph-atom&#10;        &#10;        B-510-400-550-N B-525-400-700-N--md&#10;        &#10;        \">\n    El alcalde ha destacado que estos nuevos elementos cumplen una doble funci\u00f3n, tanto est\u00e9tica como de seguridad: \u201cAdem\u00e1s de darle una imagen diferente y m\u00e1s escolar a nuestras calles, estos l\u00e1pices hacen m\u00e1s visibles los pasos de peatones y nos ayudan a recordar algo muy importante: aqu\u00ed hay ni\u00f1os y aqu\u00ed tenemos que<strong> extremar la atenci\u00f3n\u201d<\/strong>.\n    <\/p>\n<p class=\"paragraph-atom&#10;        &#10;        B-510-400-550-N B-525-400-700-N--md&#10;        &#10;        \">\n    A estas actuaciones se suma la puesta a punto de la se\u00f1alizaci\u00f3n vial en los alrededores de los centros educativos, dentro de los trabajos municipales destinados a mejorar la movilidad y hacer m\u00e1s seguros los desplazamientos de los escolares y sus familias.\n    <\/p>\n<p class=\"paragraph-atom&#10;        &#10;        B-510-400-550-N B-525-400-700-N--md&#10;        &#10;        \">\n    \u201cEstamos cuidando todos los detalles para que nuestros colegios y sus entornos est\u00e9n preparados para el comienzo del curso. Cada paso de peatones bien se\u00f1alizado y cada elemento que nos ayude a llamar la atenci\u00f3n de los conductores contribuye a mejorar la seguridad y la tranquilidad de las familias\u201d, ha a\u00f1adido el alcalde.\n    <\/p>\n<p class=\"paragraph-atom&#10;        &#10;        B-510-400-550-N B-525-400-700-N--md&#10;        &#10;        \">\n    Con la puesta a punto de los entornos escolares y la adaptaci\u00f3n del calendario El Puerto afronta el inicio del curso reforzando la seguridad vial y planificando  la movilidad de una jornada excepcional para la ciudad, facilitando que los portuenses puedan disfrutar de <strong>La Vuelta <\/strong>con las menores afecciones posibles.\n    <\/p>\n","protected":false},"excerpt":{"rendered":"El Puerto vivir\u00e1 la jornada de vuelta al cole el pr\u00f3ximo viernes 11 de septiembre, un d\u00eda despu\u00e9s&hellip;\n","protected":false},"author":2,"featured_media":746005,"comment_status":"","ping_status":"","sticky":false,"template":"","format":"standard","meta":{"footnotes":""},"categories":[273],"tags":[11919,313,16092,312,168,25,24,4032,39575,23,167,381],"class_list":["post-746004","post","type-post","status-publish","format-standard","has-post-thumbnail","category-ciclismo","tag-11919","tag-ciclismo","tag-cole","tag-cycling","tag-deportes","tag-es","tag-espana","tag-puerto","tag-retrasa","tag-spain","tag-sports","tag-viernes"],"share_on_mastodon":{"url":"https:\/\/pubeurope.com\/@es\/117208783756575064","error":""},"_links":{"self":[{"href":"https:\/\/www.europesays.com\/es\/wp-json\/wp\/v2\/posts\/746004","targetHints":{"allow":["GET"]}}],"collection":[{"href":"https:\/\/www.europesays.com\/es\/wp-json\/wp\/v2\/posts"}],"about":[{"href":"https:\/\/www.europesays.com\/es\/wp-json\/wp\/v2\/types\/post"}],"author":[{"embeddable":true,"href":"https:\/\/www.europesays.com\/es\/wp-json\/wp\/v2\/users\/2"}],"replies":[{"embeddable":true,"href":"https:\/\/www.europesays.com\/es\/wp-json\/wp\/v2\/comments?post=746004"}],"version-history":[{"count":0,"href":"https:\/\/www.europesays.com\/es\/wp-json\/wp\/v2\/posts\/746004\/revisions"}],"wp:featuredmedia":[{"embeddable":true,"href":"https:\/\/www.europesays.com\/es\/wp-json\/wp\/v2\/media\/746005"}],"wp:attachment":[{"href":"https:\/\/www.europesays.com\/es\/wp-json\/wp\/v2\/media?parent=746004"}],"wp:term":[{"taxonomy":"category","embeddable":true,"href":"https:\/\/www.europesays.com\/es\/wp-json\/wp\/v2\/categories?post=746004"},{"taxonomy":"post_tag","embeddable":true,"href":"https:\/\/www.europesays.com\/es\/wp-json\/wp\/v2\/tags?post=746004"}],"curies":[{"name":"wp","href":"https:\/\/api.w.org\/{rel}","templated":true}]}}