{"id":746006,"date":"2026-09-03T19:35:19","date_gmt":"2026-09-03T19:35:19","guid":{"rendered":"https:\/\/www.europesays.com\/es\/746006\/"},"modified":"2026-09-03T19:35:19","modified_gmt":"2026-09-03T19:35:19","slug":"sekou-doumbouya-refuerza-el-juego-interior-de-recoletas-salud-sp-burgos","status":"publish","type":"post","link":"https:\/\/www.europesays.com\/es\/746006\/","title":{"rendered":"Sekou Doumbouya refuerza el juego interior de Recoletas Salud SP Burgos"},"content":{"rendered":"<p class=\"ContentTypeText-module-scss-module__t80MYq__content__paragraph\"><strong>Sekou Doumbouya<\/strong> (23\/12\/2000, Conakri, Rep\u00fablica de Guinea) se suma al Recoletas Salud San Pablo Burgos para competir en la temporada 2026\/27 de Liga Endesa. El interior de 2,06m cuenta con experiencia en la liga dom\u00e9stica, donde compiti\u00f3 una campa\u00f1a junto a MoraBanc Andorra.<\/p>\n<p class=\"ContentTypeText-module-scss-module__t80MYq__content__paragraph\">El jugador comenz\u00f3 su trayectoria profesional en Francia, donde form\u00f3 parte del P\u00f4le France, de Poitiers y de Limoges CSP, en una etapa que se extendi\u00f3 desde 2015 hasta 2019. Fue entonces cuando Doumbouya dio el salto a Estados Unidos, donde compiti\u00f3 en la G League con Grand Rapids Drive y con Detroit Pistons en la NBA.<\/p>\n<p class=\"ContentTypeText-module-scss-module__t80MYq__content__paragraph\">En la temporada 2021\/22, el guineano continu\u00f3 en el pa\u00eds norteamericano combinando su participaci\u00f3n en la plantilla de Los Angeles Lakers en la NBA y en los South Bay Lakers de la G League. En el curso posterior, se incorpor\u00f3 a Delaware Blue Coats, tambi\u00e9n en la liga de desarrollo.<\/p>\n<p class=\"ContentTypeText-module-scss-module__t80MYq__content__paragraph\">Tras su paso por Estados Unidos, el interior retorn\u00f3 a Francia, donde disput\u00f3 una campa\u00f1a con el Chorale Roanne de la primera divisi\u00f3n, antes de firmar por MoraBanc Andorra, en el que promedi\u00f3 11,3 puntos y 4,5 rebotes para 10,1 cr\u00e9ditos de valoraci\u00f3n en Liga Endesa en el curso 2024\/25. En la pasada temporada, el jugador compiti\u00f3 en Jap\u00f3n, junto a Koshigaya Alphas.<\/p>\n<p class=\"ContentTypeText-module-scss-module__t80MYq__content__paragraph\">Desde el San Pablo Burgos, le desean toda la suerte del mundo a <strong>Sekou Doumbouya<\/strong> para esta nueva etapa de su carrera deportiva.<\/p>\n","protected":false},"excerpt":{"rendered":"Sekou Doumbouya (23\/12\/2000, Conakri, Rep\u00fablica de Guinea) se suma al Recoletas Salud San Pablo Burgos para competir en&hellip;\n","protected":false},"author":2,"featured_media":746007,"comment_status":"","ping_status":"","sticky":false,"template":"","format":"standard","meta":{"footnotes":""},"categories":[269],"tags":[58880,299,298,623,168,25,24,557,665,132430,23,167],"class_list":["post-746006","post","type-post","status-publish","format-standard","has-post-thumbnail","category-baloncesto","tag-2026-27","tag-baloncesto","tag-basketball","tag-burgos","tag-deportes","tag-es","tag-espana","tag-fichaje","tag-liga-endesa","tag-sekou-doumbouya","tag-spain","tag-sports"],"share_on_mastodon":{"url":"https:\/\/pubeurope.com\/@es\/117208791725589238","error":""},"_links":{"self":[{"href":"https:\/\/www.europesays.com\/es\/wp-json\/wp\/v2\/posts\/746006","targetHints":{"allow":["GET"]}}],"collection":[{"href":"https:\/\/www.europesays.com\/es\/wp-json\/wp\/v2\/posts"}],"about":[{"href":"https:\/\/www.europesays.com\/es\/wp-json\/wp\/v2\/types\/post"}],"author":[{"embeddable":true,"href":"https:\/\/www.europesays.com\/es\/wp-json\/wp\/v2\/users\/2"}],"replies":[{"embeddable":true,"href":"https:\/\/www.europesays.com\/es\/wp-json\/wp\/v2\/comments?post=746006"}],"version-history":[{"count":0,"href":"https:\/\/www.europesays.com\/es\/wp-json\/wp\/v2\/posts\/746006\/revisions"}],"wp:featuredmedia":[{"embeddable":true,"href":"https:\/\/www.europesays.com\/es\/wp-json\/wp\/v2\/media\/746007"}],"wp:attachment":[{"href":"https:\/\/www.europesays.com\/es\/wp-json\/wp\/v2\/media?parent=746006"}],"wp:term":[{"taxonomy":"category","embeddable":true,"href":"https:\/\/www.europesays.com\/es\/wp-json\/wp\/v2\/categories?post=746006"},{"taxonomy":"post_tag","embeddable":true,"href":"https:\/\/www.europesays.com\/es\/wp-json\/wp\/v2\/tags?post=746006"}],"curies":[{"name":"wp","href":"https:\/\/api.w.org\/{rel}","templated":true}]}}