{"id":746024,"date":"2026-09-03T19:45:13","date_gmt":"2026-09-03T19:45:13","guid":{"rendered":"https:\/\/www.europesays.com\/es\/746024\/"},"modified":"2026-09-03T19:45:13","modified_gmt":"2026-09-03T19:45:13","slug":"georgina-o-como-dejar-huella-en-el-festival-de-venecia-con-sujetador-lencero","status":"publish","type":"post","link":"https:\/\/www.europesays.com\/es\/746024\/","title":{"rendered":"Georgina o c\u00f3mo dejar huella en el Festival de Venecia con sujetador lencero"},"content":{"rendered":"<p data-journey-content=\"true\" data-node-id=\"3\" class=\"css-1ood0zq emevuu60\">El nombre de <strong data-node-id=\"3.1\"><a href=\"https:\/\/www.elle.com\/es\/star-style\/el-estilo-de\/a73463225\/georgina-rodriguez-bolsos-mas-caros-exclusivos\/\" data-vars-ga-outbound-link=\"https:\/\/www.elle.com\/es\/star-style\/el-estilo-de\/a73463225\/georgina-rodriguez-bolsos-mas-caros-exclusivos\/\" data-vars-ga-ux-element=\"Hyperlink\" data-vars-ga-call-to-action=\"Georgina Rodr\u00edguez\" data-node-id=\"3.1.0\" class=\"body-link css-ohbdae emevuu60\" rel=\"nofollow noopener\" target=\"_blank\">Georgina Rodr\u00edguez<\/a> <\/strong>cada vez suena con m\u00e1s fuerza en<strong data-node-id=\"3.3\"> <a href=\"https:\/\/www.elle.com\/es\/star-style\/el-estilo-de\/g73595389\/alfombra-roja-inaugural-festival-venecia-2026-mejores-looks\/\" data-vars-ga-outbound-link=\"https:\/\/www.elle.com\/es\/star-style\/el-estilo-de\/g73595389\/alfombra-roja-inaugural-festival-venecia-2026-mejores-looks\/\" data-vars-ga-ux-element=\"Hyperlink\" data-vars-ga-call-to-action=\"el Festival de Cine de Venecia\" data-node-id=\"3.3.1\" class=\"body-link css-ohbdae emevuu60\" rel=\"nofollow noopener\" target=\"_blank\">el Festival de Cine de Venecia<\/a>.<\/strong> Desde su primera aparici\u00f3n en 2018, la empresaria se ha convertido en una de las invitadas m\u00e1s esperadas de la cita cinematogr\u00e1fica. \u00bfEl motivo? Sus impactantes y comentados estilismos.<\/p>\n<p data-journey-content=\"true\" data-node-id=\"9\" class=\"css-1ood0zq emevuu60\">No cabe duda de que a Georgina le gusta destacar. Su estilo es extravagante, y a sus fans les encanta. Georgina no acude a un evento para pasar desapercibida. Todo lo contrario. Acude para brillar y, si es posible, dejar huella. Y eso es exactamente lo que ha conseguido en este acto.<\/p>\n<p data-journey-content=\"true\" data-node-id=\"13\" class=\"css-1ood0zq emevuu60\">En esta 83\u00aa edici\u00f3n, por ejemplo, la empresaria y mujer de Cristiano Ronaldo, acaba de aterrizar en tierras italianas para asistir tras vivir uno de sus mejores a\u00f1os (con boda incluida) y volver a dejar el list\u00f3n por todo lo alto. \u00bfSpoiler? Ya lo est\u00e1 consiguiendo, y eso que acaba de llegar. \u00bfC\u00f3mo? Apostando por uno de<strong data-node-id=\"13.1\"> sus looks m\u00e1s explosivos y sensuales<\/strong>, pero a la vez casuales. No os lo perd\u00e1is.<\/p>\n<p>Georgina Rodr\u00edguez llega al Festival de Cine de Venecia en vaqueros<\/p>\n<p data-journey-content=\"true\" data-node-id=\"19\" class=\"css-1ood0zq emevuu60\">Para una aparici\u00f3n estelar, hay que arriesgar. Eso mismo debi\u00f3 pensar Georgina Rodr\u00edguez a la hora de formular su estilismo para su llegada a la ciudad italiana.  <\/p>\n<p><img draggable=\"true\" alt=\"georgina rodr\u00edguez festival cine venecia vaqueros\" title=\"Georgina Rodr\u00edguez Festival Cine Venecia vaqueros\" loading=\"lazy\" width=\"3438\" height=\"5157\" decoding=\"async\" data-nimg=\"1\" style=\"color:transparent;width:100%;height:auto;\"   src=\"https:\/\/www.europesays.com\/es\/wp-content\/uploads\/2026\/09\/ace97a97-b4f9-4f8b-9924-1e78b9e97461.jpg\" class=\"css-0 e1ddfba50\"\/><\/p>\n<p>Getty Images<\/p>\n<p data-journey-content=\"true\" data-node-id=\"24\" class=\"css-1ood0zq emevuu60\">Para la gran ocasi\u00f3n, Gio quiso atreverse con<strong data-node-id=\"24.1\"> <a href=\"https:\/\/www.elle.com\/es\/moda\/noticias\/a65552539\/vestidos-lenceros-encaje-como-llevar-tendencia-verano-2025\/\" data-vars-ga-outbound-link=\"https:\/\/www.elle.com\/es\/moda\/noticias\/a65552539\/vestidos-lenceros-encaje-como-llevar-tendencia-verano-2025\/\" data-vars-ga-ux-element=\"Hyperlink\" data-vars-ga-call-to-action=\"la viral est\u00e9tica del estilo lencero\" data-node-id=\"24.1.1\" class=\"body-link css-ohbdae emevuu60\" rel=\"nofollow noopener\" target=\"_blank\">la viral est\u00e9tica del estilo lencero<\/a><\/strong>, apostando por llevar el <strong data-node-id=\"24.3\">sujetador a la vista.<\/strong> \u00bfDemasiado atrevido? Puede ser, pero estamos hablando de Georgina.<\/p>\n<p data-journey-content=\"true\" data-node-id=\"28\" class=\"css-1ood0zq emevuu60\">Se decant\u00f3 por el modelo<strong data-node-id=\"28.1\"> &#8216;Pretty Flowers Sofia Balconette&#8217; en color marr\u00f3n chocolate de Intimissimi<\/strong>, que este a\u00f1o es una de las firmas patrocinadoras de esta edici\u00f3n del certamen cinematogr\u00e1fico. Y lo llev\u00f3 combinado con una <strong data-node-id=\"28.3\">camisa satinada fluida<\/strong> muy similar a la de los modelos virales de Zara. Eso s\u00ed, esta con los \u00faltimos botones desabrochados para crear as\u00ed una especie de escote asim\u00e9trico visual de lo m\u00e1s sensual.<\/p>\n<p><img draggable=\"true\" alt=\"georgina rodr\u00edguez festival cine venecia vaqueros\" title=\"Georgina Rodr\u00edguez Festival Cine Venecia vaqueros\" loading=\"lazy\" width=\"3373\" height=\"5060\" decoding=\"async\" data-nimg=\"1\" style=\"color:transparent;width:100%;height:auto;\"   src=\"https:\/\/www.europesays.com\/es\/wp-content\/uploads\/2026\/09\/0b696970-aafa-49fb-a0d7-55ed0d207e56.jpg\" class=\"css-0 e1ddfba50\"\/><\/p>\n<p>Getty Images<\/p>\n<p data-journey-content=\"true\" data-node-id=\"33\" class=\"css-1ood0zq emevuu60\">Para la parte inferior, Gio se decant\u00f3 por unos<strong data-node-id=\"33.1\"> <a href=\"https:\/\/www.elle.com\/es\/moda\/compras-elle\/a73583494\/vaqueros-blancos-mas-vendidos-mango-outlet-entretiempo-otono\/\" data-vars-ga-outbound-link=\"https:\/\/www.elle.com\/es\/moda\/compras-elle\/a73583494\/vaqueros-blancos-mas-vendidos-mango-outlet-entretiempo-otono\/\" data-vars-ga-ux-element=\"Hyperlink\" data-vars-ga-call-to-action=\"pantalones vaqueros de color blanco\" data-node-id=\"33.1.1\" class=\"body-link css-ohbdae emevuu60\" rel=\"nofollow noopener\" target=\"_blank\">pantalones vaqueros de color blanco<\/a> <\/strong>que estilizaban a las mil maravillas su figura gracias a su tiro alto y su pernera con bajo acampanado que alargaban sus piernas a la par que moldeaban a la perfecci\u00f3n su figura repleta de curvas. Estos los firmaba <strong data-node-id=\"33.3\">Giambattista Valli.<\/strong><\/p>\n<p data-journey-content=\"true\" data-node-id=\"37\" class=\"css-1ood0zq emevuu60\">Complet\u00f3 el look con unos <strong data-node-id=\"37.1\">salones de tac\u00f3n en color nude con brillo<\/strong>, un bolso Birkin, joyas de Chopard y gafas ovaladas de Celine.<\/p>\n<p data-journey-content=\"true\" data-node-id=\"41\" class=\"css-1ood0zq emevuu60\">Ahora solo nos queda ver el estilismo con el que nos dejar\u00e1 boquiabiertos en la alfombra roja. Porque s\u00ed, estamos seguras de que no va a defraudar.<\/p>\n<p><img src=\"https:\/\/www.europesays.com\/es\/wp-content\/uploads\/2026\/09\/5d174fc2-88a3-4418-a5b3-be884db3ec5f_1678984174.file.png\" alt=\"Headshot of Laura Soria\" title=\"Headshot of Laura Soria\" width=\"100%\" height=\"100%\" decoding=\"async\" loading=\"lazy\" class=\"css-o0wq4v ev8dhu53\"\/><\/p>\n<p>Laura Soria Onieva es experta en moda, tendencias, alfombras rojas y &#8216;celebrities&#8217;. Como apasionada del periodismo y la comunicaci\u00f3n, siempre est\u00e1 atenta a las \u00faltimas novedades del sector. Entiende la moda como una v\u00eda de expresi\u00f3n y siempre busca entender la filosof\u00eda que transmiten los estilismos de las famosas.<\/p>\n<p>La b\u00fasqueda constante de inspiraci\u00f3n la convierte en una prescriptora de futuras tendencias de temporada. As\u00ed, no hay prenda o estilo que se le escape en Instagram y TikTok. Experta en recrear los mejores looks de las famosas e influencers con prendas de las firmas &#8216;low cost&#8217; m\u00e1s exitosas como Zara, Mango, Stradivarius&#8230; As\u00ed como de las firmas espa\u00f1olas que debes tener s\u00ed o s\u00ed en tu radar para que puedas vestir a la \u00faltima. Para ella no hay tendencia imposible: transparencias, aberturas complicadas, brillos, lentejuelas&#8230; Buscar\u00e1 todos los trucos de la mano de las expertas para ense\u00f1ar c\u00f3mo lucirlas sin caer en el error.<\/p>\n<p>Laura Soria se gradu\u00f3 en el doble grado de Periodismo y Comunicaci\u00f3n Audiovisual en la Universidad Rey Juan Carlos y, desde el inicio, ha conseguido experiencia en distintos sectores: radio, televisi\u00f3n, peri\u00f3dico digital&#8230; Actualmente se dedica a la que es su verdadera pasi\u00f3n, el periodismo de moda, como colaboradora de moda y actualidad en la revista ELLE.<\/p>\n<p>Sus constantes ganas de aprender, y su alma inquieta, la han empujado a especializarse a\u00fan m\u00e1s en el mundillo con distintos cursos, destacando el de Marketing Digital y Comunicaci\u00f3n de Moda y Lujo. \u00a0\u00a0<\/p>\n","protected":false},"excerpt":{"rendered":"El nombre de Georgina Rodr\u00edguez cada vez suena con m\u00e1s fuerza en el Festival de Cine de Venecia.&hellip;\n","protected":false},"author":2,"featured_media":746025,"comment_status":"","ping_status":"","sticky":false,"template":"","format":"standard","meta":{"footnotes":""},"categories":[91],"tags":[253,146,147,25,24,23],"class_list":["post-746024","post","type-post","status-publish","format-standard","has-post-thumbnail","category-entretenimiento","tag-discover","tag-entertainment","tag-entretenimiento","tag-es","tag-espana","tag-spain"],"share_on_mastodon":{"url":"https:\/\/pubeurope.com\/@es\/117208831021230615","error":""},"_links":{"self":[{"href":"https:\/\/www.europesays.com\/es\/wp-json\/wp\/v2\/posts\/746024","targetHints":{"allow":["GET"]}}],"collection":[{"href":"https:\/\/www.europesays.com\/es\/wp-json\/wp\/v2\/posts"}],"about":[{"href":"https:\/\/www.europesays.com\/es\/wp-json\/wp\/v2\/types\/post"}],"author":[{"embeddable":true,"href":"https:\/\/www.europesays.com\/es\/wp-json\/wp\/v2\/users\/2"}],"replies":[{"embeddable":true,"href":"https:\/\/www.europesays.com\/es\/wp-json\/wp\/v2\/comments?post=746024"}],"version-history":[{"count":0,"href":"https:\/\/www.europesays.com\/es\/wp-json\/wp\/v2\/posts\/746024\/revisions"}],"wp:featuredmedia":[{"embeddable":true,"href":"https:\/\/www.europesays.com\/es\/wp-json\/wp\/v2\/media\/746025"}],"wp:attachment":[{"href":"https:\/\/www.europesays.com\/es\/wp-json\/wp\/v2\/media?parent=746024"}],"wp:term":[{"taxonomy":"category","embeddable":true,"href":"https:\/\/www.europesays.com\/es\/wp-json\/wp\/v2\/categories?post=746024"},{"taxonomy":"post_tag","embeddable":true,"href":"https:\/\/www.europesays.com\/es\/wp-json\/wp\/v2\/tags?post=746024"}],"curies":[{"name":"wp","href":"https:\/\/api.w.org\/{rel}","templated":true}]}}