{"id":74603,"date":"2025-08-27T00:26:08","date_gmt":"2025-08-27T00:26:08","guid":{"rendered":"https:\/\/www.europesays.com\/es\/74603\/"},"modified":"2025-08-27T00:26:08","modified_gmt":"2025-08-27T00:26:08","slug":"principio-de-acuerdo-entre-crystal-palace-y-villarreal-para-el-traspaso-de-yeremi-pino-futbol","status":"publish","type":"post","link":"https:\/\/www.europesays.com\/es\/74603\/","title":{"rendered":"Principio de acuerdo entre Crystal Palace y Villarreal para el traspaso de Yeremi Pino | F\u00fatbol"},"content":{"rendered":"<p>El Villarreal y el Crystal Palace de la Premier League han llegado a un principio de acuerdo para que Yeremi Pino se marche traspasado al club ingl\u00e9s. As\u00ed lo ha podido saber Radio Castell\u00f3n, despu\u00e9s de que en las \u00faltimas horas se hubiera rumoreado sobre las cifras en las que se cerrar\u00eda dicha operaci\u00f3n. Este principio de acuerdo apunta a una cifra alrededor de los 30 millones, pero con un importante aumento de salario para Pino. Si su salario actual se situaba en los 1.2M, con el club de las \u00e1guilas rondar\u00e1 los 4M. <\/p>\n<p>M\u00e1s informaci\u00f3n<\/p>\n<p>La pasada semana, el mismo club de la Premier ya lanz\u00f3 una primera ofensiva para hacerse con los servicios del jugador canario. La cifra se situ\u00f3 entonces en 25 millones, una cantidad que tanto el Villarreal como el propio jugador rechazaron directamente. Esta negativa ha llevado al club a iniciar nuevas conversaciones este martes, que se han terminado cerrando con un principio de acuerdo entre las partes. <\/p>\n<blockquote class=\"twitter-tweet\">\n<p lang=\"es\" dir=\"ltr\">\ud83d\udd12 \u2705 Principio de acuerdo entre Crystal Palace y Villarreal por Yeremi Pino<\/p>\n<p>\ud83d\udcb8 La operaci\u00f3n rondar\u00eda los 30M\u20ac. El club le ha ofrecido renovar, pero el jugador la ha rechazado<\/p>\n<p>\ud83d\udeeb El jugador ver\u00e1 multiplicado su salario y viajar\u00e1 en las pr\u00f3ximas horas a Londres<\/p>\n<p>\u2139\ufe0f <a href=\"https:\/\/twitter.com\/XaviSidro?ref_src=twsrc%5Etfw\" rel=\"nofollow noopener\" target=\"_blank\">@XaviSidro<\/a> <a href=\"https:\/\/t.co\/2XngselPV1\" rel=\"nofollow\">pic.twitter.com\/2XngselPV1<\/a><\/p>\n<p>\u2014 Carrusel Deportivo (@carrusel) <a href=\"https:\/\/twitter.com\/carrusel\/status\/1960414726736728267?ref_src=twsrc%5Etfw\" rel=\"nofollow noopener\" target=\"_blank\">August 26, 2025<\/a><\/p><\/blockquote>\n<p>Ahora, se espera que Yeremi Pino viaje a Londres en las pr\u00f3ximas horas para pasar el reconocimiento m\u00e9dico y firmar su nuevo contrato. Un contrato que le supondr\u00e1 un importante aumento de salario y que, adem\u00e1s, supondr\u00e1 una de las ventas m\u00e1s caras de la historia del Villarreal. No ser\u00e1, en cualquier caso, la m\u00e1s cara de la historia del club groguet, que este mismo verano ingres\u00f3 cerca de 50M de euros por la salida de \u00c1lexa Baena al Atl\u00e9tico de Madrid. <\/p>\n<p>El Villarreal, por lo tanto, se queda con los nombres de Moleiro y Denis Su\u00e1rez para ocupar la banda izquierda. Eso s\u00ed, con la importante inversi\u00f3n recibida, est\u00e1 por ver si la direcci\u00f3n deportiva utiliza esos ingresos para incorporar alg\u00fan nuevo nombre en esa u otra posici\u00f3n. Uno de los nombres que suena para reinvertir esa cifra es Artem Dovbyk, viejo conocido de LaLiga con el Girona y que hasta ahora militaba en las filas de la Roma. <\/p>\n<p><script async src=\"https:\/\/platform.twitter.com\/widgets.js\" charset=\"utf-8\"><\/script><\/p>\n","protected":false},"excerpt":{"rendered":"El Villarreal y el Crystal Palace de la Premier League han llegado a un principio de acuerdo para&hellip;\n","protected":false},"author":2,"featured_media":74604,"comment_status":"","ping_status":"","sticky":false,"template":"","format":"standard","meta":{"footnotes":""},"categories":[5],"tags":[16705,29114,17,18,29115,25,24,14888,29116,13,14,280,29117,11,20112,288,19,20,1212,16707,9,10,15,16,1215,20115,20116,29118,1217,3302,29119,29120,23,16709,1221,29121,29122,29123,12,21,22,10560,29124],"class_list":{"0":"post-74603","1":"post","2":"type-post","3":"status-publish","4":"format-standard","5":"has-post-thumbnail","7":"category-titulares","8":"tag-athletic-performance","9":"tag-august-17","10":"tag-breaking-news","11":"tag-breakingnews","12":"tag-competitive-sports","13":"tag-es","14":"tag-espana","15":"tag-estadio-de-la-ceramica","16":"tag-fan-engagement","17":"tag-featured-news","18":"tag-featurednews","19":"tag-football","20":"tag-game-day","21":"tag-headlines","22":"tag-jose-breton","23":"tag-laliga","24":"tag-latest-news","25":"tag-latestnews","26":"tag-match","27":"tag-match-day","28":"tag-news","29":"tag-noticias","30":"tag-noticias-destacadas","31":"tag-noticiasdestacadas","32":"tag-nurphoto","33":"tag-pics-action","34":"tag-player","35":"tag-player-profile","36":"tag-professional-athlete","37":"tag-real-oviedo","38":"tag-right-winger","39":"tag-soccer-match","40":"tag-spain","41":"tag-spanish-league","42":"tag-sports-photography","43":"tag-sports-season","44":"tag-team-lineup","45":"tag-team-player","46":"tag-titulares","47":"tag-ultimas-noticias","48":"tag-ultimasnoticias","49":"tag-villarreal","50":"tag-yeremy-pino"},"share_on_mastodon":{"url":"","error":""},"_links":{"self":[{"href":"https:\/\/www.europesays.com\/es\/wp-json\/wp\/v2\/posts\/74603","targetHints":{"allow":["GET"]}}],"collection":[{"href":"https:\/\/www.europesays.com\/es\/wp-json\/wp\/v2\/posts"}],"about":[{"href":"https:\/\/www.europesays.com\/es\/wp-json\/wp\/v2\/types\/post"}],"author":[{"embeddable":true,"href":"https:\/\/www.europesays.com\/es\/wp-json\/wp\/v2\/users\/2"}],"replies":[{"embeddable":true,"href":"https:\/\/www.europesays.com\/es\/wp-json\/wp\/v2\/comments?post=74603"}],"version-history":[{"count":0,"href":"https:\/\/www.europesays.com\/es\/wp-json\/wp\/v2\/posts\/74603\/revisions"}],"wp:featuredmedia":[{"embeddable":true,"href":"https:\/\/www.europesays.com\/es\/wp-json\/wp\/v2\/media\/74604"}],"wp:attachment":[{"href":"https:\/\/www.europesays.com\/es\/wp-json\/wp\/v2\/media?parent=74603"}],"wp:term":[{"taxonomy":"category","embeddable":true,"href":"https:\/\/www.europesays.com\/es\/wp-json\/wp\/v2\/categories?post=74603"},{"taxonomy":"post_tag","embeddable":true,"href":"https:\/\/www.europesays.com\/es\/wp-json\/wp\/v2\/tags?post=74603"}],"curies":[{"name":"wp","href":"https:\/\/api.w.org\/{rel}","templated":true}]}}