{"id":746032,"date":"2026-09-03T19:49:17","date_gmt":"2026-09-03T19:49:17","guid":{"rendered":"https:\/\/www.europesays.com\/es\/746032\/"},"modified":"2026-09-03T19:49:17","modified_gmt":"2026-09-03T19:49:17","slug":"ultima-hora-de-la-crisis-migratoria-de-ceuta-y-las-derivadas-politicas-y-policiales","status":"publish","type":"post","link":"https:\/\/www.europesays.com\/es\/746032\/","title":{"rendered":"\u00daltima hora de la crisis migratoria de Ceuta y las derivadas pol\u00edticas y policiales"},"content":{"rendered":"<p class=\"ft-text\">La <strong>Junta de Personal Docente no Universitario de Ceuta<\/strong> ha reclamado este jueves la adopci\u00f3n de \u00abmedidas urgentes\u00bb de prevenci\u00f3n, protecci\u00f3n y apoyo a los centros educativos ante el inicio del curso escolar el pr\u00f3ximo 8 de septiembre.<\/p>\n<p class=\"ft-text\">Los integrantes de la Junta de Personal han mantenido hoy una reuni\u00f3n por videoconferencia con el secretario de Estado y han puesto de manifiesto la <strong>\u00abespecial vulnerabilidad en la que se encuentran el profesorado, el alumnado y sus familias\u00bb<\/strong>.<\/p>\n<p class=\"ft-text\">La Junta de Personal considera \u00abimprescindible\u00bb que el Ministerio de Educaci\u00f3n, Formaci\u00f3n Profesional y Deportes adopte un conjunto de medidas extraordinarias de prevenci\u00f3n, protecci\u00f3n y apoyo a los centros educativos.<\/p>\n<p class=\"ft-text\">Estas medidas<strong> \u00abno pueden quedar condicionadas exclusivamente <\/strong>a la incorporaci\u00f3n del alumnado sino que el profesorado y el personal de los centros educativos ya se ha incorporado y, desde ese momento, los centros permanecen abiertos y desarrollan una intensa actividad de organizaci\u00f3n, coordinaci\u00f3n y preparaci\u00f3n del curso\u00bb.<\/p>\n<p class=\"ft-text\">Por ello, la Junta de Personal considera necesario que las medidas de protecci\u00f3n y seguridad se encuentren plenamente operativas desde la incorporaci\u00f3n del personal docente y no docente, reforz\u00e1ndose posteriormente con la llegada del alumnado.<\/p>\n<p class=\"ft-text\">Han exigido al Ministerio la coordinaci\u00f3n con el <strong>Mando \u00danico y refuerzo de la seguridad<\/strong> en los entornos escolares, refuerzo de la vigilancia privada, una dotaci\u00f3n suficiente de personal de conserjer\u00eda, la apertura de aulas matinales y vespertinas en todos los centros y la ejecuci\u00f3n urgente de los vallados suplementarios.<\/p>\n<p class=\"ft-text\">Asimismo, han demandado la flexibilizaci\u00f3n de la programaci\u00f3n anual, facilitaci\u00f3n y promoci\u00f3n del teletrabajo para las actividades compatibles, el refuerzo de la atenci\u00f3n psicol\u00f3gica y emocional y la gratuidad del transporte escolar para el alumnado.<\/p>\n<p class=\"ft-text\">La Junta de Personal Docente No Universitario de Ceuta considera que la situaci\u00f3n \u00abexcepcional\u00bb que atraviesa Ceuta exige una respuesta \u00abinmediata, preventiva y coordinada\u00bb por parte del Ministerio que garantice tanto la seguridad como el bienestar de toda la comunidad educativa.<\/p>\n<p class=\"ft-text\">La Junta de Personal Docente No Universitario de Ceuta ha trasladado estas medidas para su adopci\u00f3n con car\u00e1cter urgente para garantizar su efectiva aplicaci\u00f3n en todos los centros educativos de la ciudad. EFE<\/p>\n","protected":false},"excerpt":{"rendered":"La Junta de Personal Docente no Universitario de Ceuta ha reclamado este jueves la adopci\u00f3n de \u00abmedidas urgentes\u00bb&hellip;\n","protected":false},"author":2,"featured_media":746033,"comment_status":"","ping_status":"","sticky":false,"template":"","format":"standard","meta":{"footnotes":""},"categories":[8],"tags":[17,18,4486,127889,25,24,13,14,11,590,19,20,9,10,15,16,23,12,21,22],"class_list":["post-746032","post","type-post","status-publish","format-standard","has-post-thumbnail","category-espana","tag-breaking-news","tag-breakingnews","tag-ceuta","tag-ceuta-melilla-marruecos-ultimas-noticias-directo","tag-es","tag-espana","tag-featured-news","tag-featurednews","tag-headlines","tag-inmigracion","tag-latest-news","tag-latestnews","tag-news","tag-noticias","tag-noticias-destacadas","tag-noticiasdestacadas","tag-spain","tag-titulares","tag-ultimas-noticias","tag-ultimasnoticias"],"share_on_mastodon":{"url":"https:\/\/pubeurope.com\/@es\/117208846777424043","error":""},"_links":{"self":[{"href":"https:\/\/www.europesays.com\/es\/wp-json\/wp\/v2\/posts\/746032","targetHints":{"allow":["GET"]}}],"collection":[{"href":"https:\/\/www.europesays.com\/es\/wp-json\/wp\/v2\/posts"}],"about":[{"href":"https:\/\/www.europesays.com\/es\/wp-json\/wp\/v2\/types\/post"}],"author":[{"embeddable":true,"href":"https:\/\/www.europesays.com\/es\/wp-json\/wp\/v2\/users\/2"}],"replies":[{"embeddable":true,"href":"https:\/\/www.europesays.com\/es\/wp-json\/wp\/v2\/comments?post=746032"}],"version-history":[{"count":0,"href":"https:\/\/www.europesays.com\/es\/wp-json\/wp\/v2\/posts\/746032\/revisions"}],"wp:featuredmedia":[{"embeddable":true,"href":"https:\/\/www.europesays.com\/es\/wp-json\/wp\/v2\/media\/746033"}],"wp:attachment":[{"href":"https:\/\/www.europesays.com\/es\/wp-json\/wp\/v2\/media?parent=746032"}],"wp:term":[{"taxonomy":"category","embeddable":true,"href":"https:\/\/www.europesays.com\/es\/wp-json\/wp\/v2\/categories?post=746032"},{"taxonomy":"post_tag","embeddable":true,"href":"https:\/\/www.europesays.com\/es\/wp-json\/wp\/v2\/tags?post=746032"}],"curies":[{"name":"wp","href":"https:\/\/api.w.org\/{rel}","templated":true}]}}