{"id":746034,"date":"2026-09-03T19:50:12","date_gmt":"2026-09-03T19:50:12","guid":{"rendered":"https:\/\/www.europesays.com\/es\/746034\/"},"modified":"2026-09-03T19:50:12","modified_gmt":"2026-09-03T19:50:12","slug":"el-alcalde-socialista-de-albaida-desoye-la-orden-de-montero-y-acude-a-la-manifestacion-en-apoyo-a-ceuta","status":"publish","type":"post","link":"https:\/\/www.europesays.com\/es\/746034\/","title":{"rendered":"El alcalde socialista de Albaida desoye la orden de Montero y acude a la manifestaci\u00f3n en apoyo a Ceuta"},"content":{"rendered":"<p>Jos\u00e9 Antonio Gelo L\u00f3pez, alcalde socialista del municipio sevillano de <strong>Albaida del Aljarafe<\/strong>, y tres de sus compa\u00f1eros del equipo de gobierno desoyeron en la tarde de este mi\u00e9rcoles la directriz de la l\u00edder del PSOE a nivel andaluz, <strong>Mar\u00eda Jes\u00fas Montero<\/strong>, de  &#8230; no acudir a la convocatoria realizada por la Federaci\u00f3n Espa\u00f1ola de Municipios y Provincias (FEMP) para celebrar concentraciones en apoyo al pueblo de<strong> Ceuta<\/strong>, coincidiendo con el D\u00eda de la Ciudad Aut\u00f3noma, que se conmemoraba ayer 2 de septiembre. <\/p>\n<p class=\"v-d-p\">Como se puede comprobar en la publicaci\u00f3n realizada por el Partido Popular en sus redes sociales, Gelo y otros tres concejales del PSOE posaron junto al portavoz municipal del PP, Emilio Soto, con la bandera de Ceuta. Adem\u00e1s, ambos, Gelo y Soto leyeron el<strong> manifiesto<\/strong> en apoyo y solidaridad con el pueblo caballa que lleva m\u00e1s de un mes soportando las consecuencias de la grave crisis migratoria desencadenada tras la entrada masiva de personas iniciada a finales de julio, un desaf\u00edo humanitario y pol\u00edtico que mantiene en alta tensi\u00f3n la agenda nacional.<\/p>\n<p class=\"v-d-p\">En este municipio de poco m\u00e1s de tres mil habitantes gobiernan los socialistas con seis ediles mientras el PP tiene cinco concejales. Casualmente, los dos concejales socialistas que no acudieron a la concentraci\u00f3n este pasado mi\u00e9rcoles por la tarde fueron las dos investigadas en el presunto <strong>fraude electoral por el voto<\/strong> por correo en las elecciones municipales de 2019, cuando venci\u00f3 el PSOE. Esta causa se instruye en un juzgado de Sanl\u00facar la Mayor. <\/p>\n<p class=\"v-d-p\">La decisi\u00f3n de Gelo y tres de sus concejales, que no fue anunciada previamente, como s\u00ed hizo, por ejemplo, la alcaldesa del PSOE de Espartinas, <strong>Cristina Los Arcos<\/strong>, que convoc\u00f3 otra concentraci\u00f3n distinta a la organizada por la FEMP, supone un incumplimiento de la orden marcada por la direcci\u00f3n del partido desde Ferraz y secundada por Mar\u00eda Jes\u00fas Montero, quien lleg\u00f3 a exponer que su partido no se iba a prestar ni iba a acudir a ning\u00fan tipo de acto convocado en Andaluc\u00eda en apoyo a la ciudad aut\u00f3noma al considerar que estaba siendo \u00abinstrumentalizado por el Partido Popular\u00bb.<\/p>\n<p class=\"v-d-p\">En la publicaci\u00f3n de Facebook del PP se puede leer: \u00abEsta tarde, Albaida del Aljarafe se ha concentrado para mostrar su \ud835\uddee\ud835\uddfd\ud835\uddfc\ud835\ude06\ud835\uddfc \ud835\ude06 \ud835\ude00\ud835\uddfc\ud835\uddf9\ud835\uddf6\ud835\uddf1\ud835\uddee\ud835\uddff\ud835\uddf6\ud835\uddf1\ud835\uddee\ud835\uddf1 con el pueblo de Ceuta. Hoy no hab\u00eda siglas, colores ni ideolog\u00edas. Hab\u00eda algo mucho m\u00e1s importante: \ud835\uddf9\ud835\uddee \ud835\ude02\ud835\uddfb\ud835\uddf6\ud835\uddf1\ud835\uddee\ud835\uddf1. Todos los grupos que forman la Corporaci\u00f3n Municipal hemos estado juntos, demostrando que hay momentos en los que las diferencias pol\u00edticas deben quedar a un lado. Gracias a todos los vecinos que nos hab\u00e9is acompa\u00f1ado\u00bb. Dicho comentario se acompa\u00f1a de varias fotos en las que se pueden observar al alcalde, Jos\u00e9 Antonio Gelo, junto al portavoz popular, portando una bandera de Ceuta y leyendo el manifiesto frente a los vecinos concentrados. <\/p>\n","protected":false},"excerpt":{"rendered":"Jos\u00e9 Antonio Gelo L\u00f3pez, alcalde socialista del municipio sevillano de Albaida del Aljarafe, y tres de sus compa\u00f1eros&hellip;\n","protected":false},"author":2,"featured_media":746035,"comment_status":"","ping_status":"","sticky":false,"template":"","format":"standard","meta":{"footnotes":""},"categories":[5],"tags":[11645,6139,1201,6635,17,18,4486,7866,25,24,13,14,11,19,20,5087,2466,9,10,15,16,13098,11825,23,12,21,22],"class_list":["post-746034","post","type-post","status-publish","format-standard","has-post-thumbnail","category-titulares","tag-acude","tag-albaida","tag-alcalde","tag-apoyo","tag-breaking-news","tag-breakingnews","tag-ceuta","tag-desoye","tag-es","tag-espana","tag-featured-news","tag-featurednews","tag-headlines","tag-latest-news","tag-latestnews","tag-manifestacion","tag-montero","tag-news","tag-noticias","tag-noticias-destacadas","tag-noticiasdestacadas","tag-orden","tag-socialista","tag-spain","tag-titulares","tag-ultimas-noticias","tag-ultimasnoticias"],"share_on_mastodon":{"url":"https:\/\/pubeurope.com\/@es\/117208850571760053","error":""},"_links":{"self":[{"href":"https:\/\/www.europesays.com\/es\/wp-json\/wp\/v2\/posts\/746034","targetHints":{"allow":["GET"]}}],"collection":[{"href":"https:\/\/www.europesays.com\/es\/wp-json\/wp\/v2\/posts"}],"about":[{"href":"https:\/\/www.europesays.com\/es\/wp-json\/wp\/v2\/types\/post"}],"author":[{"embeddable":true,"href":"https:\/\/www.europesays.com\/es\/wp-json\/wp\/v2\/users\/2"}],"replies":[{"embeddable":true,"href":"https:\/\/www.europesays.com\/es\/wp-json\/wp\/v2\/comments?post=746034"}],"version-history":[{"count":0,"href":"https:\/\/www.europesays.com\/es\/wp-json\/wp\/v2\/posts\/746034\/revisions"}],"wp:featuredmedia":[{"embeddable":true,"href":"https:\/\/www.europesays.com\/es\/wp-json\/wp\/v2\/media\/746035"}],"wp:attachment":[{"href":"https:\/\/www.europesays.com\/es\/wp-json\/wp\/v2\/media?parent=746034"}],"wp:term":[{"taxonomy":"category","embeddable":true,"href":"https:\/\/www.europesays.com\/es\/wp-json\/wp\/v2\/categories?post=746034"},{"taxonomy":"post_tag","embeddable":true,"href":"https:\/\/www.europesays.com\/es\/wp-json\/wp\/v2\/tags?post=746034"}],"curies":[{"name":"wp","href":"https:\/\/api.w.org\/{rel}","templated":true}]}}