{"id":746040,"date":"2026-09-03T19:56:13","date_gmt":"2026-09-03T19:56:13","guid":{"rendered":"https:\/\/www.europesays.com\/es\/746040\/"},"modified":"2026-09-03T19:56:13","modified_gmt":"2026-09-03T19:56:13","slug":"el-burgos-bh-se-sigue-reforzando-nil-gimeno-el-proximo-en-llegar","status":"publish","type":"post","link":"https:\/\/www.europesays.com\/es\/746040\/","title":{"rendered":"El Burgos BH se sigue reforzando: Nil Gimeno, el pr\u00f3ximo en llegar"},"content":{"rendered":"<p class=\"\"><b>El mercado se sigue moviendo durante La Vuelta<\/b> y, especialmente, <b>en un Kern Pharma que apura sus opciones de supervivencia,<\/b> <a href=\"https:\/\/as.com\/ciclismo\/vuelta_espana\/el-sos-del-kern-pharma-cada-dia-que-pasa-es-una-losa-no-me-rendire-f202608-n\/\" target=\"_self\" rel=\"nofollow noopener\" title=\"https:\/\/as.com\/ciclismo\/vuelta_espana\/el-sos-del-kern-pharma-cada-dia-que-pasa-es-una-losa-no-me-rendire-f202608-n\/\">como destac\u00f3 recientemente su director, Juanjo Oroz, en AS<\/a> al no tener patrocinador para la pr\u00f3xima campa\u00f1a. Por dicho motivo, el navarro dio libertad plena a sus corredores para que puedan recalar en otros equipos al no tener una certeza de continuidad, <b>algo que los corredores agradecieron y alabaron mientras Oroz lucha incansablemente, y el \u00faltimo en encontrar acomodo es Nil Gimeno (22 a\u00f1os).<\/b><\/p>\n<p class=\"\">El de Valladolid, que no est\u00e1 en La Vuelta,<b> tiene todo acordado para recalar en las filas del <\/b><a href=\"https:\/\/as.com\/noticias\/burgos-bh\/\" target=\"_self\" rel=\"nofollow noopener\" title=\"https:\/\/as.com\/noticias\/burgos-bh\/\"><b>Burgos Burpellet BH<\/b><\/a><b>, seg\u00fan pudo saber AS. <\/b>La Vuelta a Burgos fue su \u00faltima carrera hasta el momento.<b> Ser\u00e1 el siguiente en llegar al equipo burgal\u00e9s junto a otros como Jordi L\u00f3pez, del Euskaltel,<\/b> en un mercado que todav\u00eda no est\u00e1 ni mucho menos cerrado para la estructura que lidera Julio Andr\u00e9s Izquierdo. <\/p>\n<p class=\"\">De hecho, son numerosos los corredores que se est\u00e1n ofreciendo (y que incluso mandan sus datos) al propio equipo, que baraja varias opciones (en estos momentos extranjeras) de cara a las varias llegadas que quedan en las siguientes semanas. <b>Ahora, las fuerzas siguen centradas en La Vuelta, carrera en la que est\u00e1n con invitaci\u00f3n<\/b> (y tambi\u00e9n por estar dentro del ranking para optar a dicha plaza), con el reto de cosechar actuaciones destacadas, especialmente en fugas. <b>De hecho, Sinuh\u00e9 Fern\u00e1ndez es, con 480, el ciclista de la presente edici\u00f3n que m\u00e1s km lleva escapado.<\/b><\/p>\n<p>Noticias relacionadas<\/p>\n<p class=\"\"><b>\u00a1Lleva el deporte contigo! <\/b>Descarga la App de AS para recibir alertas al instante y configura en <b>MiZona <\/b>qu\u00e9 quieres leer, sigue a tus equipos y consulta sus partidos. <a href=\"https:\/\/trackingcodes.prisamedia.com\/as.html?utm_campaign=cierre_articulo&amp;utm_source=web\" target=\"_blank\" rel=\"nofollow noopener\" title=\"https:\/\/trackingcodes.prisamedia.com\/as.html?utm_campaign=cierre_articulo&amp;utm_source=web\"><b>Desc\u00e1rgala aqu\u00ed.<\/b><\/a><b> <\/b><\/p>\n<p class=\"\">\u00bfAdem\u00e1s buscas licenciar contenido? Haz clic <a href=\"https:\/\/profesional.elpais.com\/soluciones-sindicacion?utm_medium=interno&amp;utm_source=crosslinking&amp;utm_campaign=sindicacion_as_pie_articulos\" target=\"_blank\" rel=\"nofollow noopener\" title=\"https:\/\/profesional.elpais.com\/soluciones-sindicacion?utm_medium=interno&amp;utm_source=crosslinking&amp;utm_campaign=sindicacion_as_pie_articulos\">aqu\u00ed<\/a><\/p>\n","protected":false},"excerpt":{"rendered":"El mercado se sigue moviendo durante La Vuelta y, especialmente, en un Kern Pharma que apura sus opciones&hellip;\n","protected":false},"author":2,"featured_media":746041,"comment_status":"","ping_status":"","sticky":false,"template":"","format":"standard","meta":{"footnotes":""},"categories":[273],"tags":[313,312,168,25,24,23,167],"class_list":["post-746040","post","type-post","status-publish","format-standard","has-post-thumbnail","category-ciclismo","tag-ciclismo","tag-cycling","tag-deportes","tag-es","tag-espana","tag-spain","tag-sports"],"share_on_mastodon":{"url":"https:\/\/pubeurope.com\/@es\/117208874099404272","error":""},"_links":{"self":[{"href":"https:\/\/www.europesays.com\/es\/wp-json\/wp\/v2\/posts\/746040","targetHints":{"allow":["GET"]}}],"collection":[{"href":"https:\/\/www.europesays.com\/es\/wp-json\/wp\/v2\/posts"}],"about":[{"href":"https:\/\/www.europesays.com\/es\/wp-json\/wp\/v2\/types\/post"}],"author":[{"embeddable":true,"href":"https:\/\/www.europesays.com\/es\/wp-json\/wp\/v2\/users\/2"}],"replies":[{"embeddable":true,"href":"https:\/\/www.europesays.com\/es\/wp-json\/wp\/v2\/comments?post=746040"}],"version-history":[{"count":0,"href":"https:\/\/www.europesays.com\/es\/wp-json\/wp\/v2\/posts\/746040\/revisions"}],"wp:featuredmedia":[{"embeddable":true,"href":"https:\/\/www.europesays.com\/es\/wp-json\/wp\/v2\/media\/746041"}],"wp:attachment":[{"href":"https:\/\/www.europesays.com\/es\/wp-json\/wp\/v2\/media?parent=746040"}],"wp:term":[{"taxonomy":"category","embeddable":true,"href":"https:\/\/www.europesays.com\/es\/wp-json\/wp\/v2\/categories?post=746040"},{"taxonomy":"post_tag","embeddable":true,"href":"https:\/\/www.europesays.com\/es\/wp-json\/wp\/v2\/tags?post=746040"}],"curies":[{"name":"wp","href":"https:\/\/api.w.org\/{rel}","templated":true}]}}