{"id":746042,"date":"2026-09-03T19:58:18","date_gmt":"2026-09-03T19:58:18","guid":{"rendered":"https:\/\/www.europesays.com\/es\/746042\/"},"modified":"2026-09-03T19:58:18","modified_gmt":"2026-09-03T19:58:18","slug":"antoni-daimiel-se-toma-dos-semanas-de-reflexion-para-decidir-que-oferta-de-radio-o-television-acepta","status":"publish","type":"post","link":"https:\/\/www.europesays.com\/es\/746042\/","title":{"rendered":"Antoni Daimiel se toma dos semanas de reflexi\u00f3n para decidir qu\u00e9 oferta de radio o televisi\u00f3n acepta"},"content":{"rendered":"<ol class=\"table-of-contents\">\n<li><a href=\"#antoni-daimiel-no-podra-comentar-baloncesto-en-television-durante-dos-anos\">Antoni Daimiel no podr\u00e1 comentar baloncesto en televisi\u00f3n durante dos a\u00f1os<\/a>\n<\/li>\n<li><a href=\"#una-salida-despues-de-36-anos-en-canal-y-movistar-plus\">Una salida despu\u00e9s de 36 a\u00f1os en Canal+ y Movistar Plus+<\/a>\n<\/li>\n<li><a href=\"#el-final-de-la-nba-cambio-su-papel-en-movistar-plus\">El final de la NBA cambi\u00f3 su papel en Movistar Plus+<\/a>\n<\/li>\n<li><a href=\"#onda-cero-ya-contacto-con-daimiel-en-2021\">Onda Cero ya contact\u00f3 con Daimiel en 2021<\/a>\n<\/li>\n<\/ol>\n<p><strong>Antoni Daimiel ha comenzado a recibir ofertas de televisi\u00f3n y radio<\/strong> pocos d\u00edas despu\u00e9s de anunciar el final de su relaci\u00f3n laboral con Movistar Plus+. Fuentes del sector consultadas por Confidencial Digital explican que se han producido varios movimientos para conocer su disponibilidad y plantearle proyectos.<\/p>\n<p>El periodista no tiene previsto tomar una decisi\u00f3n de forma inmediata. Seg\u00fan ha podido saber este medio, <strong>Daimiel se dar\u00e1 un plazo aproximado de dos semanas para estudiar las propuestas<\/strong>, conocer las condiciones y decidir qu\u00e9 tipo de proyecto quiere afrontar tras salir de la compa\u00f1\u00eda en la que trabaj\u00f3 durante 36 a\u00f1os.<\/p>\n<p>Su marcha de Movistar Plus+ se produjo de mutuo acuerdo. Ahora abre una etapa en la que puede valorar proyectos de televisi\u00f3n, radio y otros formatos, aunque con una condici\u00f3n que afecta a las retransmisiones de baloncesto.<\/p>\n<p>Antoni Daimiel no podr\u00e1 comentar baloncesto en televisi\u00f3n durante dos a\u00f1os<\/p>\n<p>Daimiel ha explicado en una entrevista concedida a SPORT que todav\u00eda no tiene decidido su futuro ni mantiene una preferencia por un medio determinado. El periodista continuar\u00e1 participando en el p\u00f3dcast <strong>\u00ab3+1\u00bb<\/strong>, dedicado a la NBA, porque mantener este proyecto fue una de las condiciones que plante\u00f3 durante la negociaci\u00f3n de su salida.<\/p>\n<p>El acuerdo alcanzado con <a href=\"https:\/\/www.elconfidencialdigital.com\/tags\/movistar-plus\/\" rel=\"nofollow noopener\" target=\"_blank\">Movistar Plus+<\/a> incluye tambi\u00e9n una limitaci\u00f3n: <strong>durante dos a\u00f1os no puede realizar determinadas actividades relacionadas con el baloncesto en televisi\u00f3n<\/strong>.<\/p>\n<p>Esta cl\u00e1usula reduce la posibilidad de que se incorpore a corto plazo a las retransmisiones de la NBA de DAZN o Prime Video. Sin embargo, no le impide estudiar programas de radio, espacios de actualidad deportiva, entrevistas, reportajes, f\u00fatbol u otros contenidos televisivos que no entren dentro de esa restricci\u00f3n.<\/p>\n<p>Daimiel sostiene que elegir\u00e1 en funci\u00f3n del proyecto y de sus propias condiciones. Despu\u00e9s de tres d\u00e9cadas vinculado a la NBA, el comunicador quiere analizar cada propuesta antes de cerrar su siguiente destino.<\/p>\n<p>Una salida despu\u00e9s de 36 a\u00f1os en Canal+ y Movistar Plus+<\/p>\n<p>La relaci\u00f3n de Antoni Daimiel con la compa\u00f1\u00eda comenz\u00f3 el <strong>15 de septiembre de 1990<\/strong>, durante el nacimiento de Canal+. Entr\u00f3 como becario y trabaj\u00f3 como redactor y reportero en programas como \u00abEl tercer tiempo\u00bb y \u00abEl d\u00eda despu\u00e9s\u00bb.<\/p>\n<p>En 1995 empez\u00f3 a comentar la NBA. Su primera cobertura desde Estados Unidos fue el All-Star de San Antonio de 1996, donde form\u00f3 pareja con Andr\u00e9s Montes. Ambos compartieron las retransmisiones durante una d\u00e9cada, hasta que Montes se incorpor\u00f3 a La Sexta en 2006.<\/p>\n<p>Daimiel continu\u00f3 en Canal+ y posteriormente en Movistar Plus+. Durante esta etapa trabaj\u00f3 junto a David Carnicero, Nikola Loncar, Piti Hurtado y Guille Gim\u00e9nez. Tambi\u00e9n particip\u00f3 en \u00abInforme Robinson\u00bb, \u00abEspa\u00f1oles NBA\u00bb y \u00abGeneraci\u00f3n NBA\u00bb.<\/p>\n<p>Entre 2016 y 2018 regres\u00f3 a <strong>\u00abEl d\u00eda despu\u00e9s\u00bb como presentador<\/strong>, m\u00e1s de 25 a\u00f1os despu\u00e9s de haber comenzado en el programa como reportero.<\/p>\n<p>El final de la NBA cambi\u00f3 su papel en Movistar Plus+<\/p>\n<p>Movistar Plus+ perdi\u00f3 los derechos de la NBA a partir de <a href=\"https:\/\/www.elconfidencialdigital.com\/articulo\/medios\/antoni-daimiel-queda-movistar-plus-rechaza-comentar-nba-dazn-amazon-prime\/20251003050000982506.html\" rel=\"nofollow noopener\" target=\"_blank\">la temporada 2025-2026<\/a>. La competici\u00f3n pas\u00f3 a emitirse en Espa\u00f1a a trav\u00e9s de <strong>Prime Video y DAZN<\/strong>, despu\u00e9s de 30 temporadas con Daimiel como uno de sus comentaristas.<\/p>\n<p>El periodista recibi\u00f3 contactos de ambas plataformas, pero decidi\u00f3 permanecer entonces en Movistar Plus+. La compa\u00f1\u00eda lo incorpor\u00f3 junto a Guille Gim\u00e9nez a la se\u00f1al Multic\u00e1mara de LaLiga, donde comentaron partidos de f\u00fatbol durante la \u00faltima temporada.<\/p>\n<p>El 27 de agosto de 2026, Daimiel anunci\u00f3 que dejaba la empresa. En su mensaje explic\u00f3 que hab\u00eda estado vinculado a ella durante 36 a\u00f1os y la defini\u00f3 como la compa\u00f1\u00eda de su vida.<\/p>\n<p>No es la primera vez que su nombre aparece relacionado con otros medios. En 2021, <strong>Onda Cero contact\u00f3 con Daimiel para conocer su disposici\u00f3n a asumir la noche deportiva<\/strong> tras la retirada de Jos\u00e9 Ram\u00f3n de la Morena.<\/p>\n<p>El propio periodista confirm\u00f3 que hubo un primer acercamiento, aunque el tanteo no avanz\u00f3. Tambi\u00e9n se hab\u00eda mencionado su nombre en relaci\u00f3n con RTVE, pero no llegaron a producirse contactos.<\/p>\n","protected":false},"excerpt":{"rendered":"Antoni Daimiel no podr\u00e1 comentar baloncesto en televisi\u00f3n durante dos a\u00f1os Una salida despu\u00e9s de 36 a\u00f1os en&hellip;\n","protected":false},"author":2,"featured_media":746043,"comment_status":"","ping_status":"","sticky":false,"template":"","format":"standard","meta":{"footnotes":""},"categories":[269],"tags":[299,298,634,168,4007,25,24,1878,1725,2151,23,167],"class_list":["post-746042","post","type-post","status-publish","format-standard","has-post-thumbnail","category-baloncesto","tag-baloncesto","tag-basketball","tag-deporte","tag-deportes","tag-destacado","tag-es","tag-espana","tag-movistar-plus","tag-nba","tag-periodismo","tag-spain","tag-sports"],"share_on_mastodon":{"url":"https:\/\/pubeurope.com\/@es\/117208882370482235","error":""},"_links":{"self":[{"href":"https:\/\/www.europesays.com\/es\/wp-json\/wp\/v2\/posts\/746042","targetHints":{"allow":["GET"]}}],"collection":[{"href":"https:\/\/www.europesays.com\/es\/wp-json\/wp\/v2\/posts"}],"about":[{"href":"https:\/\/www.europesays.com\/es\/wp-json\/wp\/v2\/types\/post"}],"author":[{"embeddable":true,"href":"https:\/\/www.europesays.com\/es\/wp-json\/wp\/v2\/users\/2"}],"replies":[{"embeddable":true,"href":"https:\/\/www.europesays.com\/es\/wp-json\/wp\/v2\/comments?post=746042"}],"version-history":[{"count":0,"href":"https:\/\/www.europesays.com\/es\/wp-json\/wp\/v2\/posts\/746042\/revisions"}],"wp:featuredmedia":[{"embeddable":true,"href":"https:\/\/www.europesays.com\/es\/wp-json\/wp\/v2\/media\/746043"}],"wp:attachment":[{"href":"https:\/\/www.europesays.com\/es\/wp-json\/wp\/v2\/media?parent=746042"}],"wp:term":[{"taxonomy":"category","embeddable":true,"href":"https:\/\/www.europesays.com\/es\/wp-json\/wp\/v2\/categories?post=746042"},{"taxonomy":"post_tag","embeddable":true,"href":"https:\/\/www.europesays.com\/es\/wp-json\/wp\/v2\/tags?post=746042"}],"curies":[{"name":"wp","href":"https:\/\/api.w.org\/{rel}","templated":true}]}}